{"id":13854,"date":"2026-06-05T15:21:26","date_gmt":"2026-06-05T12:21:26","guid":{"rendered":"https:\/\/imgist.ru\/odin-iz-samyh-yaryh-kritikov-trampa-sluchajno-poluchil-priglashenie-na-vecherinku-po-sluchayu-dnya-rozhdeniya-ufc-i-vy-nikogda-ne-dogadaetes-pochemu\/"},"modified":"2026-06-05T15:21:26","modified_gmt":"2026-06-05T12:21:26","slug":"lun-des-plus-fervents-detracteurs-de-trump-a-recu-par-erreur-une-invitation-a-la-fete-danniversaire-de-lufc-et-vous-nimaginez-jamais-pourquoi","status":"publish","type":"post","link":"https:\/\/imgist.ru\/fr\/odin-iz-samyh-yaryh-kritikov-trampa-sluchajno-poluchil-priglashenie-na-vecherinku-po-sluchayu-dnya-rozhdeniya-ufc-i-vy-nikogda-ne-dogadaetes-pochemu\/","title":{"rendered":"L&#039;un des plus virulents d\u00e9tracteurs de Trump a \u00e9t\u00e9 invit\u00e9 par erreur \u00e0 la f\u00eate d&#039;anniversaire de l&#039;UFC \u2014 et vous n&#039;imaginez jamais pourquoi."},"content":{"rendered":"<p>En mars dernier, Jon Favreau, animateur du podcast Pod Save America, a eu l&#039;agr\u00e9able surprise d&#039;apprendre qu&#039;il figurait parmi les quelques privil\u00e9gi\u00e9s invit\u00e9s au combat UFC du pr\u00e9sident Donald Trump sur la pelouse sud de la Maison-Blanche. Mais il y avait un probl\u00e8me\u00a0: ils avaient invit\u00e9 le mauvais Jon Favreau.<\/p>\n<p> \u00ab Je vais vous lire \u00e0 voix haute un courriel que j&#039;ai re\u00e7u le 25 mars \u00bb, a d\u00e9clar\u00e9 Favreau dans une vid\u00e9o publi\u00e9e sur X. \u00ab Il provient de TKO Events et son objet est UFC Freedom 250 : &quot;John, nous sommes honor\u00e9s de vous inviter \u00e0 l&#039;UFC Freedom 250 le dimanche 14 juin, pour une soir\u00e9e sp\u00e9ciale en l&#039;honneur de notre pays.&quot; \u201e.<\/p>\n<p> <strong>Politique : \u00ab Idiocratie \u00bb totale : le projet insens\u00e9 de Trump pour un \u00e9v\u00e9nement \u00e0 la Maison Blanche suscite la pol\u00e9mique.<\/strong><\/p>\n<p> L&#039;ancien r\u00e9dacteur de discours d&#039;Obama a apparemment \u00e9t\u00e9 surpris par l&#039;invitation, compte tenu de ses critiques fr\u00e9quentes \u00e0 l&#039;\u00e9gard de Trump et du fait qu&#039;il a cofond\u00e9 sa soci\u00e9t\u00e9, Crooked Media, en r\u00e9action \u00e0 la premi\u00e8re victoire \u00e9lectorale de Trump.<\/p>\n<p> Favreau a rapidement compris que TKO Group Holdings, la soci\u00e9t\u00e9 m\u00e8re de l&#039;UFC, cherchait probablement \u00e0 contacter l&#039;acteur et r\u00e9alisateur d&#039;Iron Man, Jon Favreau. Mais cela ne l&#039;a pas emp\u00each\u00e9 d&#039;accepter l&#039;invitation.<\/p>\n<p> \u00ab Les possibilit\u00e9s \u00e9taient infinies, alors j&#039;ai confirm\u00e9 ma participation. Le 2 avril, j&#039;ai re\u00e7u un autre message\u00a0: \u201e\u00a0Votre billet pour l&#039;UFC Freedom 250 \u00e0 Washington, D.C., le 14 juin, est confirm\u00e9.\u00a0\u201c J&#039;ai commenc\u00e9 \u00e0 planifier\u2026 J&#039;ai achet\u00e9 un billet pour Washington \u00bb, a d\u00e9clar\u00e9 Favreau.<\/p>\n<p> Cependant, ce revirement de situation inattendu s&#039;est av\u00e9r\u00e9 trop beau pour \u00eatre vrai, car TKO Events s&#039;est rapidement rendu compte de son erreur apr\u00e8s que Favreau a fourni son nom l\u00e9gal complet lors de l&#039;\u00e9mission du billet.<\/p>\n<p> <strong>Sports : Une star des sports de combat a violemment critiqu\u00e9 l&#039;\u00e9v\u00e9nement UFC organis\u00e9 par Trump \u00e0 la Maison Blanche dans une tirade injurieuse.<\/strong><\/p>\n<p> \u00ab J\u2019ai donn\u00e9 mon vrai nom\u00a0: Jonathan Edward Favreau, et la seule diff\u00e9rence entre moi et l\u2019autre Jon Favreau, ce sont nos deuxi\u00e8mes pr\u00e9noms. Le sien est Jon K. Favreau, et le mien est Jon E \u00bb, a d\u00e9clar\u00e9 Favreau.<\/p>\n<p> \u00ab Nous vous pr\u00e9sentons nos plus sinc\u00e8res excuses, mais nous venons de constater un malentendu concernant l&#039;attribution des invitations pour l&#039;UFC Freedom 250 du 14 juin. Par cons\u00e9quent, nous n&#039;avons malheureusement pas pu vous accueillir. Nous vous prions de bien vouloir accepter nos excuses pour la g\u00eane occasionn\u00e9e. Nous vous remercions de votre compr\u00e9hension et esp\u00e9rons vous revoir lors d&#039;un prochain \u00e9v\u00e9nement \u00bb, a d\u00e9clar\u00e9 Favreau dans un courriel ult\u00e9rieur.<\/p>\n<p> \u00ab Merde, j&#039;\u00e9tais si pr\u00e8s. Ils m&#039;ont attrap\u00e9 \u00bb, a-t-il poursuivi.<\/p>\n<p> Il a ajout\u00e9 que s&#039;il \u00e9tait toujours invit\u00e9 \u00e0 l&#039;\u00e9v\u00e9nement, il garderait sa visite \u00e0 la Maison Blanche secr\u00e8te jusqu&#039;\u00e0 son d\u00e9part en toute s\u00e9curit\u00e9.<\/p>\n<p> <strong>Politique : Le S\u00e9nat adopte une loi sur l&#039;immigration, les tentatives de fermeture du fonds secret de Trump \u00e9chouent : diffusions en direct.<\/strong><\/p>\n<p> Les repr\u00e9sentants de TKO n&#039;ont pas imm\u00e9diatement r\u00e9pondu \u00e0 une demande de commentaires concernant les d\u00e9clarations de Favreau.<\/p>\n<p> <em>Cet article vous a plu\u00a0? Soutenez le journalisme ind\u00e9pendant. Soutenez le HuffPost.<\/em><\/p>\n<h3> Actualit\u00e9s politiques<\/h3>\n<ul>\n<li>\n<p> \u00ab\u00a0Fait l\u2019objet d\u2019une enqu\u00eate\u00a0\u00bb\u00a0: Trump s\u2019en prend violemment aux \u00e9lections californiennes dans une crise de col\u00e8re nocturne.<\/p>\n<\/li>\n<li>\n<p> Jill Biden a parl\u00e9 en toute franchise d&#039;un moment extr\u00eamement g\u00eanant survenu dans le cort\u00e8ge de Melania Trump.<\/p>\n<\/li>\n<li>\n<p> Voici la liste des c\u00e9l\u00e9brit\u00e9s invit\u00e9es \u00e0 l&#039;\u00e9v\u00e9nement UFC de Donald Trump \u00e0 la Maison Blanche.<\/p>\n<\/li>\n<\/ul>\n<p> <strong>Lisez l&#039;article original sur HuffPost.<\/strong><\/p>","protected":false},"excerpt":{"rendered":"<p>En mars, Jon Favreau, animateur du podcast \u00ab Pod Save America \u00bb, a eu l&#039;agr\u00e9able surprise d&#039;apprendre qu&#039;il figurait parmi les quelques personnes invit\u00e9es au combat du pr\u00e9sident Donald Trump\u2026<\/p>","protected":false},"author":1,"featured_media":13855,"comment_status":"open","ping_status":"closed","sticky":false,"template":"","format":"standard","meta":{"footnotes":""},"categories":[5],"tags":[],"class_list":["post-13854","post","type-post","status-publish","format-standard","has-post-thumbnail","hentry","category-selebriti","hvn-theme-has-thumbnail"],"_links":{"self":[{"href":"https:\/\/imgist.ru\/fr\/wp-json\/wp\/v2\/posts\/13854","targetHints":{"allow":["GET"]}}],"collection":[{"href":"https:\/\/imgist.ru\/fr\/wp-json\/wp\/v2\/posts"}],"about":[{"href":"https:\/\/imgist.ru\/fr\/wp-json\/wp\/v2\/types\/post"}],"author":[{"embeddable":true,"href":"https:\/\/imgist.ru\/fr\/wp-json\/wp\/v2\/users\/1"}],"replies":[{"embeddable":true,"href":"https:\/\/imgist.ru\/fr\/wp-json\/wp\/v2\/comments?post=13854"}],"version-history":[{"count":0,"href":"https:\/\/imgist.ru\/fr\/wp-json\/wp\/v2\/posts\/13854\/revisions"}],"wp:featuredmedia":[{"embeddable":true,"href":"https:\/\/imgist.ru\/fr\/wp-json\/wp\/v2\/media\/13855"}],"wp:attachment":[{"href":"https:\/\/imgist.ru\/fr\/wp-json\/wp\/v2\/media?parent=13854"}],"wp:term":[{"taxonomy":"category","embeddable":true,"href":"https:\/\/imgist.ru\/fr\/wp-json\/wp\/v2\/categories?post=13854"},{"taxonomy":"post_tag","embeddable":true,"href":"https:\/\/imgist.ru\/fr\/wp-json\/wp\/v2\/tags?post=13854"}],"curies":[{"name":"wp","href":"https:\/\/api.w.org\/{rel}","templated":true}]}}