{"id":14347,"date":"2026-06-05T19:18:39","date_gmt":"2026-06-05T16:18:39","guid":{"rendered":"https:\/\/imgist.ru\/sara-barelles-dolzhna-byla-perezhit-gore-neudachnyj-opyt-eko-i-ispolzovanie-donorskoj-yajczekletki-eto-budet-ne-moya\/"},"modified":"2026-08-29T12:13:18","modified_gmt":"2026-08-29T09:13:18","slug":"sara-barelles-a-du-surmonter-le-chagrin-dune-fiv-infructueuse-et-du-recours-a-un-don-dovocytes-ce-ne-sera-pas-le-mien","status":"publish","type":"post","link":"https:\/\/imgist.ru\/fr\/sara-barelles-dolzhna-byla-perezhit-gore-neudachnyj-opyt-eko-i-ispolzovanie-donorskoj-yajczekletki-eto-budet-ne-moya\/","title":{"rendered":"Sara Bareilles a \" d\u00fb faire son deuil \" : une exp\u00e9rience de FIV rat\u00e9e et le recours \u00e0 un \" don d&#039;ovocytes \" : \" Ce ne sera pas le mien. \"."},"content":{"rendered":"<h3>\u00c0 SAVOIR<\/h3>\n<ul>\n<li>\n<p> Dans son nouveau documentaire, Sara Bareilles r\u00e9v\u00e8le pourquoi elle a d\u00fb \u00ab vraiment faire son deuil \u00bb apr\u00e8s l&#039;\u00e9chec d&#039;une tentative de FIV.<\/p>\n<\/li>\n<li>\n<p> \u00ab Nous essayons depuis deux ans \u00bb, admet la chanteuse et actrice dans la chanson. <em>Bon sang !.<\/em><\/p>\n<\/li>\n<li>\n<p> Premi\u00e8re du film <em>\u00abBon sang\u00bb<\/em> Le film a \u00e9t\u00e9 pr\u00e9sent\u00e9 en avant-premi\u00e8re au Festival du film de Tribeca le jeudi 4 juin.<\/p>\n<\/li>\n<\/ul>\n<p> Dans son nouveau documentaire, Sara Bareilles a r\u00e9v\u00e9l\u00e9 qu&#039;elle avait \u00ab d\u00fb faire face \u00e0 beaucoup de chagrin \u00bb apr\u00e8s l&#039;\u00e9chec de sa tentative de FIV.<\/p>\n<p> <em>\u0412<\/em> Le jeudi 4 juin, la premi\u00e8re a eu lieu au Festival du film de Tribeca. <em>film Good Grief<\/em> , qui d\u00e9taille la cr\u00e9ation du premier album de la star en sept ans <em>Filles5Eva,<\/em> et aussi comment elle fait face aux diff\u00e9rents types de pertes qu&#039;elle a d\u00fb endurer.<\/p>\n<p> Bareilles, 46 ans, se confie \u00e0 ses coll\u00e8gues de studio sur son parcours pour concevoir un enfant et explique qu&#039;elle et son mari, Joe Tippett, essaient d&#039;avoir des enfants depuis deux ans.<\/p>\n<p> Puis, \u00e9mue, Bareilles explique qu&#039;elle a essay\u00e9 de tomber enceinte \u00e0 plusieurs reprises par FIV, mais sans succ\u00e8s.<\/p>\n<p> La chanteuse de \u00ab Love Song \u00bb s&#039;est alors montr\u00e9e \u00e9mue, r\u00e9v\u00e9lant que le recours \u00e0 une \u00ab donneuse d&#039;ovules \u00bb \u00e9tait \u00ab la prochaine \u00e9tape \u00bb.<\/p>\n<p> \u00ab J\u2019ai vraiment d\u00fb traverser l\u2019amertume du fait que\u2026 que \u00e7a ne se passerait pas <em>le mien<\/em> \u00bb\u00a0\u00bb, admet Bareilles dans le documentaire.<\/p>\n<p> Mais cela l&#039;a amen\u00e9e \u00e0 r\u00e9fl\u00e9chir \u00e0 la \u00ab grandeur de l&#039;amour \u00bb et \u00e0 la fa\u00e7on dont l&#039;amour est \u00ab suffisamment grand pour accueillir de nombreuses formes, tailles et mani\u00e8res dont les choses se manifestent \u00bb. <\/p>\n<p> Joe Tippett et Sara Bareilles \u00e0 Hollywood, en Californie, en f\u00e9vrier 2026. Photo : Valerie Macon\/AFP via Getty.<\/p>\n<p> Dans une interview accord\u00e9e \u00e0 la publication <em>Vari\u00e9t\u00e9<\/em> Le 4 juin, Bareilles a expliqu\u00e9 comment elle avait r\u00e9ussi \u00e0 montrer aux t\u00e9l\u00e9spectateurs sa vuln\u00e9rabilit\u00e9 dans le documentaire.<\/p>\n<p> \u00ab Le deuil a \u00e9t\u00e9 une v\u00e9ritable le\u00e7on de vie pour moi \u00bb, a-t-elle confi\u00e9 au magazine. \u00ab J&#039;ai l&#039;impression d&#039;avoir travers\u00e9 une sorte de transition, d&#039;un &quot;avant&quot; \u00e0 un &quot;apr\u00e8s&quot;. \u00ab.<\/p>\n<p> <strong>Ne manquez aucune actualit\u00e9 - abonnez-vous \u00e0<\/strong> <strong>newsletter quotidienne gratuite PEOPLE<\/strong> <strong>, pour rester au courant des meilleures actualit\u00e9s de PEOPLE, des nouvelles des c\u00e9l\u00e9brit\u00e9s aux histoires humaines les plus touchantes.<\/strong><\/p>\n<p> Bareilles a d\u00e9clar\u00e9 qu&#039;au cours de la derni\u00e8re p\u00e9riode de sa vie, elle avait ressenti un \u00ab effet domino : des probl\u00e8mes de sant\u00e9 mentale, la mort de plusieurs amis, la lutte pour survivre et un deuil qui a submerg\u00e9 le pays \u00bb.<\/p>\n<p> \u00ab Je ne pense pas \u00eatre la seule \u00e0 ressentir ce sentiment de d\u00e9sorientation et de d\u00e9stabilisation. Je ne sais pas comment l&#039;expliquer autrement. C&#039;est comme si c&#039;\u00e9tait exactement ce que la situation voulait \u00eatre \u00bb, a-t-elle d\u00e9clar\u00e9.<\/p>\n<p> Plus t\u00f4t cette semaine, Bareilles a annonc\u00e9 la sortie de son nouvel album <em>Bon sang<\/em> sortira le 28 ao\u00fbt.<\/p>\n<p> \u00ab L\u2019ensemble de ces chansons m\u2019a davantage donn\u00e9 l\u2019impression de transmettre des informations que de tenter d\u00e9lib\u00e9r\u00e9ment de comprendre le monde \u00bb, a-t-elle d\u00e9clar\u00e9 dans un communiqu\u00e9 de presse \u00e0 l\u2019\u00e9poque, ajoutant que son \u00ab plus grand espoir \u00bb \u00e9tait que l\u2019album \u00ab apporte une forme de r\u00e9confort ou de catharsis \u00bb.<\/p>\n<p> Lisez l&#039;article original sur People.<\/p>","protected":false},"excerpt":{"rendered":"<p>\u00c0 SAVOIR : Dans son nouveau documentaire, Sara Bareilles explique pourquoi elle a d\u00fb \u00ab\u00a0faire un v\u00e9ritable deuil\u00a0\u00bb apr\u00e8s l&#039;\u00e9chec d&#039;une tentative de FIV. \u00ab\u00a0Nous essayions depuis deux ans\u2026\u00a0\u00bb<\/p>","protected":false},"author":1,"featured_media":14348,"comment_status":"open","ping_status":"closed","sticky":false,"template":"","format":"standard","meta":{"footnotes":""},"categories":[5],"tags":[],"class_list":["post-14347","post","type-post","status-publish","format-standard","has-post-thumbnail","hentry","category-selebriti","hvn-theme-has-thumbnail"],"_links":{"self":[{"href":"https:\/\/imgist.ru\/fr\/wp-json\/wp\/v2\/posts\/14347","targetHints":{"allow":["GET"]}}],"collection":[{"href":"https:\/\/imgist.ru\/fr\/wp-json\/wp\/v2\/posts"}],"about":[{"href":"https:\/\/imgist.ru\/fr\/wp-json\/wp\/v2\/types\/post"}],"author":[{"embeddable":true,"href":"https:\/\/imgist.ru\/fr\/wp-json\/wp\/v2\/users\/1"}],"replies":[{"embeddable":true,"href":"https:\/\/imgist.ru\/fr\/wp-json\/wp\/v2\/comments?post=14347"}],"version-history":[{"count":1,"href":"https:\/\/imgist.ru\/fr\/wp-json\/wp\/v2\/posts\/14347\/revisions"}],"predecessor-version":[{"id":157592,"href":"https:\/\/imgist.ru\/fr\/wp-json\/wp\/v2\/posts\/14347\/revisions\/157592"}],"wp:featuredmedia":[{"embeddable":true,"href":"https:\/\/imgist.ru\/fr\/wp-json\/wp\/v2\/media\/14348"}],"wp:attachment":[{"href":"https:\/\/imgist.ru\/fr\/wp-json\/wp\/v2\/media?parent=14347"}],"wp:term":[{"taxonomy":"category","embeddable":true,"href":"https:\/\/imgist.ru\/fr\/wp-json\/wp\/v2\/categories?post=14347"},{"taxonomy":"post_tag","embeddable":true,"href":"https:\/\/imgist.ru\/fr\/wp-json\/wp\/v2\/tags?post=14347"}],"curies":[{"name":"wp","href":"https:\/\/api.w.org\/{rel}","templated":true}]}}