{"id":14895,"date":"2026-06-05T23:20:25","date_gmt":"2026-06-05T20:20:25","guid":{"rendered":"https:\/\/imgist.ru\/na-novyh-fotografiyah-eppl-martin-podrazhaet-svoej-mame-gvinet-peltrou-rezvo-rezvyas\/"},"modified":"2026-08-29T12:14:45","modified_gmt":"2026-08-29T09:14:45","slug":"sur-de-nouvelles-photos-apple-martin-taquine-sa-mere-gvinet-peltrou-et-rezvo-rezvyas","status":"publish","type":"post","link":"https:\/\/imgist.ru\/fr\/na-novyh-fotografiyah-eppl-martin-podrazhaet-svoej-mame-gvinet-peltrou-rezvo-rezvyas\/","title":{"rendered":"Sur de nouvelles photos, Apple Martin imite sa m\u00e8re Gwyneth Paltrow en \u00abgambadant\u00bb."},"content":{"rendered":"<h3>\u00c0 SAVOIR<\/h3>\n<ul>\n<li>\n<p> Apple Martin a rendu hommage \u00e0 sa m\u00e8re, Gwyneth Paltrow, et est le portrait crach\u00e9 de la laur\u00e9ate d&#039;un Oscar sur une s\u00e9rie de photos estivales publi\u00e9es sur Instagram.<\/p>\n<\/li>\n<li>\n<p> En mai, la jeune femme de 22 ans a f\u00eat\u00e9 l&#039;obtention de son dipl\u00f4me de l&#039;universit\u00e9 Vanderbilt.<\/p>\n<\/li>\n<li>\n<p> Il a \u00e9t\u00e9 r\u00e9cemment annonc\u00e9 que Martin fera ses d\u00e9buts au cin\u00e9ma dans la prochaine com\u00e9die de Nancy Meyers.<\/p>\n<\/li>\n<\/ul>\n<p> Apple Martin est le portrait crach\u00e9 de sa m\u00e8re, Gwyneth Paltrow.<\/p>\n<p> La fille de 22 ans de l&#039;actrice et de Chris Martin a partag\u00e9 quelques photos d&#039;\u00e9t\u00e9 sur Instagram le jeudi 4 juin.<\/p>\n<p> Sur les photos, Apple est appuy\u00e9e contre un mur rocheux, v\u00eatue d&#039;une robe babydoll blanche \u00e0 manches courtes. Elle porte \u00e9galement un sac \u00e0 main en cuir marron et des lunettes de soleil noires. Ses cheveux blonds, coiff\u00e9s sur le c\u00f4t\u00e9, encadrent son visage.<\/p>\n<p> \u00ab Je m\u2019amuse bien \u2600\ufe0f\u2728\u2728\u2728\u2728 \u00bb, a-t-elle \u00e9crit en l\u00e9gende de la publication.<\/p>\n<p> Il a \u00e9t\u00e9 r\u00e9cemment annonc\u00e9 que le mannequin, fra\u00eechement dipl\u00f4m\u00e9e de l&#039;universit\u00e9 Vanderbilt, fera ses d\u00e9buts au cin\u00e9ma dans la prochaine com\u00e9die de Nancy Meyers. Le film est r\u00e9alis\u00e9 par <em>\u00abPi\u00e8ges<\/em> Pour <em>parents&quot;\u00bb<\/em> , est de nature semi-autobiographique.<\/p>\n<p> Lundi 18 mai, Deadline a annonc\u00e9 qu&#039;elle avait d\u00e9croch\u00e9 un r\u00f4le aux c\u00f4t\u00e9s de Tony Hale dans la s\u00e9rie <em>\u00abArrested Development<\/em> \u00bbet Beverly D&#039;Angelo, star <em>film \u00ab National Lampoon&#039;s Vacation \u00bb<\/em> .<\/p>\n<p> Il s&#039;agissait du premier r\u00f4le d&#039;Apple apr\u00e8s son apparition dans un \u00e9pisode de la s\u00e9rie. <em>\u00abCoq\u00bb<\/em> sur HBO. Elle a auparavant \u00e9t\u00e9 mannequin pour des marques telles que Chlo\u00e9 et Gap.<\/p>\n<p> La premi\u00e8re du film, qui sera la premi\u00e8re \u0153uvre de Myers apr\u00e8s <em>\u00ab Le Stagiaire \u00bb 2015,<\/em> pr\u00e9vu pour le 25 d\u00e9cembre 2027.<\/p>\n<p> Le film met \u00e9galement en vedette Pen\u00e9lope Cruz, Kieran Culkin, Erin Doherty, Jude Law et Owen Wilson. Comme pour nombre de ses films, Myers en sera le sc\u00e9nariste et le r\u00e9alisateur. <\/p>\n<p> Gwyneth Paltrow et Apple Martin. Photo\u00a0: Neil Rasmus\/BFA.com\/Shutterstock<\/p>\n<p> Martin avait initialement pr\u00e9vu de faire des \u00e9tudes de droit, mais en f\u00e9vrier, lors d&#039;une interview <em>Vogue<\/em> Elle a d\u00e9clar\u00e9 vouloir d\u00e9sormais suivre les traces de sa m\u00e8re, apr\u00e8s avoir surmont\u00e9 sa \u00ab p\u00e9riode de r\u00e9bellion o\u00f9 elle disait : &#039;Je ne veux pas \u00eatre comme mes parents&#039; \u201e.<\/p>\n<p> \u00ab Je ne veux pas \u00eatre chanteuse \u00bb, a-t-elle d\u00e9clar\u00e9, tout en pr\u00e9cisant qu&#039;elle aimait chanter, comme son p\u00e8re, le chanteur de Coldplay. \u00ab J&#039;adore les com\u00e9dies musicales, mais monter seule sur sc\u00e8ne pour chanter, c&#039;est tellement intimidant. \u00bb.<\/p>\n<p> \u00ab J&#039;adore danser et j&#039;adore jouer la com\u00e9die \u00bb, a-t-elle poursuivi. \u00ab Mon r\u00eave est de devenir actrice. \u00bb.<\/p>\n<p> <strong>Ne manquez aucune actualit\u00e9 - abonnez-vous \u00e0<\/strong> <strong>newsletter quotidienne gratuite PEOPLE<\/strong> <strong>, pour rester au courant des meilleures actualit\u00e9s de PEOPLE, des nouvelles des c\u00e9l\u00e9brit\u00e9s aux histoires humaines les plus touchantes.<\/strong><\/p>\n<p> En mars, Apple a c\u00e9l\u00e9br\u00e9 ses d\u00e9buts \u00e0 la mise en sc\u00e8ne en tant que directrice d&#039;une com\u00e9die musicale \u00e0 l&#039;universit\u00e9 Vanderbilt dans une publication Instagram Stories, en partageant des photos du tournage.<\/p>\n<p> \u00ab&quot;Meilleur week-end, meilleures personnes, meilleure organisation, meilleurs souvenirs \u2764\ufe0f&quot;, a-t-elle \u00e9crit au-dessus des photos, en identifiant le groupe de th\u00e9\u00e2tre cabaret de son \u00e9cole dans sa publication.<\/p>\n<p> La troupe de th\u00e9\u00e2tre de l&#039;\u00e9cole a republi\u00e9 le message d&#039;Apple, en y ajoutant son propre message pour remercier leur metteur en sc\u00e8ne et c\u00e9l\u00e9brer ce moment.<\/p>\n<p> \u00ab La r\u00e9alisatrice n&#039;aurait pas pu mieux dire \u2764\ufe0f \u00bb, ont-ils ajout\u00e9.<\/p>\n<p> Lisez l&#039;article original sur People.<\/p>","protected":false},"excerpt":{"rendered":"<p>\u00c0 SAVOIR\u00a0: Apple Martin a pris les traits de sa m\u00e8re, Gwyneth Paltrow, et est le portrait crach\u00e9 de l\u2019actrice oscaris\u00e9e sur une s\u00e9rie de photos estivales publi\u00e9es dans\u2026<\/p>","protected":false},"author":1,"featured_media":14896,"comment_status":"open","ping_status":"closed","sticky":false,"template":"","format":"standard","meta":{"footnotes":""},"categories":[5],"tags":[],"class_list":["post-14895","post","type-post","status-publish","format-standard","has-post-thumbnail","hentry","category-selebriti","hvn-theme-has-thumbnail"],"_links":{"self":[{"href":"https:\/\/imgist.ru\/fr\/wp-json\/wp\/v2\/posts\/14895","targetHints":{"allow":["GET"]}}],"collection":[{"href":"https:\/\/imgist.ru\/fr\/wp-json\/wp\/v2\/posts"}],"about":[{"href":"https:\/\/imgist.ru\/fr\/wp-json\/wp\/v2\/types\/post"}],"author":[{"embeddable":true,"href":"https:\/\/imgist.ru\/fr\/wp-json\/wp\/v2\/users\/1"}],"replies":[{"embeddable":true,"href":"https:\/\/imgist.ru\/fr\/wp-json\/wp\/v2\/comments?post=14895"}],"version-history":[{"count":1,"href":"https:\/\/imgist.ru\/fr\/wp-json\/wp\/v2\/posts\/14895\/revisions"}],"predecessor-version":[{"id":158314,"href":"https:\/\/imgist.ru\/fr\/wp-json\/wp\/v2\/posts\/14895\/revisions\/158314"}],"wp:featuredmedia":[{"embeddable":true,"href":"https:\/\/imgist.ru\/fr\/wp-json\/wp\/v2\/media\/14896"}],"wp:attachment":[{"href":"https:\/\/imgist.ru\/fr\/wp-json\/wp\/v2\/media?parent=14895"}],"wp:term":[{"taxonomy":"category","embeddable":true,"href":"https:\/\/imgist.ru\/fr\/wp-json\/wp\/v2\/categories?post=14895"},{"taxonomy":"post_tag","embeddable":true,"href":"https:\/\/imgist.ru\/fr\/wp-json\/wp\/v2\/tags?post=14895"}],"curies":[{"name":"wp","href":"https:\/\/api.w.org\/{rel}","templated":true}]}}