{"id":15124,"date":"2026-06-06T01:20:06","date_gmt":"2026-06-05T22:20:06","guid":{"rendered":"https:\/\/imgist.ru\/hose-andres-rasskazal-chto-ego-druzya-megan-markl-i-princz-garri-vedut-sebya-kak-i-vse-ostalnye-semi-eksklyuziv\/"},"modified":"2026-08-29T12:15:16","modified_gmt":"2026-08-29T09:15:16","slug":"dans-une-interview-semi-exclusive-harry-andres-a-revele-que-ses-amis-meghan-markle-et-le-prince-harry-se-comportent-comme-tout-le-monde","status":"publish","type":"post","link":"https:\/\/imgist.ru\/fr\/hose-andres-rasskazal-chto-ego-druzya-megan-markl-i-princz-garri-vedut-sebya-kak-i-vse-ostalnye-semi-eksklyuziv\/","title":{"rendered":"Jos\u00e9 Andr\u00e9s affirme que ses amis Meghan Markle et le prince Harry se comportent \u00ab comme toutes les autres familles \u00bb (exclusif)."},"content":{"rendered":"<h3>\u00c0 SAVOIR<\/h3>\n<ul>\n<li>\n<p> Jos\u00e9 Andr\u00e9s a r\u00e9v\u00e9l\u00e9 comment Meghan Markle et le prince Harry se r\u00e9unissent dans la cuisine comme n&#039;importe quelle autre famille.<\/p>\n<\/li>\n<li>\n<p> Le chef a salu\u00e9 l&#039;engagement caritatif du couple, notamment leur travail avec son organisation \u00e0 but non lucratif, World Central Kitchen.<\/p>\n<\/li>\n<li>\n<p> Le prince Harry a apport\u00e9 son soutien \u00e0 Andres lors de la soir\u00e9e de lancement de son livre de cuisine, \u00ab Spain My Way \u00bb, qui, selon Andres, vise \u00e0 faire d\u00e9couvrir la cuisine espagnole au grand public.<\/p>\n<\/li>\n<\/ul>\n<p> Jos\u00e9 Andr\u00e9s parle de son amiti\u00e9 avec Meghan Markle et le prince Harry.<\/p>\n<p> Le chef de 56 ans, connu pour ses cr\u00e9ations culinaires, a confi\u00e9 \u00e0 PEOPLE comment lui et sa femme tissent des liens comme n&#039;importe quelle autre famille, tout en discutant de son nouveau livre de cuisine. <em>\u00ab L&#039;Espagne \u00e0 mon avis \u00bb<\/em> .<\/p>\n<p> \u00ab Ils ont transform\u00e9 leur cuisine en un lieu de rassemblement, comme n&#039;importe quelle autre famille \u00bb, a d\u00e9clar\u00e9 le chef \u00e0 propos de ses amis.<\/p>\n<p> \u00ab J&#039;adore la fa\u00e7on dont Meghan interagit avec ses enfants et sa fa\u00e7on d&#039;aborder la nourriture \u00bb, a-t-il ajout\u00e9.<\/p>\n<p> Andr\u00e9s est devenu le h\u00e9ros de la s\u00e9rie de la duchesse de Sussex.\u00ab <em>Avec tout mon amour, Megan\u00bb<\/em> sur Netflix. Dans le dernier \u00e9pisode de la saison 2, Megan a r\u00e9v\u00e9l\u00e9 que son mari n&#039;aimait pas un certain type de fruits de mer.<\/p>\n<p> \u00ab Tu sais qui n&#039;aime pas le homard ? Mon mari \u00bb, a dit Megan \u00e0 Andres. <\/p>\n<p> Jos\u00e9 Andr\u00e9s et Meghan Markle dans \u00ab Love, Megan \u00bb. Photo courtoisie de Netflix.<\/p>\n<p> \u00ab Et tu l&#039;as quand m\u00eame \u00e9pous\u00e9 ? \u00bb a r\u00e9torqu\u00e9 Andres en plaisantant, ce qui a fait rire Megan.<\/p>\n<p> Le chef a confi\u00e9 \u00e0 PEOPLE que rencontrer Meghan et le prince Harry n&#039;\u00e9tait pas diff\u00e9rent de rencontrer n&#039;importe qui d&#039;autre.<\/p>\n<p> \u00ab Quand on se voit ou qu&#039;on discute, on parle des m\u00eames choses que tout le monde, pas vrai ? La vie, la famille, les bons moments, un nouveau plat, un nouveau restaurant \u00bb, a-t-il expliqu\u00e9.<\/p>\n<p> Le chef est ami avec le duc et la duchesse de Sussex depuis plusieurs ann\u00e9es.<\/p>\n<p> Son organisation \u00e0 but non lucratif, World Central Kitchen, est devenue le premier partenaire d&#039;Archewell Philanthropies, que le couple a fond\u00e9e apr\u00e8s s&#039;\u00eatre retir\u00e9 de ses fonctions royales en 2020.<\/p>\n<p> Andres a d\u00e9crit comment World Central Kitchen, une organisation qui fournit de la nourriture aux communaut\u00e9s touch\u00e9es par des catastrophes naturelles, achemine rapidement de la nourriture et de l&#039;eau en situation d&#039;urgence gr\u00e2ce \u00e0 une assistance sur le terrain.<\/p>\n<p> \u00ab C\u2019est dans les moments les plus difficiles de la vie humaine que se r\u00e9v\u00e8lent les plus belles qualit\u00e9s de l\u2019humanit\u00e9 \u00bb, a-t-il d\u00e9clar\u00e9 \u00e0 propos de l\u2019organisation, qui existe depuis 16 ans.<\/p>\n<p> Il a d\u00e9clar\u00e9 que lors de catastrophes naturelles, il re\u00e7oit souvent des appels ou des messages du duc et de la duchesse de Sussex lui demandant : \u00ab Que pouvons-nous faire et pouvons-nous vous aider ? \u00bb <\/p>\n<p> Le prince Harry a assist\u00e9 au lancement du livre de Jos\u00e9 Andr\u00e9s le 27 mai. Photo\u00a0: Groupe Jos\u00e9 Andr\u00e9s<\/p>\n<p> \u00ab Personne n&#039;est au courant de ces moments, et pourtant \u00e7a arrive souvent, tout le temps \u00bb, a-t-il d\u00e9clar\u00e9.<\/p>\n<p> Suite aux incendies de for\u00eat en Californie en janvier 2025, Harry et Meghan ont apport\u00e9 leur soutien aux efforts de secours de l&#039;organisation en visitant son centre de Pasadena pour distribuer de la nourriture et des articles de premi\u00e8re n\u00e9cessit\u00e9 aux personnes touch\u00e9es par l&#039;incendie d&#039;Eaton, et en remerciant les \u00e9quipes de secours avec Andres sur les sites de distribution alimentaire.<\/p>\n<p> \u00ab Ils s&#039;int\u00e9ressent toujours \u00e0 tout ce qui se passe dans le monde. Ils n&#039;y sont pas oblig\u00e9s \u00bb, a d\u00e9clar\u00e9 Andres. \u00ab Ils le font par sinc\u00e9rit\u00e9, parce qu&#039;ils se soucient des autres. \u00bb.<\/p>\n<p> Il a ajout\u00e9 avoir beaucoup appr\u00e9ci\u00e9 la visite du prince Harry en Ukraine en avril. Le duc de Sussex s&#039;\u00e9tait rendu dans le pays pour mettre en lumi\u00e8re le travail des personnes venant en aide aux bless\u00e9s et aux anciens combattants, et pour prendre la parole lors d&#039;une conf\u00e9rence sp\u00e9ciale sur la s\u00e9curit\u00e9.<\/p>\n<p> Sa fondation Invictus Games est active en Ukraine, o\u00f9 elle apporte son aide aux v\u00e9t\u00e9rans et aux militaires bless\u00e9s, malades ou invalides pendant leur convalescence.<\/p>\n<p> \u00ab Peu de gens font \u00e7a \u00bb, a d\u00e9clar\u00e9 le chef \u00e0 propos de la visite du prince Harry.<\/p>\n<p> Il a ajout\u00e9 \u00e0 propos du couple : \u00ab Ils vivent peut-\u00eatre dans le confort de leur maison, mais j&#039;admire le fait qu&#039;ils soient pr\u00e9sents m\u00eame quand personne ne les regarde, ils veulent simplement faire partie de la solution. \u00bb.<\/p>\n<p> \u00ab C\u2019est pourquoi je suis si fier de les appeler mes amis \u00bb, a-t-il d\u00e9clar\u00e9, ajoutant qu\u2019il respectait le couple pour \u00eatre toujours sous les feux des projecteurs tout en menant une vie \u00ab ordinaire \u00bb.<\/p>\n<p> Le prince Harry a r\u00e9cemment fait une apparition publique en solo pour soutenir Andr\u00e9s lors de la soir\u00e9e de lancement de son livre de cuisine \u00e0 Los Angeles le 27 mai. Le chef a publi\u00e9 le livre <em>L&#039;Espagne \u00e0 ma fa\u00e7on<\/em> , un recueil de recettes espagnoles, 19 mai.<\/p>\n<p> Andres a d\u00e9clar\u00e9 que le livre combine ce qu&#039;il \u00ab fait un peu bien, \u00e0 savoir la cuisine espagnole et l&#039;art de raconter des histoires \u00bb.<\/p>\n<p> \u00ab Promouvoir l&#039;Espagne et la cuisine espagnole a toujours \u00e9t\u00e9 pour moi une sorte de mission personnelle \u00bb, a-t-il d\u00e9clar\u00e9.<\/p>\n<p> \u00ab La cuisine espagnole, plus que toute autre, est avant tout un mode de vie \u00bb, a-t-il d\u00e9clar\u00e9. \u00ab Les tapas sont un mode de vie en Espagne. \u00bb.<\/p>\n<p> Le chef a mis en avant la diversit\u00e9 des ingr\u00e9dients et des traditions culinaires des diff\u00e9rentes r\u00e9gions d&#039;Espagne.<\/p>\n<p> \u00ab Cette diversit\u00e9 est unique pour un si petit pays, elle est tr\u00e8s, tr\u00e8s sp\u00e9ciale et tr\u00e8s significative \u00bb, a-t-il d\u00e9clar\u00e9.<\/p>\n<p> Lisez l&#039;article original sur People.<\/p>","protected":false},"excerpt":{"rendered":"<p>\u00c0 SAVOIR : Jos\u00e9 Andr\u00e9s a r\u00e9v\u00e9l\u00e9 comment Meghan Markle et le prince Harry se retrouvent en cuisine, comme n&#039;importe quelle autre famille. Le chef a salu\u00e9 l&#039;engagement caritatif du couple\u2026<\/p>","protected":false},"author":1,"featured_media":15125,"comment_status":"open","ping_status":"closed","sticky":false,"template":"","format":"standard","meta":{"footnotes":""},"categories":[5],"tags":[],"class_list":["post-15124","post","type-post","status-publish","format-standard","has-post-thumbnail","hentry","category-selebriti","hvn-theme-has-thumbnail"],"_links":{"self":[{"href":"https:\/\/imgist.ru\/fr\/wp-json\/wp\/v2\/posts\/15124","targetHints":{"allow":["GET"]}}],"collection":[{"href":"https:\/\/imgist.ru\/fr\/wp-json\/wp\/v2\/posts"}],"about":[{"href":"https:\/\/imgist.ru\/fr\/wp-json\/wp\/v2\/types\/post"}],"author":[{"embeddable":true,"href":"https:\/\/imgist.ru\/fr\/wp-json\/wp\/v2\/users\/1"}],"replies":[{"embeddable":true,"href":"https:\/\/imgist.ru\/fr\/wp-json\/wp\/v2\/comments?post=15124"}],"version-history":[{"count":2,"href":"https:\/\/imgist.ru\/fr\/wp-json\/wp\/v2\/posts\/15124\/revisions"}],"predecessor-version":[{"id":158580,"href":"https:\/\/imgist.ru\/fr\/wp-json\/wp\/v2\/posts\/15124\/revisions\/158580"}],"wp:featuredmedia":[{"embeddable":true,"href":"https:\/\/imgist.ru\/fr\/wp-json\/wp\/v2\/media\/15125"}],"wp:attachment":[{"href":"https:\/\/imgist.ru\/fr\/wp-json\/wp\/v2\/media?parent=15124"}],"wp:term":[{"taxonomy":"category","embeddable":true,"href":"https:\/\/imgist.ru\/fr\/wp-json\/wp\/v2\/categories?post=15124"},{"taxonomy":"post_tag","embeddable":true,"href":"https:\/\/imgist.ru\/fr\/wp-json\/wp\/v2\/tags?post=15124"}],"curies":[{"name":"wp","href":"https:\/\/api.w.org\/{rel}","templated":true}]}}