{"id":15346,"date":"2026-06-06T04:13:36","date_gmt":"2026-06-06T01:13:36","guid":{"rendered":"https:\/\/imgist.ru\/raspisanie-vyhoda-seriala-mys-straha-novye-serii-filma-budut-vyhodit-do-iyulya\/"},"modified":"2026-06-06T04:13:36","modified_gmt":"2026-06-06T01:13:36","slug":"calendrier-de-diffusion-de-la-serie-mys-straha-de-nouveaux-episodes-seront-diffuses-jusquen-juillet","status":"publish","type":"post","link":"https:\/\/imgist.ru\/fr\/raspisanie-vyhoda-seriala-mys-straha-novye-serii-filma-budut-vyhodit-do-iyulya\/","title":{"rendered":"Calendrier de diffusion de Cape Fear\u00a0: de nouveaux \u00e9pisodes seront diffus\u00e9s jusqu\u2019en juillet."},"content":{"rendered":"<p>Thriller psychologique <em>\u00abCape Fear\u00bb<\/em> Elle revient, cette fois sous forme de s\u00e9rie pour les plateformes de streaming, avec Amy Adams, Javier Bardem et Patrick Wilson.<\/p>\n<p> La s\u00e9rie Cape Fear, bas\u00e9e sur le roman de 1957 de John D. MacDonald <em>\u00abLes bourreaux\u00bb<\/em> et des sc\u00e9narios pour la version \u00ab <em>Les Nerfs du Cap\u00bb<\/em> 1962 (avec Robert Mitchum, Gregory Peck et Polly Bergen) et son remake de 1991 (avec Robert De Niro, Nick Nolte et Jessica Lange) <em>principal<\/em> avec la distribution), est sorti sur Apple TV vendredi.<\/p>\n<p> FORBES | Tim Lammers : Le box-office de \u00ab Behind the Scenes \u00bb devrait chuter de 671 000 milliards de dollars lors de son deuxi\u00e8me week-end.<\/p>\n<p> Dans cette s\u00e9rie, le pass\u00e9 rattrape Tom et Anna Bowden (Wilson et Adams), un couple d&#039;avocats mari\u00e9s, lorsque Max Cady (Bardem), le psychopathe violent qu&#039;ils avaient contribu\u00e9 \u00e0 faire incarc\u00e9rer 17 ans auparavant, s&#039;\u00e9vade. D\u00e8s qu&#039;il retrouve les Bowden, Cady terrorise le couple et leurs deux enfants, tout en parvenant \u00e0 \u00e9chapper \u00e0 la justice \u00e0 chaque \u00e9tape.<\/p>\n<p> Dans la premi\u00e8re saison de la s\u00e9rie <em>\u00abCape Fear\u00bb<\/em> On retrouve \u00e9galement au casting Lily Colias et Joe Anders dans les r\u00f4les des enfants de Bowden, Natalie et Zach, et C.C. Pounder dans celui du coll\u00e8gue d&#039;Anna, Noah Toussaint.<\/p>\n<p> Dans une interview accord\u00e9e \u00e0 la publication <em>USA Today,<\/em> \u00c0 propos de son r\u00f4le de Cady dans la s\u00e9rie de films Cape Fear, Bardem a admis avoir initialement h\u00e9sit\u00e9 avant d&#039;accepter le r\u00f4le, rendu c\u00e9l\u00e8bre par Robert Mitchum en 1962 puis port\u00e9 \u00e0 de nouveaux sommets par De Niro trois d\u00e9cennies plus tard.<\/p>\n<p> FORBES | Tim Lammers : Pourquoi l&#039;histoire de Musclor ne contribuera pas au succ\u00e8s du premier week-end des Ma\u00eetres de l&#039;Univers<\/p>\n<p> \u00ab Au d\u00e9but, je me suis dit : \u201eJe ne vais m\u00eame pas y toucher\u201c \u00bb, a d\u00e9clar\u00e9 Bardem \u00e0 la publication. <em>USA Today<\/em> . \u201e C&#039;est un look tellement embl\u00e9matique et intemporel. \u201c.<\/p>\n<p> Cependant, apr\u00e8s avoir visionn\u00e9 le documentaire <em>\u00abLa cr\u00e9ation de Cape Fear\u00bb<\/em> , \u00c9voquant la version de 1991 du film r\u00e9alis\u00e9e par Martin Scorsese, Bardem a pris les paroles du cin\u00e9aste l\u00e9gendaire tr\u00e8s au s\u00e9rieux. \u00ab Il a dit : \u201eTous les 30 ans, cette histoire doit \u00eatre refaite pour une nouvelle g\u00e9n\u00e9ration\u201c \u00bb, se souvient Bardem dans une interview. <em>USA Today<\/em> . \u201e Et je me suis dit : &quot;Waouh, \u00e7a fait exactement 30 ans. C&#039;est une version compl\u00e8tement nouvelle.&quot; Alors j&#039;ai accept\u00e9. \u201c.<\/p>\n<h2> La s\u00e9rie \u00ab Cape Fear \u00bb est lanc\u00e9e avec un avant-go\u00fbt de deux \u00e9pisodes.<\/h2>\n<p> S\u00e9rie <em>\u00abCape Fear,<\/em> Cr\u00e9\u00e9e par Nick Antosca et produite par Martin Scorsese et Steven Spielberg, la s\u00e9rie diffusera ses deux premiers \u00e9pisodes sur 10 vendredi sur Apple TV.<\/p>\n<p> De nouveaux \u00e9pisodes seront diffus\u00e9s chaque vendredi jusqu&#039;au 31 juillet. Voici le calendrier de diffusion des \u00e9pisodes, y compris les premi\u00e8res diffusions du vendredi. <em>s\u00e9rie \u00ab Les Nerfs \u00e0 vif \u00bb<\/em> :<\/p>\n<ul>\n<li>\n<p> \u00c9pisode 1 : <em>Doigts et orteils<\/em> - 5 juin<\/p>\n<\/li>\n<li>\n<p> \u00c9pisode 2 : <em>Pourquoi devrais-je te faire du mal ?<\/em> - 5 juin<\/p>\n<\/li>\n<li>\n<p> \u00c9pisode 3 <em>Sensations fantomatiques<\/em> - 12 juin<\/p>\n<\/li>\n<li>\n<p> \u00c9pisode 4\u00a0: Titre \u00e0 venir \u2013 19 juin<\/p>\n<\/li>\n<li>\n<p> \u00c9pisode 5\u00a0: Titre \u00e0 venir \u2013 26 juin<\/p>\n<\/li>\n<\/ul>\n<p> FORBES | Tim Lammers : La date de sortie en streaming de Whiplash a \u00e9t\u00e9 abandonn\u00e9e au profit d&#039;un d\u00e9lai plus long entre la sortie en salles et la disponibilit\u00e9 \u00e0 la demande (PVOD).<\/p>\n<ul>\n<li>\n<p> \u00c9pisode 6\u00a0: Titre \u00e0 venir \u2013 3 juillet<\/p>\n<\/li>\n<li>\n<p> \u00c9pisode 7\u00a0: Titre \u00e0 venir \u2013 10 juillet<\/p>\n<\/li>\n<li>\n<p> \u00c9pisode 8\u00a0: Titre \u00e0 venir \u2013 17 juillet<\/p>\n<\/li>\n<li>\n<p> \u00c9pisode 9\u00a0: Titre \u00e0 venir \u2013 24 juillet<\/p>\n<\/li>\n<li>\n<p> \u00c9pisode 10\u00a0: Titre \u00e0 venir \u2013 31 juillet<\/p>\n<\/li>\n<\/ul>\n<p> Nouveaux \u00e9pisodes de la premi\u00e8re saison de la s\u00e9rie <em>\u00abCape Fear\u00bb<\/em> sera diffus\u00e9 tous les vendredis \u00e0 3h00 HE \/ 17h00 HP.<\/p>\n<p> FORBES | Tim Lammers | \u00ab\u00a0Dans les coulisses\u00a0: le streaming. Pourquoi les gros succ\u00e8s au box-office vont probablement modifier la strat\u00e9gie PVOD d&#039;A24.\u00a0\u00bb.<\/p>\n<p> <em>Cet article a \u00e9t\u00e9 initialement publi\u00e9 sur Forbes.com.<\/em><\/p>","protected":false},"excerpt":{"rendered":"<p>Le thriller psychologique Cape Fear fait son retour, cette fois sous forme de s\u00e9rie pour les plateformes de streaming, avec Amy Adams, Javier Bardem et Patrick Wilson.<\/p>","protected":false},"author":1,"featured_media":15347,"comment_status":"open","ping_status":"closed","sticky":false,"template":"","format":"standard","meta":{"footnotes":""},"categories":[6],"tags":[],"class_list":["post-15346","post","type-post","status-publish","format-standard","has-post-thumbnail","hentry","category-kinoindustriya","hvn-theme-has-thumbnail"],"_links":{"self":[{"href":"https:\/\/imgist.ru\/fr\/wp-json\/wp\/v2\/posts\/15346","targetHints":{"allow":["GET"]}}],"collection":[{"href":"https:\/\/imgist.ru\/fr\/wp-json\/wp\/v2\/posts"}],"about":[{"href":"https:\/\/imgist.ru\/fr\/wp-json\/wp\/v2\/types\/post"}],"author":[{"embeddable":true,"href":"https:\/\/imgist.ru\/fr\/wp-json\/wp\/v2\/users\/1"}],"replies":[{"embeddable":true,"href":"https:\/\/imgist.ru\/fr\/wp-json\/wp\/v2\/comments?post=15346"}],"version-history":[{"count":0,"href":"https:\/\/imgist.ru\/fr\/wp-json\/wp\/v2\/posts\/15346\/revisions"}],"wp:featuredmedia":[{"embeddable":true,"href":"https:\/\/imgist.ru\/fr\/wp-json\/wp\/v2\/media\/15347"}],"wp:attachment":[{"href":"https:\/\/imgist.ru\/fr\/wp-json\/wp\/v2\/media?parent=15346"}],"wp:term":[{"taxonomy":"category","embeddable":true,"href":"https:\/\/imgist.ru\/fr\/wp-json\/wp\/v2\/categories?post=15346"},{"taxonomy":"post_tag","embeddable":true,"href":"https:\/\/imgist.ru\/fr\/wp-json\/wp\/v2\/tags?post=15346"}],"curies":[{"name":"wp","href":"https:\/\/api.w.org\/{rel}","templated":true}]}}