{"id":15355,"date":"2026-06-06T04:15:13","date_gmt":"2026-06-06T01:15:13","guid":{"rendered":"https:\/\/imgist.ru\/dazhe-emili-v-parizhe-sela-na-poezd-shartrez\/"},"modified":"2026-08-29T12:15:47","modified_gmt":"2026-08-29T09:15:47","slug":"meme-emily-in-paris-sest-assise-dans-le-train-chartreuse","status":"publish","type":"post","link":"https:\/\/imgist.ru\/fr\/dazhe-emili-v-parizhe-sela-na-poezd-shartrez\/","title":{"rendered":"M\u00eame Emily in Paris a pris le train Chartreuse."},"content":{"rendered":"<p>\u00ab Hearst Magazines et Yahoo peuvent percevoir des commissions ou des revenus sur certains produits vendus via ces liens. \u00bb.<\/p>\n<p> Il semblerait qu&#039;Emily passe quelque temps loin de Paris cette saison. Pour le tournage d&#039;une sc\u00e8ne du sixi\u00e8me et dernier \u00e9pisode de la s\u00e9rie,\u00ab <em>\u00c9milie \u00e0 Paris\u00bb<\/em> La star Lily Collins s&#039;est rendue hier \u00e0 Monte-Carlo pour prendre des photos lors du Grand Prix de Formule 1 de Monaco.<\/p>\n<p> Gr\u00e2ce au travail de la costumi\u00e8re Marilyn Fitoussi, qui a \u00e9t\u00e9 \u00e0 la pointe des tendances mode de la s\u00e9rie depuis la premi\u00e8re saison (avec la participation de Patricia Field, qui a travaill\u00e9 sur les deux premi\u00e8res saisons), <em>\u00abSexe et la ville<\/em> \u00bb&quot;), nous sommes habitu\u00e9s \u00e0 l&#039;esth\u00e9tique maximaliste et color\u00e9e du personnage principal. <\/p>\n<p> Lily Collins tourne pour <em>\u00c9milie \u00e0 Paris,<\/em> \u00c0 Monaco, le 4 juin. Sam Bagnall \u2014 Getty Images<\/p>\n<p> De toute \u00e9vidence, Emily n&#039;a rien perdu de son sens du style et de sa fantaisie. Et \u00e0 en juger par son dernier look, elle ma\u00eetrise parfaitement les derni\u00e8res tendances.<\/p>\n<p> Alors que le vert citron continue de s&#039;imposer sur les podiums et dans le style des c\u00e9l\u00e9brit\u00e9s, le personnage de Collins adopte cette teinte. Aux courses hippiques, elle a \u00e9t\u00e9 aper\u00e7ue v\u00eatue d&#039;un blazer crois\u00e9 fluo \u00e0 revers pointus et \u00e0 la silhouette en sablier, port\u00e9 sur un haut et un short assortis. <\/p>\n<p> Sc\u00e8nes de la sixi\u00e8me et derni\u00e8re saison de la s\u00e9rie <em>\u00ab\u00c9milie \u00e0 Paris\u00bb<\/em> Film\u00e9e lors du Grand Prix de Monaco. Michael Potts \u2014 Getty Images<\/p>\n<p> Pour une touche de couleur suppl\u00e9mentaire, Collins portait \u00e9galement des chaussures Roger Vivier d&#039;un violet \u00e9clatant, et son sac \u00e9tait un kal\u00e9idoscope de couleurs. La pochette \u00e0 rabat \u00e9tait orn\u00e9e d&#039;imprim\u00e9s floraux violets m\u00eal\u00e9s \u00e0 des motifs vert citron, cr\u00e9ant un effet saisissant. Elle a ensuite enfil\u00e9 un casque de course, sans doute pour un court passage sur circuit. <\/p>\n<p> Collins a compl\u00e9t\u00e9 sa superbe tenue avec des talons violets. (Mark Sutton - Formule 1 - Getty Images)<\/p>\n<p> En mai, Netflix a annonc\u00e9 que la prochaine saison de la s\u00e9rie <em>\u00ab\u00c9milie \u00e0 Paris\u00bb<\/em> sera le dernier.<\/p>\n<p> \u00ab Cr\u00e9er une s\u00e9rie t\u00e9l\u00e9vis\u00e9e \u00bb <em>\u00ab\u00c9milie \u00e0 Paris\u00bb<\/em> \u00bb Avec cette \u00e9quipe et ces acteurs extraordinaires, ce fut une aventure inoubliable \u00ab, a d\u00e9clar\u00e9 Darren Starr, cr\u00e9ateur et showrunner, dans un communiqu\u00e9. \u00ab Alors que nous entamons cette ultime saison, je suis infiniment reconnaissant envers Netflix, Paramount et, surtout, envers les fans qui nous ont accompagn\u00e9s dans cette incroyable aventure. Nous avons h\u00e2te de partager ce dernier chapitre avec vous. Merci de nous avoir permis de faire partie de vos vies, d&#039;avoir inspir\u00e9 vos r\u00eaves de voyage et votre amour pour Paris. Nous serons toujours l\u00e0 pour vous. \u00bb <em>\u00ab\u00c9milie \u00e0 Paris<\/em> \u00bb!\u00bb<\/p>\n<p> <strong>Vous aimerez peut-\u00eatre aussi<\/strong><\/p>\n<ul>\n<li>\n<p> La carri\u00e8re photographique de Grace Jones<\/p>\n<\/li>\n<li>\n<p> L&#039;\u00e9volution du style de Michelle Pfeiffer au fil des ans<\/p>\n<\/li>\n<li>\n<p> L&#039;\u00e9volution du style de Goldie Hawn au fil des ans<\/p>\n<\/li>\n<\/ul>","protected":false},"excerpt":{"rendered":"<p>\u00ab Hearst Magazines et Yahoo peuvent percevoir des commissions ou des revenus sur certains produits vendus via ces liens. \u00bb Il semblerait qu&#039;Emily soit absente quelque temps cette saison\u2026<\/p>","protected":false},"author":1,"featured_media":15356,"comment_status":"open","ping_status":"closed","sticky":false,"template":"","format":"standard","meta":{"footnotes":""},"categories":[6],"tags":[],"class_list":["post-15355","post","type-post","status-publish","format-standard","has-post-thumbnail","hentry","category-kinoindustriya","hvn-theme-has-thumbnail"],"_links":{"self":[{"href":"https:\/\/imgist.ru\/fr\/wp-json\/wp\/v2\/posts\/15355","targetHints":{"allow":["GET"]}}],"collection":[{"href":"https:\/\/imgist.ru\/fr\/wp-json\/wp\/v2\/posts"}],"about":[{"href":"https:\/\/imgist.ru\/fr\/wp-json\/wp\/v2\/types\/post"}],"author":[{"embeddable":true,"href":"https:\/\/imgist.ru\/fr\/wp-json\/wp\/v2\/users\/1"}],"replies":[{"embeddable":true,"href":"https:\/\/imgist.ru\/fr\/wp-json\/wp\/v2\/comments?post=15355"}],"version-history":[{"count":3,"href":"https:\/\/imgist.ru\/fr\/wp-json\/wp\/v2\/posts\/15355\/revisions"}],"predecessor-version":[{"id":158781,"href":"https:\/\/imgist.ru\/fr\/wp-json\/wp\/v2\/posts\/15355\/revisions\/158781"}],"wp:featuredmedia":[{"embeddable":true,"href":"https:\/\/imgist.ru\/fr\/wp-json\/wp\/v2\/media\/15356"}],"wp:attachment":[{"href":"https:\/\/imgist.ru\/fr\/wp-json\/wp\/v2\/media?parent=15355"}],"wp:term":[{"taxonomy":"category","embeddable":true,"href":"https:\/\/imgist.ru\/fr\/wp-json\/wp\/v2\/categories?post=15355"},{"taxonomy":"post_tag","embeddable":true,"href":"https:\/\/imgist.ru\/fr\/wp-json\/wp\/v2\/tags?post=15355"}],"curies":[{"name":"wp","href":"https:\/\/api.w.org\/{rel}","templated":true}]}}