{"id":15928,"date":"2026-06-06T18:14:05","date_gmt":"2026-06-06T15:14:05","guid":{"rendered":"https:\/\/imgist.ru\/bill-maer-zhaluetsya-pensu-na-trampa-vy-dolzhny-soglashatsya-s-nim-na-100-inache-on-vas-voznenavidit\/"},"modified":"2026-06-06T18:14:05","modified_gmt":"2026-06-06T15:14:05","slug":"bill-maher-se-plaint-de-trump-aupres-de-pence-il-faut-etre-daccord-avec-lui-a-100-sinon-il-vous-detestera","status":"publish","type":"post","link":"https:\/\/imgist.ru\/fr\/bill-maer-zhaluetsya-pensu-na-trampa-vy-dolzhny-soglashatsya-s-nim-na-100-inache-on-vas-voznenavidit\/","title":{"rendered":"Bill Maher se plaint \u00e0 Pence \u00e0 propos de Trump : \u00ab Vous devez \u00eatre d&#039;accord avec lui \u00e0 100 % ou il vous d\u00e9testera ! \u00bb"},"content":{"rendered":"<p>Humoriste et commentateur politique <strong>Bill Maher<\/strong> je me suis plainte \u00e0 mon ex <strong>au vice-pr\u00e9sident<\/strong> <strong>\u00c0 Mike Pence<\/strong> que le pr\u00e9sident <strong>Donald Trump<\/strong> Il supporte mal la contradiction, quelles que soient les louanges qu&#039;on lui adresse.<\/p>\n<p> Dans l&#039;\u00e9pisode de vendredi de l&#039;\u00e9mission \u00bb <em>&quot;En temps r\u00e9el avec Bill Maher&quot; sur<\/em> L&#039;ancien invit\u00e9 de l&#039;interview sur la cha\u00eene HBO \u00e9tait <strong>vice-pr\u00e9sident<\/strong> <strong>Mike Pence<\/strong> , le 48e vice-pr\u00e9sident des \u00c9tats-Unis et auteur de Ce que croient les conservateurs : repenser la conscience conservatrice.<\/p>\n<p> Parmi les invit\u00e9s \u00e0 la discussion figuraient : <strong>S\u00e9nateur Chris Murphy<\/strong> , s\u00e9nateur d\u00e9mocrate du Connecticut et auteur du nouveau livre \u00ab Crise du bien commun : la lutte pour le sens et le lien social dans une Am\u00e9rique bris\u00e9e \u00bb ; et <strong>Susan Rice<\/strong> , ancien ambassadeur des \u00c9tats-Unis aupr\u00e8s des Nations Unies, ancien conseiller \u00e0 la s\u00e9curit\u00e9 nationale des \u00c9tats-Unis et ancien directeur du Conseil de politique int\u00e9rieure.<\/p>\n<p> Lors de son entretien avec Pence, Maher a poursuivi sa campagne visant \u00e0 convaincre le pr\u00e9sident qu&#039;il ne souffre pas du \u00ab syndrome d&#039;obsession Trump \u00bb :<\/p>\n<blockquote>\n<p> L&#039;ancien vice-pr\u00e9sident Mike Pence\u00a0: Je veux simplement que les gens sachent que, m\u00eame si l&#039;administration Trump a fait beaucoup de choses correctement, comme s\u00e9curiser la fronti\u00e8re et prolonger les r\u00e9ductions d&#039;imp\u00f4ts\u2026<\/p>\n<p> BILL MAHER : Et au fait, je disais que\u2026 Oui, il a dit dans l&#039;\u00e9mission qu&#039;il fallait \u00eatre d&#039;accord avec lui sur 100%, sinon il vous d\u00e9testerait. Vous savez, on finit par faire partie de ce truc que je comprends, \u00e0 savoir le syndrome Trump, o\u00f9 les gens d\u00e9testent tout.<\/p>\n<p> Il pourrait gu\u00e9rir le cancer demain et il y aurait encore des gens qui n&#039;aimeraient pas \u00e7a simplement parce qu&#039;il l&#039;aurait fait.<\/p>\n<p> Je suis d&#039;accord, la fronti\u00e8re devait \u00eatre r\u00e9par\u00e9e. Vous savez, je comprends.<\/p>\n<p> L&#039;ancien vice-pr\u00e9sident Mike Pence\u00a0: Les r\u00e9ductions d&#039;imp\u00f4t ont \u00e9t\u00e9 prolong\u00e9es.<\/p>\n<p> BILL MAHER : Eh bien, je ne sais pas trop.<\/p>\n<p> L&#039;ancien vice-pr\u00e9sident Mike Pence\u00a0: Et voyez, apr\u00e8s le 7 octobre, le candidat Trump puis le pr\u00e9sident Trump ont d\u00e9fendu Isra\u00ebl sans ambages et sont finalement devenus les premiers pr\u00e9sidents de l&#039;histoire \u00e0 dialoguer directement avec l&#039;Iran l&#039;an dernier et cette ann\u00e9e. C&#039;est louable.<\/p>\n<p> BILL MAHER : Je sais, et je l&#039;ai m\u00eame f\u00e9licit\u00e9. Le probl\u00e8me, c&#039;est qu&#039;il fait aussi d&#039;autres choses r\u00e9pr\u00e9hensibles. Et je ne cesserai de les d\u00e9noncer. Dodge, l&#039;Immigration et les Douanes, la corruption, sa vendetta, le rejet des r\u00e9sultats des \u00e9lections.<\/p>\n<p> Ce sont l\u00e0 les cinq points les plus importants. Il me semble\u2026 D\u00e9sol\u00e9, mais c&#039;est mon ressenti.<\/p>\n<\/blockquote>\n<p> Regardez la vid\u00e9o ci-dessus dans le programme <em>\u00abEn direct avec Bill Maher\u00bb<\/em> sur la cha\u00eene HBO.<\/p>\n<p> L&#039;article \u00ab Bill Maher se plaint \u00e0 Pence \u00e0 propos de Trump : &quot;Vous devez \u00eatre d&#039;accord avec lui \u00e0 100 %, sinon il vous d\u00e9teste !&quot; \u201e est paru initialement sur Mediaite.<\/p>","protected":false},"excerpt":{"rendered":"<p>L&#039;humoriste et commentateur politique Bill Maher s&#039;est plaint aupr\u00e8s de l&#039;ancien vice-pr\u00e9sident Mike Pence que le pr\u00e9sident Donald Trump n&#039;appr\u00e9cie gu\u00e8re la dissidence, quelle qu&#039;en soit la raison...<\/p>","protected":false},"author":1,"featured_media":15929,"comment_status":"open","ping_status":"closed","sticky":false,"template":"","format":"standard","meta":{"footnotes":""},"categories":[6],"tags":[],"class_list":["post-15928","post","type-post","status-publish","format-standard","has-post-thumbnail","hentry","category-kinoindustriya","hvn-theme-has-thumbnail"],"_links":{"self":[{"href":"https:\/\/imgist.ru\/fr\/wp-json\/wp\/v2\/posts\/15928","targetHints":{"allow":["GET"]}}],"collection":[{"href":"https:\/\/imgist.ru\/fr\/wp-json\/wp\/v2\/posts"}],"about":[{"href":"https:\/\/imgist.ru\/fr\/wp-json\/wp\/v2\/types\/post"}],"author":[{"embeddable":true,"href":"https:\/\/imgist.ru\/fr\/wp-json\/wp\/v2\/users\/1"}],"replies":[{"embeddable":true,"href":"https:\/\/imgist.ru\/fr\/wp-json\/wp\/v2\/comments?post=15928"}],"version-history":[{"count":0,"href":"https:\/\/imgist.ru\/fr\/wp-json\/wp\/v2\/posts\/15928\/revisions"}],"wp:featuredmedia":[{"embeddable":true,"href":"https:\/\/imgist.ru\/fr\/wp-json\/wp\/v2\/media\/15929"}],"wp:attachment":[{"href":"https:\/\/imgist.ru\/fr\/wp-json\/wp\/v2\/media?parent=15928"}],"wp:term":[{"taxonomy":"category","embeddable":true,"href":"https:\/\/imgist.ru\/fr\/wp-json\/wp\/v2\/categories?post=15928"},{"taxonomy":"post_tag","embeddable":true,"href":"https:\/\/imgist.ru\/fr\/wp-json\/wp\/v2\/tags?post=15928"}],"curies":[{"name":"wp","href":"https:\/\/api.w.org\/{rel}","templated":true}]}}