{"id":163166,"date":"2026-09-01T10:58:16","date_gmt":"2026-09-01T07:58:16","guid":{"rendered":"https:\/\/imgist.ru\/28-faktov-o-pape-ioanne-pavle-ii\/"},"modified":"2026-09-01T10:58:18","modified_gmt":"2026-09-01T07:58:18","slug":"28-faits-sur-le-pape-jean-paul-ii","status":"publish","type":"post","link":"https:\/\/imgist.ru\/fr\/28-faktov-o-pape-ioanne-pavle-ii\/","title":{"rendered":"28 faits sur le pape Jean-Paul II"},"content":{"rendered":"<p> <img loading=\"lazy\" decoding=\"async\" width=\"1600\" height=\"1200\" src=\"https:\/\/imgist.ru\/wp-content\/uploads\/2026\/09\/28-faktov-o-pape-ioanne-pavle-ii_6a968599a448f.jpeg\" alt=\"28 faits sur le pape Jean-Paul II\"> Source : Wikipedia.org<\/p>\n<p> Le pape Jean-Paul II, dont le nom est familier \u00e0 des millions de personnes, \u00e9tait non seulement un chef religieux, mais aussi une figure embl\u00e9matique mondiale. N\u00e9 en Pologne sous le nom de Karol J\u00f3zef Wojtycza, il devint le premier pape non italien depuis plus de 450 ans. Son pontificat, qui d\u00e9buta en 1978, fut marqu\u00e9 par son engagement en faveur des droits de l&#039;homme, du dialogue interreligieux et par son r\u00f4le d\u00e9terminant dans la chute du communisme en Europe de l&#039;Est. <strong>Saviez-vous qu&#039;avant de devenir pr\u00eatre, il \u00e9tait acteur ?<\/strong> Son amour du th\u00e9\u00e2tre et de la po\u00e9sie a fa\u00e7onn\u00e9 sa personnalit\u00e9 charismatique. Jean-Paul II a beaucoup voyag\u00e9, visitant 129 pays et diffusant des messages de paix et d&#039;unit\u00e9. <strong>Il fut \u00e9galement le pape ayant le plus voyag\u00e9 de l&#039;histoire.<\/strong> Sa canonisation en 2014 lui a valu le titre de saint, consacrant ainsi son h\u00e9ritage. D\u00e9couvrez 28 faits fascinants sur un homme dont l&#039;influence a transcend\u00e9 les fronti\u00e8res et les croyances.<\/p>\n<p> Sommaire 01 Premi\u00e8res ann\u00e9es et origines 02 Chemin vers le sacerdoce 03 L&#039;essor de l&#039;\u00c9glise 04 La papaut\u00e9 et l&#039;influence mondiale 05 H\u00e9ritage et influence 06 R\u00e9flexions sur l&#039;h\u00e9ritage du pape Jean-Paul II<\/p>\n<h2> Premi\u00e8res ann\u00e9es et origines<\/h2>\n<p> Le pape Jean-Paul II, n\u00e9 Karol J\u00f3zef Wojtycha, fut une figure historique remarquable. Son parcours, d&#039;une petite ville de Pologne \u00e0 la t\u00eate de l&#039;\u00c9glise catholique, est riche en d\u00e9tails fascinants.<\/p>\n<ol>\n<li>\n<p> <strong>Lieu de naissance<\/strong> Il est n\u00e9 le 18 mai 1920 \u00e0 Wadowice, petite ville de Pologne. Cette ville pittoresque est aujourd&#039;hui un lieu de p\u00e8lerinage pris\u00e9 des amoureux de son patrimoine.<\/p>\n<\/li>\n<li>\n<p> <strong>trag\u00e9die familiale<\/strong> \u00c0 21 ans, il avait perdu tous les membres de sa famille proche. Sa m\u00e8re \u00e9tait d\u00e9c\u00e9d\u00e9e alors qu&#039;il n&#039;avait que huit ans, son fr\u00e8re lorsqu&#039;il en avait douze et son p\u00e8re lorsqu&#039;il en avait vingt et un.<\/p>\n<\/li>\n<li>\n<p> <strong>Passion pour le th\u00e9\u00e2tre<\/strong> Avant d&#039;entrer au s\u00e9minaire, il \u00e9tait profond\u00e9ment impliqu\u00e9 dans la vie th\u00e9\u00e2trale. Il devint m\u00eame l&#039;un des fondateurs d&#039;une troupe de th\u00e9\u00e2tre clandestine pendant l&#039;occupation nazie de la Pologne.<\/p>\n<\/li>\n<li>\n<p> <strong>Ma\u00eetrise de plusieurs langues<\/strong> Il parlait couramment plusieurs langues, dont le polonais, l&#039;italien, le fran\u00e7ais, l&#039;allemand, l&#039;anglais, l&#039;espagnol, le portugais et le latin. Cette comp\u00e9tence lui permettait de communiquer avec des personnes du monde entier.<\/p>\n<\/li>\n<\/ol>\n<h2> Le chemin vers la pr\u00eatrise<\/h2>\n<p> Son chemin vers la pr\u00eatrise n&#039;a pas \u00e9t\u00e9 facile. Il a \u00e9t\u00e9 marqu\u00e9 par des difficult\u00e9s et un profond sentiment d&#039;appel.<\/p>\n<ol>\n<li>\n<p> <strong>S\u00e9minaire secret<\/strong> Pendant la Seconde Guerre mondiale, il \u00e9tudia dans un s\u00e9minaire clandestin \u00e0 Cracovie. C&#039;\u00e9tait une occupation dangereuse, car les nazis interdisaient l&#039;enseignement religieux.<\/p>\n<\/li>\n<li>\n<p> <strong>Ordination<\/strong> Il fut ordonn\u00e9 pr\u00eatre le 1er novembre 1946. Son ordination eut lieu dans la chapelle priv\u00e9e du cardinal Sapieha, qui fut pour lui un mentor important.<\/p>\n<\/li>\n<li>\n<p> <strong>Docteur en th\u00e9ologie<\/strong> Il a obtenu son doctorat en th\u00e9ologie \u00e0 l&#039;Universit\u00e9 pontificale Saint-Thomas-d&#039;Aquin de Rome. Sa th\u00e8se portait sur la th\u00e9ologie mystique de saint Jean de la Croix.<\/p>\n<\/li>\n<\/ol>\n<h2> L&#039;essor de l&#039;\u00c9glise<\/h2>\n<p> Son ascension au sein de l&#039;\u00c9glise catholique fut rapide et marqu\u00e9e par des r\u00e9alisations significatives.<\/p>\n<ol>\n<li>\n<p> <strong>Le plus jeune \u00e9v\u00eaque<\/strong> \u00c0 38 ans, il devint le plus jeune \u00e9v\u00eaque de Pologne. Son \u00e9nergie juv\u00e9nile et ses id\u00e9es novatrices firent de lui une figure populaire aupr\u00e8s du clerg\u00e9 et des la\u00efcs.<\/p>\n<\/li>\n<li>\n<p> <strong>Archev\u00eaque de Cracovie<\/strong> En 1964, il fut nomm\u00e9 archev\u00eaque de Cracovie. Son leadership durant cette p\u00e9riode a jou\u00e9 un r\u00f4le important dans le renforcement de la position de l&#039;\u00c9glise en Pologne communiste.<\/p>\n<\/li>\n<li>\n<p> <strong>Nomination comme cardinal<\/strong> Le pape Paul VI le cr\u00e9a cardinal en 1967, une fonction qui \u00e9largit consid\u00e9rablement son influence au sein de la communaut\u00e9 catholique mondiale.<\/p>\n<\/li>\n<\/ol>\n<h2> La papaut\u00e9 et l&#039;influence mondiale<\/h2>\n<p> Le pontificat du pape Jean-Paul II fut l&#039;un des plus longs de l&#039;histoire et eut un impact durable sur le monde.<\/p>\n<ol>\n<li>\n<p> <strong>Le premier pape d&#039;origine non italienne<\/strong> Il devint le premier pape non italien en 455 ans lorsqu&#039;il fut \u00e9lu le 16 octobre 1978. Son \u00e9lection marqua un tournant important dans l&#039;histoire de l&#039;\u00c9glise.<\/p>\n<\/li>\n<li>\n<p> <strong>Le pape ayant exerc\u00e9 le plus long mandat<\/strong> Son pontificat dura plus de 26 ans, ce qui fait de lui l&#039;un des papes au plus long r\u00e8gne de l&#039;histoire. Durant son r\u00e8gne, il effectua de nombreux voyages et mit en \u0153uvre diverses initiatives.<\/p>\n<\/li>\n<li>\n<p> <strong>Voyageur du monde<\/strong> Durant son pontificat, il visita 129 pays, ce qui lui valut le surnom de \u00ab pape p\u00e8lerin \u00bb. Ses voyages contribu\u00e8rent \u00e0 rapprocher les diff\u00e9rentes cultures et religions.<\/p>\n<\/li>\n<li>\n<p> <strong>Tentative de meurtre<\/strong> Le 13 mai 1981, il \u00e9chappa \u00e0 une tentative d&#039;assassinat sur la place Saint-Pierre. Fait remarquable, lors d&#039;une visite en prison, il pardonna \u00e0 son agresseur, Mehmet Ali Ajca.<\/p>\n<\/li>\n<li>\n<p> <strong>R\u00f4le dans la chute du communisme<\/strong> Son soutien au mouvement Solidarit\u00e9 en Pologne et ses appels \u00e0 la libert\u00e9 et aux droits de l&#039;homme ont jou\u00e9 un r\u00f4le d\u00e9cisif dans la chute du communisme en Europe de l&#039;Est.<\/p>\n<\/li>\n<li>\n<p> <strong>dialogue interreligieux<\/strong> Il \u00e9tait un fervent d\u00e9fenseur du dialogue interreligieux. Ses efforts ont notamment consist\u00e9 en des rencontres historiques avec des repr\u00e9sentants d&#039;autres religions, comme le juda\u00efsme et l&#039;islam.<\/p>\n<\/li>\n<\/ol>\n<h2> H\u00e9ritage et influence<\/h2>\n<p> L\u2019h\u00e9ritage du pape Jean-Paul II continue d\u2019influencer le monde de multiples fa\u00e7ons.<\/p>\n<ol>\n<li>\n<p> <strong>Canonisation des saints<\/strong> Il a canonis\u00e9 482 saints, plus que tous ses pr\u00e9d\u00e9cesseurs. Cela s&#039;inscrivait dans sa volont\u00e9 de souligner l&#039;appel universel \u00e0 la saintet\u00e9.<\/p>\n<\/li>\n<li>\n<p> <strong>Interaction avec les jeunes<\/strong> En 1985, il a institu\u00e9 les Journ\u00e9es mondiales de la jeunesse, qui continuent d&#039;inspirer les jeunes catholiques du monde entier. Son engagement aupr\u00e8s des jeunes a \u00e9t\u00e9 une caract\u00e9ristique marquante de son pontificat.<\/p>\n<\/li>\n<li>\n<p> <strong>Pr\u00e9senter mes excuses pour les erreurs pass\u00e9es<\/strong> Il a pr\u00e9sent\u00e9 plusieurs excuses pour les erreurs pass\u00e9es de l&#039;\u00c9glise, notamment son r\u00f4le dans l&#039;Inquisition et son traitement de Galil\u00e9e.<\/p>\n<\/li>\n<li>\n<p> <strong>Th\u00e9ologie du corps<\/strong> Son enseignement sur la sexualit\u00e9 humaine, connu sous le nom de \u00ab Th\u00e9ologie du corps \u00bb, a eu une profonde influence sur la pens\u00e9e et la pratique catholiques.<\/p>\n<\/li>\n<li>\n<p> <strong>b\u00e9atification et canonisation<\/strong> Il a \u00e9t\u00e9 b\u00e9atifi\u00e9 en 2011 et canonis\u00e9 en 2014, neuf ans seulement apr\u00e8s sa mort. Cette canonisation rapide t\u00e9moigne de sa grande popularit\u00e9 et de son influence consid\u00e9rable.<\/p>\n<\/li>\n<li>\n<p> <strong>Influence sur la culture populaire<\/strong> Sa vie et ses enseignements ont inspir\u00e9 de nombreux livres, films et documentaires. Son charisme a fait de lui une figure aim\u00e9e m\u00eame en dehors des cercles religieux.<\/p>\n<\/li>\n<li>\n<p> <strong>pr\u00e9sence sur les r\u00e9seaux sociaux<\/strong> Bien qu&#039;il soit d\u00e9c\u00e9d\u00e9 avant l&#039;av\u00e8nement des m\u00e9dias sociaux, ses enseignements et ses citations sont largement partag\u00e9s en ligne, continuant d&#039;inspirer les nouvelles g\u00e9n\u00e9rations.<\/p>\n<\/li>\n<li>\n<p> <strong>Protection des droits de l&#039;homme<\/strong> Il \u00e9tait un fervent d\u00e9fenseur des droits de l&#039;homme, d\u00e9non\u00e7ant fr\u00e9quemment la guerre, la pauvret\u00e9 et l&#039;injustice. Ses messages de paix et de compassion ont trouv\u00e9 un \u00e9cho dans le monde entier.<\/p>\n<\/li>\n<li>\n<p> <strong>probl\u00e8mes environnementaux<\/strong> Il fut l&#039;un des premiers papes \u00e0 aborder les questions environnementales, insistant sur la n\u00e9cessit\u00e9 d&#039;une attitude responsable envers la Terre.<\/p>\n<\/li>\n<li>\n<p> <strong>Initiatives \u00e9ducatives<\/strong> Il a fond\u00e9 plusieurs institutions \u00e9ducatives et initiatives visant \u00e0 promouvoir l&#039;apprentissage et le d\u00e9veloppement intellectuel au sein de l&#039;\u00c9glise.<\/p>\n<\/li>\n<li>\n<p> <strong>M\u00e9c\u00e9nat des arts<\/strong> Sa passion pour l&#039;art l&#039;a amen\u00e9 \u00e0 soutenir diverses initiatives artistiques au sein de l&#039;\u00e9glise. Il \u00e9tait convaincu que l&#039;art pouvait \u00eatre un puissant outil d&#039;\u00e9vang\u00e9lisation.<\/p>\n<\/li>\n<li>\n<p> <strong>modestie personnelle<\/strong> Malgr\u00e9 son influence mondiale, il est rest\u00e9 humble et accessible. Sa modestie et sa chaleur humaine l&#039;ont rendu cher \u00e0 des millions de personnes \u00e0 travers le monde.<\/p>\n<\/li>\n<\/ol>\n<h2> R\u00e9flexions sur l&#039;h\u00e9ritage du pape Jean-Paul II<\/h2>\n<p> Le pape Jean-Paul II a laiss\u00e9 une empreinte ind\u00e9l\u00e9bile sur le monde. <strong>influence<\/strong> sont all\u00e9s au-del\u00e0 <strong>\u00c9glise catholique<\/strong> , touchant d&#039;innombrables vies par ses messages <strong>paix<\/strong> \u0438 <strong>unit\u00e9<\/strong> . Il l&#039;\u00e9tait. <strong>pionnier<\/strong> en d\u00e9veloppement <strong>dialogue interreligieux<\/strong> , en \u00e9tablissant des contacts avec des personnes de diff\u00e9rents horizons <strong>religions<\/strong> \u0438 <strong>cultures<\/strong> . Son <strong>voyages<\/strong> dans plus de 100 pays a d\u00e9montr\u00e9 son engagement envers <strong>communication<\/strong> avec des personnes du monde entier. Le r\u00f4le de Jean-Paul II \u00e0 l&#039;automne <strong>communisme<\/strong> en Europe de l&#039;Est, notamment dans sa r\u00e9gion natale <strong>Pologne<\/strong> , est bien document\u00e9. Son <strong>enseignements<\/strong> \u00e0 propos de la dignit\u00e9 humaine, <strong>justice sociale<\/strong> \u0438 <strong>saintet\u00e9<\/strong> Leurs vies continuent d&#039;inspirer beaucoup de gens. Malgr\u00e9 <strong>probl\u00e8mes de sant\u00e9<\/strong> , il resta <strong>in\u00e9branlable<\/strong> dirigeant jusqu&#039;\u00e0 sa mort en 2005. <strong>canonisation<\/strong> en 2014, elle a \u00e9t\u00e9 encore renforc\u00e9e <strong>patrimoine<\/strong> . La vie et l&#039;\u0153uvre du pape Jean-Paul II nous rappellent le pouvoir <strong>foi<\/strong> , <strong>compassion<\/strong> \u0438 <strong>dialogue<\/strong> pour b\u00e2tir un monde meilleur.<\/p>\n<h3> Cette page vous a-t-elle \u00e9t\u00e9 utile\u00a0?<\/h3>\n<p> Notre travail repose sur un engagement \u00e0 fournir un contenu fiable et captivant. Chaque information pr\u00e9sente sur notre site est fournie par de v\u00e9ritables utilisateurs comme vous, offrant ainsi une exp\u00e9rience riche et vari\u00e9e. Afin de garantir les plus hauts standards d&#039;exactitude et de fiabilit\u00e9, nos r\u00e9dacteurs exp\u00e9riment\u00e9s examinent attentivement chaque contribution. Ce processus assure que les informations que nous partageons sont non seulement int\u00e9ressantes, mais aussi dignes de confiance. Faites confiance \u00e0 notre engagement envers la qualit\u00e9 et l&#039;authenticit\u00e9 lorsque vous explorez et apprenez avec nous.<\/p>\n<p> Partagez ce fait :<\/p>","protected":false},"excerpt":{"rendered":"<p>Source : Wikipedia.org Le pape Jean-Paul II, dont le nom est familier \u00e0 des millions de personnes, n&#039;\u00e9tait pas seulement un chef religieux, mais aussi une ic\u00f4ne mondiale. N\u00e9 en Pologne sous le nom de\u2026<\/p>","protected":false},"author":1,"featured_media":163167,"comment_status":"open","ping_status":"closed","sticky":false,"template":"","format":"standard","meta":{"footnotes":""},"categories":[5],"tags":[],"class_list":["post-163166","post","type-post","status-publish","format-standard","has-post-thumbnail","hentry","category-selebriti","hvn-theme-has-thumbnail"],"_links":{"self":[{"href":"https:\/\/imgist.ru\/fr\/wp-json\/wp\/v2\/posts\/163166","targetHints":{"allow":["GET"]}}],"collection":[{"href":"https:\/\/imgist.ru\/fr\/wp-json\/wp\/v2\/posts"}],"about":[{"href":"https:\/\/imgist.ru\/fr\/wp-json\/wp\/v2\/types\/post"}],"author":[{"embeddable":true,"href":"https:\/\/imgist.ru\/fr\/wp-json\/wp\/v2\/users\/1"}],"replies":[{"embeddable":true,"href":"https:\/\/imgist.ru\/fr\/wp-json\/wp\/v2\/comments?post=163166"}],"version-history":[{"count":1,"href":"https:\/\/imgist.ru\/fr\/wp-json\/wp\/v2\/posts\/163166\/revisions"}],"predecessor-version":[{"id":163168,"href":"https:\/\/imgist.ru\/fr\/wp-json\/wp\/v2\/posts\/163166\/revisions\/163168"}],"wp:featuredmedia":[{"embeddable":true,"href":"https:\/\/imgist.ru\/fr\/wp-json\/wp\/v2\/media\/163167"}],"wp:attachment":[{"href":"https:\/\/imgist.ru\/fr\/wp-json\/wp\/v2\/media?parent=163166"}],"wp:term":[{"taxonomy":"category","embeddable":true,"href":"https:\/\/imgist.ru\/fr\/wp-json\/wp\/v2\/categories?post=163166"},{"taxonomy":"post_tag","embeddable":true,"href":"https:\/\/imgist.ru\/fr\/wp-json\/wp\/v2\/tags?post=163166"}],"curies":[{"name":"wp","href":"https:\/\/api.w.org\/{rel}","templated":true}]}}