{"id":163196,"date":"2026-09-01T10:59:01","date_gmt":"2026-09-01T07:59:01","guid":{"rendered":"https:\/\/imgist.ru\/24-fakta-o-nelsone-mandele\/"},"modified":"2026-09-01T10:59:02","modified_gmt":"2026-09-01T07:59:02","slug":"24-faits-sur-nelsone-mandele","status":"publish","type":"post","link":"https:\/\/imgist.ru\/fr\/24-fakta-o-nelsone-mandele\/","title":{"rendered":"24 faits sur Nelson Mandela"},"content":{"rendered":"<p><img loading=\"lazy\" decoding=\"async\" width=\"1600\" height=\"900\" src=\"https:\/\/imgist.ru\/wp-content\/uploads\/2026\/09\/24-fakta-o-nelsone-mandele_6a9685c5dcce1-rotated.jpeg\" alt=\"24 faits sur Nelson Mandela\"> Source : Cnn.com<\/p>\n<p> Nelson Mandela, dont le nom est associ\u00e9 au courage et \u00e0 la force d&#039;\u00e2me, est un symbole de libert\u00e9 et de justice. <strong>Qui \u00e9tait Nelson Mandela ?<\/strong> Il \u00e9tait un r\u00e9volutionnaire sud-africain qui lutta contre l&#039;apartheid et devint le premier pr\u00e9sident noir du pays, de 1994 \u00e0 1999. Le parcours de Mandela, de prisonnier \u00e0 pr\u00e9sident, t\u00e9moigne de son engagement ind\u00e9fectible envers l&#039;\u00e9galit\u00e9 et les droits humains. N\u00e9 le 18 juillet 1918 \u00e0 Mvezo, en Afrique du Sud, il passa 27 ans en prison, mais en sortit avec un message de pardon et de r\u00e9conciliation. Son leadership et sa vision contribu\u00e8rent \u00e0 d\u00e9manteler l&#039;apartheid, un syst\u00e8me de s\u00e9gr\u00e9gation et de discrimination raciales. L&#039;h\u00e9ritage de Mandela continue d&#039;inspirer des personnes du monde entier, nous rappelant le pouvoir de la pers\u00e9v\u00e9rance et l&#039;importance de d\u00e9fendre la justice. D\u00e9couvrez son parcours exceptionnel et son influence durable en explorant ces 24 faits fascinants sur Nelson Mandela.<\/p>\n<p> Sommaire 01 Enfance et \u00e9ducation 02 Prise de conscience politique 03 Emprisonnement et r\u00e9sistance 04 Lib\u00e9ration et pr\u00e9sidence 05 H\u00e9ritage et influence 06 Vie personnelle 07 Influence culturelle 08 Derni\u00e8res ann\u00e9es et d\u00e9c\u00e8s 09 L&#039;h\u00e9ritage de Mandela perdure<\/p>\n<h2> Petite enfance et \u00e9ducation<\/h2>\n<p> Le parcours de Nelson Mandela a commenc\u00e9 dans un petit village d&#039;Afrique du Sud. Ses premi\u00e8res ann\u00e9es ont \u00e9t\u00e9 marqu\u00e9es par des \u00e9v\u00e9nements qui ont fa\u00e7onn\u00e9 son avenir de leader et de militant.<\/p>\n<ol>\n<li>\n<p> <strong>Nom de naissance<\/strong> Nelson Mandela est n\u00e9 le 18 juillet 1918 dans le village de Mvezo, au Transkei, sous le nom de Rolihlahla Mandela. \u00ab\u00a0Rolihlahla\u00a0\u00bb signifie \u00ab\u00a0celui qui arrache les branches\u00a0\u00bb ou \u00ab\u00a0fauteur de troubles\u00a0\u00bb en xhosa.<\/p>\n<\/li>\n<li>\n<p> <strong>Origine royale<\/strong> Il est n\u00e9 au sein de la famille royale Thembu. Son p\u00e8re, Gadla Henry Mphakanisiwa, \u00e9tait un chef et conseiller du roi Thembu.<\/p>\n<\/li>\n<li>\n<p> <strong>Le premier de la famille<\/strong> Mandela fut le premier de sa famille \u00e0 aller \u00e0 l&#039;\u00e9cole. Son institutrice lui donna le nom anglais de \u00ab Nelson \u00bb, qui \u00e9tait courant \u00e0 l&#039;\u00e9poque.<\/p>\n<\/li>\n<li>\n<p> <strong>l&#039;enseignement sup\u00e9rieur<\/strong> Il a \u00e9tudi\u00e9 \u00e0 l&#039;universit\u00e9 de Fort Hare, le seul \u00e9tablissement d&#039;enseignement sup\u00e9rieur de style occidental pour les Noirs en Afrique du Sud \u00e0 l&#039;\u00e9poque. Cependant, il en a \u00e9t\u00e9 expuls\u00e9 pour avoir particip\u00e9 \u00e0 une manifestation \u00e9tudiante.<\/p>\n<\/li>\n<\/ol>\n<h2> \u00c9veil politique<\/h2>\n<p> Le parcours politique de Mandela a \u00e9t\u00e9 marqu\u00e9 par des \u00e9v\u00e9nements importants qui ont aliment\u00e9 sa qu\u00eate de justice et d&#039;\u00e9galit\u00e9.<\/p>\n<ol>\n<li>\n<p> <strong>Adh\u00e9sion \u00e0 l&#039;ANC<\/strong> En 1944, Mandela adh\u00e8re au Congr\u00e8s national africain (ANC), un tournant dans sa vie. Il devient l&#039;un des fondateurs de la Ligue de la jeunesse de l&#039;ANC pour lutter contre la s\u00e9gr\u00e9gation raciale.<\/p>\n<\/li>\n<li>\n<p> <strong>Campagne de d\u00e9fiance<\/strong> Mandela a jou\u00e9 un r\u00f4le d\u00e9terminant dans la campagne de d\u00e9fiance de 1952 contre les lois de l&#039;apartheid. Il s&#039;agissait de la premi\u00e8re mobilisation politique multiraciale d&#039;envergure contre l&#039;apartheid.<\/p>\n<\/li>\n<li>\n<p> <strong>Le proc\u00e8s de Mandela pour trahison<\/strong> En 1956, Mandela fut arr\u00eat\u00e9 avec 155 autres militants et accus\u00e9 de trahison. Le proc\u00e8s dura jusqu&#039;en 1961 et tous les accus\u00e9s furent acquitt\u00e9s.<\/p>\n<\/li>\n<\/ol>\n<h2> Emprisonnement et r\u00e9sistance<\/h2>\n<p> L&#039;emprisonnement de Mandela est devenu un symbole de la lutte contre l&#039;apartheid, inspirant des personnes du monde entier.<\/p>\n<ol>\n<li>\n<p> <strong>Proc\u00e8s de Rivonia<\/strong> En 1962, Mandela fut de nouveau arr\u00eat\u00e9 et, en 1964, il fut condamn\u00e9 \u00e0 la prison \u00e0 vie lors du proc\u00e8s de Rivonia. C&#039;est au cours de ce proc\u00e8s qu&#039;il pronon\u00e7a son c\u00e9l\u00e8bre discours \u00ab Je suis pr\u00eat \u00e0 mourir \u00bb.<\/p>\n<\/li>\n<li>\n<p> <strong>L&#039;\u00eele Robben<\/strong> Mandela a pass\u00e9 18 de ses 27 ann\u00e9es de d\u00e9tention \u00e0 Robben Island. Malgr\u00e9 les conditions difficiles, il a continu\u00e9 d&#039;inspirer les autres prisonniers et le mouvement anti-apartheid.<\/p>\n<\/li>\n<li>\n<p> <strong>n\u00e9gociations secr\u00e8tes<\/strong> Durant son incarc\u00e9ration, Mandela a entam\u00e9 des pourparlers secrets avec le gouvernement de l&#039;apartheid, jetant ainsi les bases de n\u00e9gociations futures.<\/p>\n<\/li>\n<\/ol>\n<h2> Lib\u00e9ration et pr\u00e9sidence<\/h2>\n<p> La lib\u00e9ration de Mandela a marqu\u00e9 un nouveau chapitre de l&#039;histoire sud-africaine, mettant fin \u00e0 l&#039;apartheid et \u00e0 sa pr\u00e9sidence.<\/p>\n<ol>\n<li>\n<p> <strong>Lib\u00e9ration de prison<\/strong> Le 11 f\u00e9vrier 1990, Mandela fut lib\u00e9r\u00e9 de la prison Victor Verster apr\u00e8s 27 ans d&#039;incarc\u00e9ration. Sa lib\u00e9ration fut retransmise en direct dans le monde entier.<\/p>\n<\/li>\n<li>\n<p> <strong>Nobel de la paix<\/strong> En 1993, Mandela et le pr\u00e9sident de l&#039;\u00e9poque, F.W. de Klerk, ont re\u00e7u conjointement le prix Nobel de la paix pour leurs efforts visant \u00e0 mettre fin \u00e0 l&#039;apartheid.<\/p>\n<\/li>\n<li>\n<p> <strong>Le premier pr\u00e9sident noir<\/strong> En 1994, Mandela est devenu le premier pr\u00e9sident noir d&#039;Afrique du Sud \u00e0 la suite des premi\u00e8res \u00e9lections multiraciales du pays. Sa pr\u00e9sidence a \u00e9t\u00e9 ax\u00e9e sur la r\u00e9conciliation et la construction nationale.<\/p>\n<\/li>\n<\/ol>\n<h2> H\u00e9ritage et influence<\/h2>\n<p> L&#039;h\u00e9ritage de Mandela continue d&#039;inspirer des g\u00e9n\u00e9rations, laissant une empreinte ind\u00e9l\u00e9bile sur le monde.<\/p>\n<ol>\n<li>\n<p> <strong>Commission de v\u00e9rit\u00e9 et de r\u00e9conciliation<\/strong> Mandela a cr\u00e9\u00e9 la Commission V\u00e9rit\u00e9 et R\u00e9conciliation pour enqu\u00eater sur les atrocit\u00e9s commises pendant l&#039;apartheid et promouvoir la gu\u00e9rison et le pardon.<\/p>\n<\/li>\n<li>\n<p> <strong>Journ\u00e9e Mandela<\/strong> Le 18 juillet, la Journ\u00e9e Mandela est c\u00e9l\u00e9br\u00e9e dans le monde entier, et chacun est encourag\u00e9 \u00e0 consacrer 67 minutes \u00e0 une action de service communautaire pour symboliser les 67 ann\u00e9es qu&#039;il a consacr\u00e9es \u00e0 la lutte pour la justice sociale.<\/p>\n<\/li>\n<li>\n<p> <strong>Ic\u00f4ne mondiale<\/strong> Mandela est v\u00e9n\u00e9r\u00e9 dans le monde entier comme un symbole de paix, de r\u00e9silience et de pardon. Sa vie et son \u0153uvre continuent d&#039;inspirer les mouvements pour la justice et l&#039;\u00e9galit\u00e9.<\/p>\n<\/li>\n<\/ol>\n<h2> vie personnelle<\/h2>\n<p> Au-del\u00e0 de ses r\u00e9ussites politiques, la vie personnelle de Mandela fut pleine de d\u00e9fis et de triomphes.<\/p>\n<ol>\n<li>\n<p> <strong>Mariages<\/strong> Mandela s&#039;est mari\u00e9 trois fois. Son premier mariage, avec Evelyn Ntoko Mase, s&#039;est sold\u00e9 par un divorce. Il a ensuite \u00e9pous\u00e9 Winnie Madikizela, avec qui il a eu deux filles, et enfin Gra\u00e7a Machel.<\/p>\n<\/li>\n<li>\n<p> <strong>trag\u00e9dies familiales<\/strong> Mandela a subi des trag\u00e9dies personnelles, notamment la perte de son fils Thembekile dans un accident de voiture en 1969 alors qu&#039;il \u00e9tait en prison.<\/p>\n<\/li>\n<li>\n<p> <strong>L&#039;amour des enfants<\/strong> Malgr\u00e9 ses convictions politiques, Mandela vouait une profonde affection aux enfants. En 1995, il a fond\u00e9 le Fonds Nelson Mandela pour l&#039;enfance afin d&#039;am\u00e9liorer la vie des enfants sud-africains.<\/p>\n<\/li>\n<\/ol>\n<h2> influence culturelle<\/h2>\n<p> L&#039;influence de Mandela s&#039;\u00e9tendait bien au-del\u00e0 de la politique, influen\u00e7ant la culture et les m\u00e9dias dans le monde entier.<\/p>\n<ol>\n<li>\n<p> <strong>Livres et films<\/strong> Mandela est l&#039;auteur de plusieurs livres, dont son autobiographie, Un long chemin vers la libert\u00e9. Sa vie a \u00e9t\u00e9 port\u00e9e \u00e0 l&#039;\u00e9cran dans de nombreux films et documentaires.<\/p>\n<\/li>\n<li>\n<p> <strong>D\u00e9dicaces musicales<\/strong> De nombreux musiciens, dont Stevie Wonder et U2, ont rendu hommage \u00e0 Mandela dans des chansons c\u00e9l\u00e9brant son h\u00e9ritage et son influence.<\/p>\n<\/li>\n<li>\n<p> <strong>Statues et monuments comm\u00e9moratifs<\/strong> Des statues et des monuments comm\u00e9moratifs \u00e0 la gloire de Mandela sont pr\u00e9sents dans le monde entier, de l&#039;Afrique du Sud au Royaume-Uni, symbolisant son influence mondiale.<\/p>\n<\/li>\n<\/ol>\n<h2> Derni\u00e8res ann\u00e9es et d\u00e9c\u00e8s<\/h2>\n<p> Les derni\u00e8res ann\u00e9es de Mandela furent marqu\u00e9es par un militantisme constant en faveur des droits de l&#039;homme et une r\u00e9flexion sur l&#039;\u0153uvre de sa vie.<\/p>\n<ol>\n<li>\n<p> <strong>Soins<\/strong> D\u00e8s son accession \u00e0 la pr\u00e9sidence en 1999, Mandela a continu\u00e9 \u00e0 travailler sur divers projets humanitaires, notamment en sensibilisant le public au VIH\/SIDA.<\/p>\n<\/li>\n<li>\n<p> <strong>La mort<\/strong> Nelson Mandela est d\u00e9c\u00e9d\u00e9 le 5 d\u00e9cembre 2013, \u00e0 l&#039;\u00e2ge de 95 ans. Sa mort a \u00e9t\u00e9 pleur\u00e9e dans le monde entier, et les condol\u00e9ances ont afflu\u00e9 de la part de dirigeants et de citoyens du monde entier.<\/p>\n<\/li>\n<\/ol>\n<h2> L&#039;h\u00e9ritage de Mandela perdure.<\/h2>\n<p> La vie de Nelson Mandela t\u00e9moigne de sa r\u00e9silience, de son courage et du pouvoir du pardon. Son parcours, d&#039;un petit village d&#039;Afrique du Sud \u00e0 une ic\u00f4ne mondiale, est remarquable. <strong>paix<\/strong> \u0438 <strong>justice,<\/strong> Vraiment inspirant. L&#039;engagement ind\u00e9fectible de Mandela \u00e0 mettre fin <strong>apartheid<\/strong> et promotion <strong>l&#039;\u00e9galit\u00e9 raciale<\/strong> Il a chang\u00e9 le cours de l&#039;histoire. Il a montr\u00e9 au monde que m\u00eame face \u00e0 l&#039;adversit\u00e9, une seule personne peut faire la diff\u00e9rence. L&#039;h\u00e9ritage de Mandela continue d&#039;inspirer. <strong>activistes<\/strong> , <strong>dirigeants<\/strong> et des gens ordinaires qui aspirent \u00e0 un monde meilleur. Son histoire nous rappelle que <strong>libert\u00e9<\/strong> \u0438 <strong>\u00e9galit\u00e9<\/strong> Il m\u00e9rite d&#039;\u00eatre d\u00e9fendu. En nous rem\u00e9morant sa vie, poursuivons son message. <strong>espoirs<\/strong> \u0438 <strong>unit\u00e9<\/strong> . L\u2019influence de Mandela restera \u00e0 jamais grav\u00e9e dans le c\u0153ur de celles et ceux qui croient en une soci\u00e9t\u00e9 juste et inclusive. Son h\u00e9ritage est un phare pour les g\u00e9n\u00e9rations futures.<\/p>\n<h3> Cette page vous a-t-elle \u00e9t\u00e9 utile\u00a0?<\/h3>\n<p> Notre travail repose sur un engagement \u00e0 fournir un contenu fiable et captivant. Chaque information pr\u00e9sente sur notre site est fournie par de v\u00e9ritables utilisateurs comme vous, offrant ainsi une exp\u00e9rience riche et vari\u00e9e. Afin de garantir les plus hauts standards d&#039;exactitude et de fiabilit\u00e9, nos r\u00e9dacteurs exp\u00e9riment\u00e9s examinent attentivement chaque contribution. Ce processus assure que les informations que nous partageons sont non seulement int\u00e9ressantes, mais aussi dignes de confiance. Faites confiance \u00e0 notre engagement envers la qualit\u00e9 et l&#039;authenticit\u00e9 lorsque vous explorez et apprenez avec nous.<\/p>\n<p> Partagez ce fait :<\/p>","protected":false},"excerpt":{"rendered":"<p>Source : Cnn.com Nelson Mandela, dont le nom est associ\u00e9 au courage et \u00e0 la force d&#039;\u00e2me, est un symbole de libert\u00e9 et de justice. Qui \u00e9tait Nelson Mandela ? C&#039;\u00e9tait un r\u00e9volutionnaire sud-africain qui a lutt\u00e9\u2026<\/p>","protected":false},"author":1,"featured_media":163197,"comment_status":"open","ping_status":"closed","sticky":false,"template":"","format":"standard","meta":{"footnotes":""},"categories":[5],"tags":[],"class_list":["post-163196","post","type-post","status-publish","format-standard","has-post-thumbnail","hentry","category-selebriti","hvn-theme-has-thumbnail"],"_links":{"self":[{"href":"https:\/\/imgist.ru\/fr\/wp-json\/wp\/v2\/posts\/163196","targetHints":{"allow":["GET"]}}],"collection":[{"href":"https:\/\/imgist.ru\/fr\/wp-json\/wp\/v2\/posts"}],"about":[{"href":"https:\/\/imgist.ru\/fr\/wp-json\/wp\/v2\/types\/post"}],"author":[{"embeddable":true,"href":"https:\/\/imgist.ru\/fr\/wp-json\/wp\/v2\/users\/1"}],"replies":[{"embeddable":true,"href":"https:\/\/imgist.ru\/fr\/wp-json\/wp\/v2\/comments?post=163196"}],"version-history":[{"count":1,"href":"https:\/\/imgist.ru\/fr\/wp-json\/wp\/v2\/posts\/163196\/revisions"}],"predecessor-version":[{"id":163198,"href":"https:\/\/imgist.ru\/fr\/wp-json\/wp\/v2\/posts\/163196\/revisions\/163198"}],"wp:featuredmedia":[{"embeddable":true,"href":"https:\/\/imgist.ru\/fr\/wp-json\/wp\/v2\/media\/163197"}],"wp:attachment":[{"href":"https:\/\/imgist.ru\/fr\/wp-json\/wp\/v2\/media?parent=163196"}],"wp:term":[{"taxonomy":"category","embeddable":true,"href":"https:\/\/imgist.ru\/fr\/wp-json\/wp\/v2\/categories?post=163196"},{"taxonomy":"post_tag","embeddable":true,"href":"https:\/\/imgist.ru\/fr\/wp-json\/wp\/v2\/tags?post=163196"}],"curies":[{"name":"wp","href":"https:\/\/api.w.org\/{rel}","templated":true}]}}