{"id":165089,"date":"2026-09-02T11:54:35","date_gmt":"2026-09-02T08:54:35","guid":{"rendered":"https:\/\/imgist.ru\/10-faktov-kotorye-nam-govorili-chto-oni-pravdivy-no-na-samom-dele-takovymi-ne-yavlyayutsya\/"},"modified":"2026-09-02T11:54:44","modified_gmt":"2026-09-02T08:54:44","slug":"10-faits-quon-nous-a-presentes-comme-vrais-mais-qui-ne-le-sont-pas","status":"publish","type":"post","link":"https:\/\/imgist.ru\/fr\/10-faktov-kotorye-nam-govorili-chto-oni-pravdivy-no-na-samom-dele-takovymi-ne-yavlyayutsya\/","title":{"rendered":"10 faits qu&#039;on nous a pr\u00e9sent\u00e9s comme vrais, mais qui ne l&#039;\u00e9taient pas."},"content":{"rendered":"<p>Nous vivons dans un monde o\u00f9 il est tr\u00e8s facile de diffuser de fausses informations qui, r\u00e9p\u00e9t\u00e9es sans cesse, finissent par \u00eatre consid\u00e9r\u00e9es comme des \u00ab faits \u00bb g\u00e9n\u00e9ralement admis, alors qu&#039;il ne s&#039;agit en r\u00e9alit\u00e9 que de simples \u00ab anecdotes \u00bb. Plusieurs mythes, comme celui de la m\u00e9moire du poisson rouge, limit\u00e9e \u00e0 trois secondes (alors qu&#039;en r\u00e9alit\u00e9, il peut retenir des informations pendant un an), ou celui de la bo\u00eete de Pandore (qui n&#039;est pas une \u00ab bo\u00eete \u00bb, mais un \u00ab grand r\u00e9cipient \u00bb), ont d\u00e9j\u00e0 \u00e9t\u00e9 d\u00e9mentis. Pourtant, nous continuons d&#039;accepter aveugl\u00e9ment certains mythes comme des faits av\u00e9r\u00e9s, des faits qui nous auraient \u00e9t\u00e9 pr\u00e9sent\u00e9s comme tels, mais qui, en r\u00e9alit\u00e9, sont faux.<\/p>\n<p> Voici une liste de faits que l&#039;on nous a pr\u00e9sent\u00e9s comme vrais mais qui ne le sont pas, et sur lesquels il est int\u00e9ressant d&#039;en apprendre davantage.<\/p>\n<h4> <strong>1. Pour prolonger la dur\u00e9e de vie de la batterie, il n&#039;est pas n\u00e9cessaire de d\u00e9charger compl\u00e8tement la batterie de votre t\u00e9l\u00e9phone portable ou de votre ordinateur portable avant de la recharger.<\/strong><\/h4>\n<figure><img loading=\"lazy\" decoding=\"async\" title=\"Charger un ordinateur portable, charger un t\u00e9l\u00e9phone\" src=\"https:\/\/imgist.ru\/wp-content\/uploads\/2026\/09\/10-faktov-kotorye-nam-govorili-chto-oni-pravdivy-no-na-samom-dele-takovymi-ne-yavlyayutsya_6a97e44d13421.jpeg\" alt=\"Ordinateur portable en charge, t\u00e9l\u00e9phone en charge\" width=\"750\" height=\"396\"><figcaption> Image reproduite avec l&#039;aimable autorisation de Thomas Benk\u00f6\/Wikimedia Commons, Pixabay<\/figcaption><\/figure>\n<p> De nombreux sites web sp\u00e9cialis\u00e9s en technologie vantent les m\u00e9rites de la r\u00e9duction du nombre de cycles de charge et de la d\u00e9charge compl\u00e8te d&#039;un smartphone avant de le recharger afin d&#039;augmenter la dur\u00e9e de vie de la batterie. C&#039;est faux. En r\u00e9alit\u00e9, les batteries lithium-ion sont plus efficaces lorsqu&#039;elles sont utilis\u00e9es avec parcimonie et recharg\u00e9es avant que leur batterie ne soit compl\u00e8tement d\u00e9charg\u00e9e.<\/p>\n<p> Lorsqu&#039;une batterie est compl\u00e8tement d\u00e9charg\u00e9e, il est probable qu&#039;elle ne se recharge pas au m\u00eame niveau qu&#039;auparavant. Ce probl\u00e8me a \u00e9t\u00e9 r\u00e9solu sur les mod\u00e8les r\u00e9cents, mais il persiste sur les mod\u00e8les plus anciens. Un ing\u00e9nieur en \u00e9lectronique d&#039;un grand fabricant de smartphones a d\u00e9clar\u00e9\u00a0: \u00ab\u00a0Ces batteries ont tendance \u00e0 \u00aboublier\u00bb leur capacit\u00e9 maximale\u00a0; ainsi, une fois recharg\u00e9es, elles ne retrouvent pas leur niveau initial.\u00a0\u00bb.<\/p>\n<p> De plus, les nouveaux t\u00e9l\u00e9phones utilisent une technologie plus avanc\u00e9e, ce qui permet de laisser votre smartphone en charge toute la nuit en toute s\u00e9curit\u00e9. La batterie arr\u00eatera automatiquement la charge une fois qu&#039;elle aura atteint 100%, sans risque de l&#039;endommager. <em>(source)<\/em><\/p>\n<h4> <strong>2. L&#039;id\u00e9e que toucher des grenouilles puisse provoquer des verrues est un mythe. Aucun amphibien ne s\u00e9cr\u00e8te de substances verruqueuses par des glandes cutan\u00e9es\u00a0; vous n&#039;attraperez donc pas de verrues en les touchant.<\/strong><\/h4>\n<figure><img loading=\"lazy\" decoding=\"async\" title=\"Touche la grenouille, verrue sur la main\" src=\"https:\/\/imgist.ru\/wp-content\/uploads\/2026\/09\/10-faktov-kotorye-nam-govorili-chto-oni-pravdivy-no-na-samom-dele-takovymi-ne-yavlyayutsya_6a97e44de2fcd.jpeg\" alt=\"Grenouille touchante, verrues dans la main\" width=\"750\" height=\"396\"><figcaption> Source de l&#039;image\u00a0: Wilson44691\/Wikimedia, D\u00e9partement de dermatologie et d&#039;allergologie, H\u00f4pital universitaire Friedrich Schiller, I\u00e9na, Allemagne\/Wikimedia<\/figcaption><\/figure>\n<p> Non, les grenouilles ne donnent pas de verrues. Ce mythe proviendrait de la croyance que toucher la peau granuleuse d&#039;une grenouille provoquerait l&#039;apparition de verrues similaires. Aucun amphibien ne s\u00e9cr\u00e8te de substances par des glandes cutan\u00e9es susceptibles de causer des verrues chez l&#039;homme. Cela a \u00e9t\u00e9 prouv\u00e9 scientifiquement.<\/p>\n<p> Les verrues sont caus\u00e9es par des virus appartenant \u00e0 la famille des papillomavirus humains (VPH). Il existe environ 150 types diff\u00e9rents de VPH qui provoquent des excroissances sur les cellules humaines, dont les verrues. Cependant, cela ne signifie pas que toucher des grenouilles soit sans danger. Il convient d&#039;\u00eatre prudent lorsqu&#039;on manipule des crapauds, m\u00eame s&#039;ils paraissent mignons, car ils sont connus pour s\u00e9cr\u00e9ter des substances toxiques. Une seule grenouille dor\u00e9e v\u00e9n\u00e9neuse contient suffisamment de venin pour tuer dix hommes adultes et figure parmi les cr\u00e9atures les plus venimeuses au monde. De plus, si vous \u00eates allergique \u00e0 certaines substances pr\u00e9sentes sur la peau des grenouilles, vous pourriez pr\u00e9senter une r\u00e9action allergique. <em>(source)<\/em><\/p>\n<h4> <strong>3. Contrairement \u00e0 une id\u00e9e re\u00e7ue, les bourdons ne volent qu&#039;\u00e0 tr\u00e8s basse altitude. Deux bourdons ont atteint une altitude de 9\u00a0000 m\u00e8tres (29\u00a0525 pieds). Ils sont capables de voler \u00e0 des altitudes sup\u00e9rieures \u00e0 celle du mont Everest.<\/strong><\/h4>\n<figure><img loading=\"lazy\" decoding=\"async\" title=\"bourdon\" src=\"https:\/\/imgist.ru\/wp-content\/uploads\/2026\/09\/10-faktov-kotorye-nam-govorili-chto-oni-pravdivy-no-na-samom-dele-takovymi-ne-yavlyayutsya_6a97e44ed7064.jpeg\" alt=\"bourdon\" width=\"750\" height=\"396\"><figcaption> Source de l&#039;image\u00a0: Pixabay<\/figcaption><\/figure>\n<p> On croit souvent \u00e0 tort que les bourdons ne volent qu&#039;\u00e0 basse altitude, contrairement aux oiseaux qui peuvent planer tr\u00e8s haut dans le ciel. Des chercheurs de l&#039;Universit\u00e9 de Californie \u00e0 Berkeley ont d\u00e9couvert que les bourdons alpins peuvent voler \u00e0 des altitudes comparables \u00e0 celle du mont Everest. Lors d&#039;une exp\u00e9rience, ils ont cr\u00e9\u00e9 des conditions de faible densit\u00e9 et de faible charge d&#039;air afin de tester les limites de vol des bourdons et ont constat\u00e9 qu&#039;ils peuvent survivre m\u00eame \u00e0 haute altitude. Ils ont alors commenc\u00e9 \u00e0 battre des ailes avec un angle plus important pour inspirer davantage d&#039;air et ainsi maintenir leur vol.<\/p>\n<p> Une \u00e9quipe de chercheurs s&#039;est rendue dans une cha\u00eene de montagnes en Chine, situ\u00e9e \u00e0 une altitude de 3\u00a0250 m\u00e8tres, et a collect\u00e9 six bourdons m\u00e2les de l&#039;esp\u00e8ce. <em>Bombus impetuosus.<\/em> Cette esp\u00e8ce diff\u00e8re peu des esp\u00e8ces marines, mais elle est consid\u00e9r\u00e9e comme alpine. Ces bourdons ont \u00e9t\u00e9 utilis\u00e9s dans une exp\u00e9rience men\u00e9e \u00e0 l&#039;Universit\u00e9 de Californie.<\/p>\n<p> L&#039;exp\u00e9rience a conclu que les bourdons se trouvent g\u00e9n\u00e9ralement \u00e0 basse altitude non pas parce qu&#039;ils sont incapables de voler en haute altitude, mais parce qu&#039;ils recherchent du nectar de fleurs ou d&#039;autres facteurs similaires pour \u00e9tablir une colonie. <em>(source)<\/em><\/p>\n<h4> <strong>4. L&#039;affirmation selon laquelle Christophe Colomb aurait entrepris de prouver que la Terre est ronde est fausse. Au XVe si\u00e8cle, il \u00e9tait d\u00e9j\u00e0 de notori\u00e9t\u00e9 publique que la Terre n&#039;\u00e9tait pas plate. Ce fait avait \u00e9t\u00e9 d\u00e9couvert en 600 apr\u00e8s J.-C., pr\u00e8s de mille ans avant sa naissance.<\/strong><\/h4>\n<figure><img decoding=\"async\" loading=\"lazy\" title=\"Christophe Colomb, Terre\" src=\"https:\/\/imgist.ru\/wp-content\/uploads\/2026\/09\/10-faktov-kotorye-nam-govorili-chto-oni-pravdivy-no-na-samom-dele-takovymi-ne-yavlyayutsya_6a97e44fb493e.jpeg\" alt=\"Christophe Colomb, Terre\" width=\"750\" height=\"396\"><figcaption> Image gracieuset\u00e9 de Sebastiano del Piombo\/Wikimedia Commons, Pixabay<\/figcaption><\/figure>\n<p> On a souvent entendu parler de l&#039;explorateur italien Christophe Colomb posant le pied sur des terres inexplor\u00e9es et entreprenant de prouver que la Terre n&#039;est pas plate, mais ronde. Cependant, seule la partie concernant son arriv\u00e9e sur ces terres est vraie. Colomb a d\u00e9couvert ce que l&#039;on appelle aujourd&#039;hui l&#039;Am\u00e9rique en 1492. Les toutes premi\u00e8res observations d&#039;astronomes et de scientifiques confirmant la rotondit\u00e9 de la Terre remontent \u00e0 600. Ainsi, pendant pr\u00e8s de mille ans, on a cru que la Terre n&#039;\u00e9tait pas plate.<\/p>\n<p> La l\u00e9gende raconte que, contre l&#039;avis des autorit\u00e9s espagnoles, Christophe Colomb navigua vers l&#039;ouest plut\u00f4t que vers l&#039;est, persuad\u00e9 que la Terre \u00e9tait ronde. Or, les riches Espagnols craignaient qu&#039;il ne tombe du bord du monde. \u00c0 l&#039;\u00e9poque de Colomb, les connaissances antiques \u00e9taient \u00e9tudi\u00e9es avec soin et l&#039;\u00e9ducation \u00e9tait r\u00e9pandue. Il est donc impossible que les Espagnols l&#039;ignoraient.<\/p>\n<p> Cette l\u00e9gende a \u00e9t\u00e9 invent\u00e9e en 1828 lorsque Washington Irving a publi\u00e9 un livre <em>\u00abLa vie et les voyages de Christophe Colomb,<\/em> dans laquelle l&#039;auteur a ajout\u00e9 quelques \u00e9l\u00e9ments de fiction \u00e0 la biographie de Colomb. <em>(source)<\/em><\/p>\n<h4> <strong>5. Les narvals ne sont pas des cr\u00e9atures mythiques. Ce sont en r\u00e9alit\u00e9 une esp\u00e8ce de baleine bien r\u00e9elle qui vit dans les eaux arctiques.<\/strong><\/h4>\n<figure><img decoding=\"async\" loading=\"lazy\" title=\"Narval\" src=\"https:\/\/imgist.ru\/wp-content\/uploads\/2026\/09\/10-faktov-kotorye-nam-govorili-chto-oni-pravdivy-no-na-samom-dele-takovymi-ne-yavlyayutsya_6a97e450a08d6.jpeg\" alt=\"Narval\" width=\"750\" height=\"396\"><figcaption> Image gracieuset\u00e9 de W. Scoresby\/Wikimedia Commons<\/figcaption><\/figure>\n<p> Au Moyen \u00c2ge, les Europ\u00e9ens croyaient que les d\u00e9fenses des narvals \u00e9taient des cornes de licornes et poss\u00e9daient des propri\u00e9t\u00e9s magiques. De nombreuses l\u00e9gendes similaires se sont d\u00e9velopp\u00e9es autour des narvals, alimentant les doutes quant \u00e0 leur existence et les consid\u00e9rant comme de simples cr\u00e9atures imaginaires, \u00e0 l&#039;instar des dragons et des licornes. Pourtant, ils sont bien r\u00e9els. Les narvals sont une esp\u00e8ce de baleine qui vit dans les eaux arctiques au large du Groenland, du Canada et de la Russie.<\/p>\n<p> Ce sont des baleines de taille moyenne, dot\u00e9es d&#039;une grande d\u00e9fense ant\u00e9rieure, et pesant entre 800 et 1\u00a0600 kilogrammes \u00e0 l&#039;\u00e2ge adulte. Bien que leur habitat naturel soit constitu\u00e9 d&#039;eaux glac\u00e9es, elles peuvent mourir asphyxi\u00e9es lorsque la banquise se forme. L&#039;esp\u00e9rance de vie moyenne d&#039;un narval est de 50 ans.<\/p>\n<p> On croyait longtemps que les narvals n&#039;existaient pas, car ils \u00e9taient au c\u0153ur de nombreux r\u00e9cits mythiques. Les Inuits de l&#039;Arctique croient \u00e0 une l\u00e9gende qui raconte l&#039;histoire d&#039;une femme cruelle jet\u00e9e \u00e0 la mer apr\u00e8s que son fils lui eut attach\u00e9 une corde \u00e0 la taille pour la contraindre \u00e0 chasser la baleine. Selon cette l\u00e9gende, cette femme cruelle se serait transform\u00e9e en narval. Les narvals sont \u00e9galement mentionn\u00e9s dans le roman de Jules Verne, \u00ab\u00a0Le Sorceleur\u00a0\u00bb.\u00ab <em>Vingt mille lieues sous les mers,<\/em> Dans l&#039;histoire du sous-marin du capitaine Nemo attaqu\u00e9 par un narval, Ned Land, un personnage qui avait harponn\u00e9 de nombreuses baleines, refusait d&#039;y croire. On ignore encore la fonction de la d\u00e9fense du narval, qui continue de susciter la curiosit\u00e9. <em>(source)<\/em><\/p>\n<h4> <strong>6. On croit souvent, \u00e0 tort, que les phases de la Lune sont dues \u00e0 l&#039;ombre de la Terre. En r\u00e9alit\u00e9, les phases de la Lune r\u00e9sultent de sa propre ombre, seule une partie de sa surface \u00e9tant \u00e9clair\u00e9e \u00e0 la fois, comme sur Terre.<\/strong><\/h4>\n<figure><img decoding=\"async\" loading=\"lazy\" title=\"Phases de la Lune\" src=\"https:\/\/imgist.ru\/wp-content\/uploads\/2026\/09\/10-faktov-kotorye-nam-govorili-chto-oni-pravdivy-no-na-samom-dele-takovymi-ne-yavlyayutsya_6a97e45122150.jpeg\" alt=\"Phases de la Lune\" width=\"750\" height=\"396\"><figcaption> Image gracieuset\u00e9 de Hamed Rajabpour et Nariman Ghorbani\/Wikimedia Commons<\/figcaption><\/figure>\n<p> On croit souvent, \u00e0 tort, que les phases de la Lune sont dues \u00e0 l&#039;ombre de la Terre. Or, l&#039;ombre de la Terre sur la Lune n&#039;est visible que lors d&#039;une \u00e9clipse lunaire. Les phases de la Lune r\u00e9sultent de sa propre ombre. \u00c0 un instant donn\u00e9, seule une partie de la surface lunaire est \u00e9clair\u00e9e. Lorsque la face \u00e9clair\u00e9e est tourn\u00e9e vers la Terre, nous voyons la pleine lune\u00a0; lorsque la face sombre est tourn\u00e9e vers la Terre, la Lune est invisible. Il en va de m\u00eame pour toutes les autres phases lunaires.<\/p>\n<p> Comme la Terre, la Lune r\u00e9fl\u00e9chit la lumi\u00e8re du soleil. Elle orbite autour de la Terre, et c&#039;est cette rotation, ainsi que son cycle de 27 jours, qui modifie son apparence vue depuis la Terre. Nous ne percevons pas la rotation de la Lune depuis la Terre en raison d&#039;un ph\u00e9nom\u00e8ne que les scientifiques appellent \u00ab\u00a0rotation synchrone\u00a0\u00bb.<\/p>\n<p> Le mythe selon lequel les phases de la Lune sont dues \u00e0 l&#039;ombre de la Terre remonte \u00e0 l&#039;Antiquit\u00e9, \u00e9poque o\u00f9 l&#039;on ignorait la cause de ces phases et o\u00f9 l&#039;on inventait des histoires pour expliquer ce que l&#039;on observait. Plus facile \u00e0 comprendre que la r\u00e9alit\u00e9, ce mythe a travers\u00e9 les si\u00e8cles et perdure jusqu&#039;au XXIe si\u00e8cle. <em>(source)<\/em><\/p>\n<h4> <strong>7. Les chameaux ne stockent pas d&#039;eau dans leurs bosses. En r\u00e9alit\u00e9, leurs bosses servent \u00e0 stocker de la graisse, ce qui leur permet de survivre en p\u00e9riode de disette.<\/strong><\/h4>\n<figure><img decoding=\"async\" loading=\"lazy\" title=\"Chameau\" src=\"https:\/\/imgist.ru\/wp-content\/uploads\/2026\/09\/10-faktov-kotorye-nam-govorili-chto-oni-pravdivy-no-na-samom-dele-takovymi-ne-yavlyayutsya_6a97e4519a121.jpeg\" alt=\"Chameau\" width=\"750\" height=\"396\"><figcaption> Cr\u00e9dits photos\u00a0: Jjron\/Wikimedia, Sandra Cohen-Rose et Colin Rose\/Wikimedia<\/figcaption><\/figure>\n<p> Les chameaux, ces animaux du d\u00e9sert, sont connus pour leur capacit\u00e9 \u00e0 survivre des semaines sans eau ni nourriture. On croit souvent qu&#039;ils stockent de l&#039;eau dans leurs bosses, mais en r\u00e9alit\u00e9, ces derni\u00e8res constituent une source d&#039;\u00e9nergie gr\u00e2ce \u00e0 leurs tissus adipeux, ce qui leur permet de tenir longtemps sans manger. Lorsque la nourriture se fait rare, leurs bosses s&#039;affaissent \u00e0 mesure que les r\u00e9serves de graisse s&#039;\u00e9puisent. D\u00e8s que la nourriture est de nouveau disponible, les bosses reprennent leur forme.<\/p>\n<p> Une autre caract\u00e9ristique importante de la bosse est sa capacit\u00e9 \u00e0 r\u00e9guler la temp\u00e9rature corporelle, car les temp\u00e9ratures d\u00e9sertiques peuvent \u00eatre extr\u00eames. La forte concentration de tissu adipeux dans la bosse minimise l&#039;isolation thermique du reste du corps pendant la journ\u00e9e, et la nuit, la chaleur se dissipe, aidant ainsi l&#039;animal \u00e0 lutter contre le froid.<\/p>\n<p> Si quelque chose leur permettait de retenir davantage d&#039;eau, ce n&#039;\u00e9tait pas leurs bosses, mais leurs globules rouges. La forme ovale unique de leurs globules rouges leur permet de contenir de grandes quantit\u00e9s d&#039;eau, jusqu&#039;\u00e0 114 litres \u00e0 la fois. <em>(source)<\/em><\/p>\n<h4> <strong>8. Si vous dormez avec les cheveux mouill\u00e9s, vous n&#039;attraperez pas de rhume. Le rhume est caus\u00e9 par un virus, et non par une \u00ab\u00a0temp\u00e9rature basse\u00a0\u00bb.<\/strong><\/h4>\n<figure><img decoding=\"async\" loading=\"lazy\" title=\"La fille dort avec les cheveux mouill\u00e9s\" src=\"https:\/\/imgist.ru\/wp-content\/uploads\/2026\/09\/10-faktov-kotorye-nam-govorili-chto-oni-pravdivy-no-na-samom-dele-takovymi-ne-yavlyayutsya_6a97e45257a90.jpeg\" alt=\"Fille dormant avec les cheveux mouill\u00e9s\" width=\"750\" height=\"396\"><figcaption> Image fournie par Pixabay<\/figcaption><\/figure>\n<p> Les basses temp\u00e9ratures ne provoquent pas directement le rhume, m\u00eame si des temp\u00e9ratures extr\u00eamement basses peuvent entra\u00eener une hypothermie. L&#039;id\u00e9e qu&#039;on puisse attraper un rhume en dormant avec les cheveux mouill\u00e9s remonte \u00e0 la Premi\u00e8re Guerre mondiale, lorsque des scientifiques ont \u00e9mis l&#039;hypoth\u00e8se que les soldats dormant dans des tranch\u00e9es froides \u00e9taient plus susceptibles d&#039;attraper un rhume que ceux dormant dans des endroits secs. Par ailleurs, d\u00e8s le premier si\u00e8cle, Celse \u00e9crivait que l&#039;hiver apporte rhumes, maux de t\u00eate et toux. Mais les progr\u00e8s de la science ont d\u00e9montr\u00e9 que cette affirmation n&#039;est pas tout \u00e0 fait exacte.<\/p>\n<p> Le rhume est caus\u00e9 par une infection des voies respiratoires sup\u00e9rieures, et uniquement par un virus. Le rhinovirus, responsable du rhume, peut se transmettre partout et par diverses sources. Bien que les rhinovirus se d\u00e9veloppent plus facilement par temps froid, pour attraper un rhume, il faut \u00eatre infect\u00e9, et cela ne se produit pas simplement en ayant les cheveux mouill\u00e9s. On peut attraper un rhume aussi bien dans les endroits secs que dans les endroits chauds. Il n&#039;existe aucune preuve m\u00e9dicale \u00e9tablissant un lien direct entre les cheveux mouill\u00e9s et le rhume. <em>(source)<\/em><\/p>\n<h4> <strong>9. Nous<\/strong> , <strong>L&#039;\u00eatre humain utilise bien plus que 10% de son cerveau, et il est av\u00e9r\u00e9 que si nous pouvions exploiter le reste, nous acquerrions des superpouvoirs quasi divins. Ceci rel\u00e8ve du folklore, et non de la science.<\/strong><\/h4>\n<figure><img decoding=\"async\" loading=\"lazy\" title=\"cr\u00e2ne, cerveau 10%\" src=\"https:\/\/imgist.ru\/wp-content\/uploads\/2026\/09\/10-faktov-kotorye-nam-govorili-chto-oni-pravdivy-no-na-samom-dele-takovymi-ne-yavlyayutsya_6a97e45316f73.jpeg\" alt=\"cr\u00e2ne, cerveau 10%\" width=\"750\" height=\"396\"><figcaption> Image gracieuset\u00e9 de\u00a0: Patrick J. Lynch, illustrateur m\u00e9dical\/Wikimedia, Shannan Muskopf\/Wikimedia<\/figcaption><\/figure>\n<p> L\u00e9gende urbaine sans fondement, le \u00ab mythe 10% \u00bb a \u00e9t\u00e9 attribu\u00e9 \u00e0 tort \u00e0 de nombreuses personnes, dont Albert Einstein. Les neurologues affirment que chaque partie de notre cerveau remplit des fonctions diff\u00e9rentes. Le neuroscientifique Barry Beyerstein a pr\u00e9sent\u00e9 sept arguments pour r\u00e9futer ce mythe. Il explique notamment que si seulement 10% \u00e9taient utilis\u00e9s, une l\u00e9sion c\u00e9r\u00e9brale, quelle qu&#039;en soit la zone, n&#039;affecterait pas les capacit\u00e9s d&#039;une personne. Or, nous constatons que toute l\u00e9sion c\u00e9r\u00e9brale a un impact direct sur nos capacit\u00e9s.<\/p>\n<p> Des d\u00e9cennies de recherche et de cartographie c\u00e9r\u00e9brale n&#039;ont pas permis de d\u00e9celer la moindre r\u00e9gion dysfonctionnelle. De plus, si les cellules 90% ne fonctionnaient pas correctement, les scientifiques l&#039;auraient d\u00e9tect\u00e9 gr\u00e2ce \u00e0 l&#039;analyse microstructurale, qui consiste \u00e0 ins\u00e9rer une minuscule \u00e9lectrode dans le cerveau afin de surveiller le fonctionnement de chaque cellule.<\/p>\n<p> Le cerveau utilise 20% de toute l&#039;\u00e9nergie dont le corps a besoin. S&#039;il n&#039;utilisait que les 10% annonc\u00e9s, le corps humain serait incapable de produire les 90% restants, ce qui entra\u00eenerait des convulsions ou un collapsus. L&#039;id\u00e9e d&#039;utiliser uniquement les 10% du cerveau s&#039;est popularis\u00e9e apr\u00e8s la publication du livre de Dale Carnegie. <em>\u00abComment se faire des amis et influencer les autres\u00bb<\/em> Un pourcentage faussement pr\u00e9cis a \u00e9t\u00e9 ajout\u00e9 \u00e0 la capacit\u00e9 mentale latente, ce qui a renforc\u00e9 l&#039;affirmation du scientifique faite dans une affaire ant\u00e9rieure dans les ann\u00e9es 1890, o\u00f9 il d\u00e9clarait que les gens ne r\u00e9alisent qu&#039;une petite partie de leur plein potentiel mental. <em>(source)<\/em><\/p>\n<h4> <strong>10. Contrairement \u00e0 une id\u00e9e r\u00e9pandue, le tonnerre n&#039;est pas le bruit de nuages qui se heurtent. Les nuages ne peuvent pas entrer en collision car ce ne sont pas des objets solides.<\/strong><\/h4>\n<figure><img decoding=\"async\" loading=\"lazy\" title=\"Orages, nuages\" src=\"https:\/\/imgist.ru\/wp-content\/uploads\/2026\/09\/10-faktov-kotorye-nam-govorili-chto-oni-pravdivy-no-na-samom-dele-takovymi-ne-yavlyayutsya_6a97e45380443.jpeg\" alt=\"Tonnerre, nuages\" width=\"750\" height=\"396\"><figcaption> Image fournie par Pixabay<\/figcaption><\/figure>\n<p> La plupart d&#039;entre nous ont entendu cette histoire \u00e9tant enfants, et certains y croient encore \u00e0 l&#039;\u00e2ge adulte. Le tonnerre n&#039;est pas caus\u00e9 par la collision de deux nuages, car les nuages ne sont pas solides. En r\u00e9alit\u00e9, nous entendons le tonnerre parce que l&#039;air autour de l&#039;\u00e9clair est chauff\u00e9.<\/p>\n<p> Lorsqu&#039;un \u00e9clair frappe, la foudre tombe des nuages vers le sol et inversement. La seconde d\u00e9charge, ou d\u00e9charge de retour, provoque une brusque augmentation de la temp\u00e9rature ambiante jusqu&#039;\u00e0 27\u00a0000\u00a0\u00b0C. L&#039;air chaud autour du canal vertical cr\u00e9\u00e9 par la foudre est comprim\u00e9 et sa pression atteint 10 \u00e0 100 fois la pression atmosph\u00e9rique normale, provoquant une explosion. Cette explosion g\u00e9n\u00e8re plusieurs ondes de choc de particules comprim\u00e9es dans toutes les directions et produit un bruit assourdissant.<\/p>\n<p> On entend d&#039;abord les ondes de choc pr\u00e8s du sol, puis dans le ciel. G\u00e9n\u00e9ralement, plusieurs \u00e9clairs frappent dans un p\u00e9rim\u00e8tre restreint. Les ondes de choc g\u00e9n\u00e9r\u00e9es par chaque impact se r\u00e9fl\u00e9chissent les unes sur les autres, produisant un bourdonnement continu. <em>(source)<\/em><\/p>","protected":false},"excerpt":{"rendered":"<p>Nous vivons dans un monde o\u00f9 il est tr\u00e8s facile de diffuser de fausses informations qui, r\u00e9p\u00e9t\u00e9es sans cesse, finissent par \u00eatre consid\u00e9r\u00e9es comme un \u00ab fait \u00bb, alors qu\u2019en r\u00e9alit\u00e9, il ne s\u2019agit que de\u2026<\/p>","protected":false},"author":1,"featured_media":165090,"comment_status":"open","ping_status":"closed","sticky":false,"template":"","format":"standard","meta":{"footnotes":""},"categories":[20],"tags":[62],"class_list":["post-165089","post","type-post","status-publish","format-standard","has-post-thumbnail","hentry","category-interesnye-fakty","tag-katalog-faktov","hvn-theme-has-thumbnail"],"_links":{"self":[{"href":"https:\/\/imgist.ru\/fr\/wp-json\/wp\/v2\/posts\/165089","targetHints":{"allow":["GET"]}}],"collection":[{"href":"https:\/\/imgist.ru\/fr\/wp-json\/wp\/v2\/posts"}],"about":[{"href":"https:\/\/imgist.ru\/fr\/wp-json\/wp\/v2\/types\/post"}],"author":[{"embeddable":true,"href":"https:\/\/imgist.ru\/fr\/wp-json\/wp\/v2\/users\/1"}],"replies":[{"embeddable":true,"href":"https:\/\/imgist.ru\/fr\/wp-json\/wp\/v2\/comments?post=165089"}],"version-history":[{"count":1,"href":"https:\/\/imgist.ru\/fr\/wp-json\/wp\/v2\/posts\/165089\/revisions"}],"predecessor-version":[{"id":165101,"href":"https:\/\/imgist.ru\/fr\/wp-json\/wp\/v2\/posts\/165089\/revisions\/165101"}],"wp:featuredmedia":[{"embeddable":true,"href":"https:\/\/imgist.ru\/fr\/wp-json\/wp\/v2\/media\/165090"}],"wp:attachment":[{"href":"https:\/\/imgist.ru\/fr\/wp-json\/wp\/v2\/media?parent=165089"}],"wp:term":[{"taxonomy":"category","embeddable":true,"href":"https:\/\/imgist.ru\/fr\/wp-json\/wp\/v2\/categories?post=165089"},{"taxonomy":"post_tag","embeddable":true,"href":"https:\/\/imgist.ru\/fr\/wp-json\/wp\/v2\/tags?post=165089"}],"curies":[{"name":"wp","href":"https:\/\/api.w.org\/{rel}","templated":true}]}}