{"id":165323,"date":"2026-09-02T12:43:21","date_gmt":"2026-09-02T09:43:21","guid":{"rendered":"https:\/\/imgist.ru\/10-faktov-kotorye-zvuchat-neverno-no-na-samom-dele-verny\/"},"modified":"2026-09-02T12:43:27","modified_gmt":"2026-09-02T09:43:27","slug":"10-faits-qui-paraissent-etranges-mais-qui-sont-en-realite-vrais","status":"publish","type":"post","link":"https:\/\/imgist.ru\/fr\/10-faktov-kotorye-zvuchat-neverno-no-na-samom-dele-verny\/","title":{"rendered":"10 faits qui semblent faux mais qui sont en r\u00e9alit\u00e9 vrais."},"content":{"rendered":"<p>Dans le monde d&#039;aujourd&#039;hui, internet met \u00e0 notre port\u00e9e l&#039;ensemble du savoir. Pratiquement rien n&#039;est plus inconnu ni impossible. De plus, la science et la technologie transforment le quasi-impossible en possible, si bien que peu de choses nous surprennent. Pourtant, voici 10 faits qui semblent invraisemblables, mais qui sont pourtant vrais.<\/p>\n<h4> <strong>1. Martin Luther King et Anne Frank sont n\u00e9s la m\u00eame ann\u00e9e, mais ils repr\u00e9sentent deux \u00e9poques diff\u00e9rentes de l&#039;histoire car Anne Frank n&#039;a jamais grandi.<\/strong><\/h4>\n<figure><img loading=\"lazy\" decoding=\"async\" title=\"Martin Luther King Jr., Anne Frank\" src=\"https:\/\/imgist.ru\/wp-content\/uploads\/2026\/09\/10-faktov-kotorye-zvuchat-neverno-no-na-samom-dele-verny_6a97efbb13bed.jpeg\" alt=\"Martin Luther King Jr., Anne Frank\" width=\"750\" height=\"396\"><figcaption> Image gracieuset\u00e9 de la Fondation Nobel\/Wikimedia, Anne Frank Stichting Collective Amsterdam\/Wikimedia<\/figcaption><\/figure>\n<p> Cela peut para\u00eetre incroyable au premier abord, mais Martin Luther King n&#039;a que cinq mois de plus qu&#039;Anne Frank. Martin Luther King est n\u00e9 le 15 janvier 1929 et Anne Frank le 12 juin 1929.<\/p>\n<p> Anne Frank est mondialement connue pour son journal intime, dans lequel elle relate sa vie de 1942 \u00e0 1944, alors que les Allemands occupaient les Pays-Bas pendant la Seconde Guerre mondiale. En 1942, face \u00e0 l&#039;intensification des pers\u00e9cutions contre la population juive, Anne et sa famille se cachent. En 1944, ils sont arr\u00eat\u00e9s et d\u00e9port\u00e9s dans des camps de concentration, o\u00f9 Anne trouve la mort. Le journal d&#039;Anne Frank est publi\u00e9 \u00e0 titre posthume. Suite \u00e0 sa parution, la petite fille et son journal deviennent un symbole de l&#039;horreur du fascisme.<\/p>\n<p> Martin Luther King Jr. est c\u00e9l\u00e8bre pour son combat en faveur des droits civiques et de l&#039;\u00e9galit\u00e9 des Afro-Am\u00e9ricains, men\u00e9 par des manifestations pacifiques. Il est devenu la figure embl\u00e9matique du mouvement am\u00e9ricain des droits civiques du milieu des ann\u00e9es 1950 jusqu&#039;\u00e0 son assassinat en 1968. <em>(1,2)<\/em><\/p>\n<h4> <strong>2. L&#039;Australie a litt\u00e9ralement perdu un Premier ministre. Harold Holt est all\u00e9 nager en 1967 et n&#039;a plus jamais \u00e9t\u00e9 revu.<\/strong><\/h4>\n<figure><img loading=\"lazy\" decoding=\"async\" title=\"Disparition d&#039;Harold Holt - Les secouristes ratissent la plage de Cheviot apr\u00e8s la disparition de Holt.\" src=\"https:\/\/imgist.ru\/wp-content\/uploads\/2026\/09\/10-faktov-kotorye-zvuchat-neverno-no-na-samom-dele-verny_6a97efbbddaa4.jpeg\" alt=\"Disparition d&#039;Harold Holt\u00a0: les recherches se poursuivent sur la plage de Cheviot apr\u00e8s la disparition de Holt.\" width=\"750\" height=\"396\"><figcaption> Source de l&#039;image\u00a0: Bureau australien de l&#039;information et de la presse, via Archives nationales d&#039;Australie\/Wikimedia Commons<\/figcaption><\/figure>\n<p> L&#039;apr\u00e8s-midi du 17 d\u00e9cembre 1967, Harold Holt, alors 17e Premier ministre d&#039;Australie, arriva \u00e0 Cheviot Beach, dans l&#039;\u00c9tat de Victoria, accompagn\u00e9 de quatre personnes. Malgr\u00e9 la mar\u00e9e haute, la forte houle et les courants et remous visibles, il d\u00e9cida de se baigner. Alors que les autres s&#039;abstenaient, jugeant l&#039;eau dangereuse, Holt continua \u00e0 nager et finit par s&#039;aventurer en eau profonde. Emport\u00e9 par le courant au large, il disparut bient\u00f4t \u00e0 l&#039;horizon.<\/p>\n<p> Comme le compagnon de Holt ne le voyait plus, des recherches furent imm\u00e9diatement lanc\u00e9es. Des plongeurs furent appel\u00e9s, mais de forts courants de fond r\u00e9duisaient consid\u00e9rablement la visibilit\u00e9 sous-marine. Moins d&#039;une heure plus tard, quatre h\u00e9licopt\u00e8res survolaient la zone. Environ 200 personnes arriv\u00e8rent sur place, dont des sauveteurs de l&#039;arm\u00e9e de terre, de la marine, des garde-c\u00f4tes, de l&#039;autorit\u00e9 maritime victorienne et du minist\u00e8re de l&#039;Aviation, mais aucune trace du Premier ministre Harold Holt ne fut retrouv\u00e9e. Deux jours plus tard, son d\u00e9c\u00e8s fut officiellement d\u00e9clar\u00e9. <em>(1,2)<\/em><\/p>\n<h4> <strong>3. Le sang se forme dans les os.<\/strong><\/h4>\n<figure><img loading=\"lazy\" decoding=\"async\" title=\"Coupe transversale de l&#039;os\" src=\"https:\/\/imgist.ru\/wp-content\/uploads\/2026\/09\/10-faktov-kotorye-zvuchat-neverno-no-na-samom-dele-verny_6a97efbcbb01b.jpeg\" alt=\"coupe transversale de l&#039;os\" width=\"750\" height=\"396\"><figcaption> Source de l&#039;image\u00a0: Pbroks13\/Wikimedia<\/figcaption><\/figure>\n<p> Notre sang est compos\u00e9 de quatre \u00e9l\u00e9ments principaux\u00a0: le plasma, les globules rouges, les globules blancs et les plaquettes. Le plasma est la partie liquide du sang qui transporte les globules rouges, les globules blancs et les plaquettes. Ces cellules sont produites dans la moelle osseuse, situ\u00e9e dans les os, par un processus appel\u00e9 h\u00e9matopo\u00ef\u00e8se.<\/p>\n<p> Chez le nourrisson, l&#039;h\u00e9matopo\u00ef\u00e8se se produit au centre de tous les os. Cependant, \u00e0 mesure que l&#039;individu grandit, l&#039;h\u00e9matopo\u00ef\u00e8se ne se produit que dans les os situ\u00e9s autour du bassin, des c\u00f4tes et du sternum. <em>(1,2)<\/em><\/p>\n<h4> <strong>4. Google suit votre position m\u00eame si vous d\u00e9sactivez l&#039;historique de localisation.<\/strong><\/h4>\n<figure><img decoding=\"async\" loading=\"lazy\" title=\"Logo Google Maps, suivi de localisation sur t\u00e9l\u00e9phone\" src=\"https:\/\/imgist.ru\/wp-content\/uploads\/2026\/09\/10-faktov-kotorye-zvuchat-neverno-no-na-samom-dele-verny_6a97efbd904e2.jpeg\" alt=\"Logo Google Maps, Localisation sur t\u00e9l\u00e9phone\" width=\"750\" height=\"396\"><figcaption> Image reproduite avec l&#039;aimable autorisation de Google Inc. \u2013 SVG par CMetalCore\/Wikimedia, www.maxpixel.net<\/figcaption><\/figure>\n<p> De nos jours, tous les possesseurs de smartphones ont d\u00e9j\u00e0 utilis\u00e9 la navigation GPS. Que faire alors lorsqu&#039;on n&#039;en a pas besoin\u00a0? Il arrive qu&#039;on d\u00e9sactive la g\u00e9olocalisation, pensant ainsi \u00e9chapper \u00e0 toute surveillance. Or, si votre t\u00e9l\u00e9phone fonctionne sous Android, chacun de vos d\u00e9placements est enregistr\u00e9 et transmis \u00e0 Google.<\/p>\n<p> Depuis 2017, les t\u00e9l\u00e9phones Android suivent leurs utilisateurs en collectant les adresses des antennes-relais \u00e0 proximit\u00e9, m\u00eame si l&#039;utilisateur a d\u00e9sactiv\u00e9 la g\u00e9olocalisation. De plus, certaines applications Google enregistrent des donn\u00e9es de localisation horodat\u00e9es sans demander l&#039;autorisation de l&#039;utilisateur. <em>(1,2,3)<\/em><\/p>\n<h4> <strong>5. Plus de 901 enfants sourds naissent dans des familles de parents entendants.<\/strong><\/h4>\n<figure><img decoding=\"async\" loading=\"lazy\" title=\"L&#039;enfant essaie d&#039;entendre\" src=\"https:\/\/imgist.ru\/wp-content\/uploads\/2026\/09\/10-faktov-kotorye-zvuchat-neverno-no-na-samom-dele-verny_6a97efbe5f1bc.jpeg\" alt=\"Enfant essayant d&#039;entendre\" width=\"750\" height=\"396\"><figcaption> Source de l&#039;image : pxhere.com<\/figcaption><\/figure>\n<p> Selon les statistiques de l&#039;Institut national de la surdit\u00e9 et des autres troubles de la communication (NIDCD), plus de 901 enfants sourds ont des parents entendants.<\/p>\n<p> La naissance d&#039;un enfant sourd dans un monde majoritairement entendant est une \u00e9preuve difficile pour les parents. Il est fr\u00e9quent qu&#039;ils \u00e9prouvent des sentiments de perte, de stress, de col\u00e8re et\/ou de chagrin. Avant la naissance d&#039;un enfant sourd, la plupart des parents entendants n&#039;ont aucune exp\u00e9rience de la surdit\u00e9. Par cons\u00e9quent, \u00e0 la naissance d&#039;un enfant sourd, ils doivent faire des choix importants concernant la langue, l&#039;\u00e9ducation, l&#039;identit\u00e9 et les technologies. <em>(1,2,3)<\/em><\/p><\/p>","protected":false},"excerpt":{"rendered":"<p>Dans le monde d&#039;aujourd&#039;hui, Internet a rendu tout le savoir imaginable litt\u00e9ralement accessible du bout des doigts. Aujourd&#039;hui, pratiquement rien n&#039;est inconnu ni impossible. De plus, la science\u2026<\/p>","protected":false},"author":1,"featured_media":165324,"comment_status":"open","ping_status":"closed","sticky":false,"template":"","format":"standard","meta":{"footnotes":""},"categories":[20],"tags":[62],"class_list":["post-165323","post","type-post","status-publish","format-standard","has-post-thumbnail","hentry","category-interesnye-fakty","tag-katalog-faktov","hvn-theme-has-thumbnail"],"_links":{"self":[{"href":"https:\/\/imgist.ru\/fr\/wp-json\/wp\/v2\/posts\/165323","targetHints":{"allow":["GET"]}}],"collection":[{"href":"https:\/\/imgist.ru\/fr\/wp-json\/wp\/v2\/posts"}],"about":[{"href":"https:\/\/imgist.ru\/fr\/wp-json\/wp\/v2\/types\/post"}],"author":[{"embeddable":true,"href":"https:\/\/imgist.ru\/fr\/wp-json\/wp\/v2\/users\/1"}],"replies":[{"embeddable":true,"href":"https:\/\/imgist.ru\/fr\/wp-json\/wp\/v2\/comments?post=165323"}],"version-history":[{"count":1,"href":"https:\/\/imgist.ru\/fr\/wp-json\/wp\/v2\/posts\/165323\/revisions"}],"predecessor-version":[{"id":165330,"href":"https:\/\/imgist.ru\/fr\/wp-json\/wp\/v2\/posts\/165323\/revisions\/165330"}],"wp:featuredmedia":[{"embeddable":true,"href":"https:\/\/imgist.ru\/fr\/wp-json\/wp\/v2\/media\/165324"}],"wp:attachment":[{"href":"https:\/\/imgist.ru\/fr\/wp-json\/wp\/v2\/media?parent=165323"}],"wp:term":[{"taxonomy":"category","embeddable":true,"href":"https:\/\/imgist.ru\/fr\/wp-json\/wp\/v2\/categories?post=165323"},{"taxonomy":"post_tag","embeddable":true,"href":"https:\/\/imgist.ru\/fr\/wp-json\/wp\/v2\/tags?post=165323"}],"curies":[{"name":"wp","href":"https:\/\/api.w.org\/{rel}","templated":true}]}}