{"id":16553,"date":"2026-06-07T04:03:57","date_gmt":"2026-06-07T01:03:57","guid":{"rendered":"https:\/\/imgist.ru\/oliviya-rodrigo-predstavila-duet-s-robertom-smitom-iz-gruppy-the-cure-na-festivale-primavera-sound-obyaviv-o-vyhode-novogo-alboma\/"},"modified":"2026-06-07T04:03:57","modified_gmt":"2026-06-07T01:03:57","slug":"olivia-rodrigo-a-interprete-un-duo-avec-robert-smith-du-groupe-the-cure-au-festival-primavera-sound-annoncant-la-sortie-dun-nouvel-album","status":"publish","type":"post","link":"https:\/\/imgist.ru\/fr\/oliviya-rodrigo-predstavila-duet-s-robertom-smitom-iz-gruppy-the-cure-na-festivale-primavera-sound-obyaviv-o-vyhode-novogo-alboma\/","title":{"rendered":"Olivia Rodrigo a interpr\u00e9t\u00e9 un duo avec Robert Smith du groupe The Cure au festival Primavera Sound, annon\u00e7ant la sortie d&#039;un nouvel album."},"content":{"rendered":"<p>L&#039;un des secrets les mieux gard\u00e9s de la pop en 2026 a \u00e9t\u00e9 r\u00e9v\u00e9l\u00e9\u00a0: Olivia Rodrigo et Robert Smith (The Cure) enregistreront un duo complet pour son prochain album, dont la sortie est pr\u00e9vue dans moins d&#039;une semaine. Cette r\u00e9v\u00e9lation a eu lieu lors de la prestation de Rodrigo avec Smith au festival Primavera Sound, au beau milieu de la premi\u00e8re interpr\u00e9tation en direct de \u00ab\u00a0What&#039;s Wrong With Me\u00a0\u00bb.<\/p>\n<p> <strong>Plus d&#039;articles de Variety<\/strong><\/p>\n<ul>\n<li>\n<p> Olivia Rodrigo s&#039;est dite \u00ab outr\u00e9e \u00bb que l&#039;administration Trump ait utilis\u00e9 sa chanson pour promouvoir l&#039;ICE : \u00ab Ce qu&#039;ils font est horrible, barbare et cruel. \u00bb.<\/p>\n<\/li>\n<li>\n<p> Olivia Rodrigo r\u00e9pond aux critiques concernant sa robe babydoll : \u00ab Cela montre \u00e0 quel point nous normalisons en r\u00e9alit\u00e9 la p\u00e9dophilie dans notre culture. \u00bb.<\/p>\n<\/li>\n<li>\n<p> Olivia Rodrigo a d\u00e9voil\u00e9 la liste des titres de \u00ab You Seem Pretty Sad for a Girl So in Love \u00bb.<\/p>\n<\/li>\n<\/ul>\n<p> \u00ab Cette chanson est vraiment sp\u00e9ciale pour moi pour de nombreuses raisons, tout d&#039;abord parce que c&#039;est la premi\u00e8re chanson sur laquelle je participe en tant qu&#039;artiste invit\u00e9 \u00bb, a d\u00e9clar\u00e9 Rodrigo en pr\u00e9sentant la nouvelle chanson au public, sans r\u00e9v\u00e9ler imm\u00e9diatement qui \u00e9tait impliqu\u00e9 exactement ni si cette personne \u00e9tait pr\u00e9sente au concert.<\/p>\n<p> Le fait que Smith ait chant\u00e9 int\u00e9gralement sur le morceau \u00e9tait connu de certains professionnels du secteur invit\u00e9s au r\u00e9cent lancement de l&#039;album \u00e0 Los Angeles il y a quelques semaines, mais les participants \u00e9taient tenus de garder le secret jusqu&#039;\u00e0 ce que Rodrigo elle-m\u00eame r\u00e9v\u00e8le l&#039;information.<\/p>\n<p> Son amour pour The Cure a \u00e9t\u00e9 r\u00e9cemment r\u00e9v\u00e9l\u00e9 par Rodrigo, qui a d&#039;abord sorti la chanson \u00ab Drop Dead \u00bb, qui fait r\u00e9f\u00e9rence au groupe dans ses paroles, puis le deuxi\u00e8me single du nouvel album, intitul\u00e9 \u00ab The Cure \u00bb - aucun de ces titres ne laissant pr\u00e9sager que Smith figurerait en bonne place sur le troisi\u00e8me morceau, compl\u00e8tement diff\u00e9rent.<\/p>\n<p> Ce n&#039;\u00e9tait pas la premi\u00e8re fois que ces deux fans communs se produisaient ensemble sur sc\u00e8ne, puisqu&#039;ils avaient interpr\u00e9t\u00e9 \u00ab Just Like Heaven \u00bb et \u00ab Friday I&#039;m in Love \u00bb ensemble au festival de Glastonbury au Royaume-Uni l&#039;\u00e9t\u00e9 dernier.<\/p>\n<p> Le troisi\u00e8me album de Rodrigo, \u00ab You Seem Pretty Sad for a Girl So in Love \u00bb, sortira vendredi prochain. La liste des titres a d\u00e9j\u00e0 \u00e9t\u00e9 d\u00e9voil\u00e9e, mais sans mentionner la participation de Smith au morceau \u00e9ponyme, \u00ab What&#039;s Wrong With Me \u00bb. Cette chanson pop l\u00e9g\u00e8re, malgr\u00e9 son ton enjou\u00e9, fait partie de la partie \u00ab You Seem Pretty Sad \u00bb de l&#039;album. Les paroles d\u00e9crivent un moment charni\u00e8re o\u00f9 la narratrice r\u00e9alise que ses relations amoureuses sont un \u00e9chec, malgr\u00e9 tous ses espoirs et ses efforts.<\/p>\n<p> Extrait des paroles : \u00ab Je suis all\u00e9e chez le m\u00e9decin et elle a dit que j&#039;allais bien \/ J&#039;ai essay\u00e9 de m\u00e9diter avec une bouteille de vin \/ J&#039;ai l&#039;impression qu&#039;on m&#039;a mis un poids sur la poitrine \/ Je devrais parler \u00e0 un ami mais je n&#039;arrive pas \u00e0 sortir du lit \/ J&#039;ai des vertiges et des naus\u00e9es \/ Je dis que je suis amoureuse, alors c&#039;est difficile \u00e0 dire \/ Je ne peux ni manger ni dormir \/ Je pense que tu es la cause de mes probl\u00e8mes. \u00bb.<\/p>\n<p> La prestation de Rodrigo a \u00e9t\u00e9 une v\u00e9ritable surprise, car personne ne savait rien de son set au festival espagnol jusqu&#039;\u00e0 ce qu&#039;elle r\u00e9v\u00e8le le secret sur ses Stories Instagram samedi matin.<\/p>\n<p> <strong>Le meilleur de la vari\u00e9t\u00e9<\/strong><\/p>\n<ul>\n<li>\n<p> Pr\u00e9dictions finales des Tony Awards\u00a0: Qui va gagner et qui devrait gagner lors de la plus grande soir\u00e9e de Broadway\u00a0?<\/p>\n<\/li>\n<li>\n<p> Quelles sont les nouveaut\u00e9s sur Disney+ en juin 2026\u00a0?<\/p>\n<\/li>\n<li>\n<p> Quelles sont les nouveaut\u00e9s sur Netflix en juin 2026 ?<\/p>\n<\/li>\n<\/ul>\n<p> Abonnez-vous \u00e0 la newsletter de Variety. Pour les derni\u00e8res actualit\u00e9s, suivez-nous sur Facebook, Twitter et Instagram.<\/p>","protected":false},"excerpt":{"rendered":"<p>L&#039;un des secrets les mieux gard\u00e9s de la musique pop en 2026 a \u00e9t\u00e9 r\u00e9v\u00e9l\u00e9\u00a0: Olivia Rodrigo et Robert Smith de The Cure enregistreront un duo complet\u2026<\/p>","protected":false},"author":1,"featured_media":16554,"comment_status":"open","ping_status":"closed","sticky":false,"template":"","format":"standard","meta":{"footnotes":""},"categories":[7],"tags":[],"class_list":["post-16553","post","type-post","status-publish","format-standard","has-post-thumbnail","hentry","category-muzyka","hvn-theme-has-thumbnail"],"_links":{"self":[{"href":"https:\/\/imgist.ru\/fr\/wp-json\/wp\/v2\/posts\/16553","targetHints":{"allow":["GET"]}}],"collection":[{"href":"https:\/\/imgist.ru\/fr\/wp-json\/wp\/v2\/posts"}],"about":[{"href":"https:\/\/imgist.ru\/fr\/wp-json\/wp\/v2\/types\/post"}],"author":[{"embeddable":true,"href":"https:\/\/imgist.ru\/fr\/wp-json\/wp\/v2\/users\/1"}],"replies":[{"embeddable":true,"href":"https:\/\/imgist.ru\/fr\/wp-json\/wp\/v2\/comments?post=16553"}],"version-history":[{"count":0,"href":"https:\/\/imgist.ru\/fr\/wp-json\/wp\/v2\/posts\/16553\/revisions"}],"wp:featuredmedia":[{"embeddable":true,"href":"https:\/\/imgist.ru\/fr\/wp-json\/wp\/v2\/media\/16554"}],"wp:attachment":[{"href":"https:\/\/imgist.ru\/fr\/wp-json\/wp\/v2\/media?parent=16553"}],"wp:term":[{"taxonomy":"category","embeddable":true,"href":"https:\/\/imgist.ru\/fr\/wp-json\/wp\/v2\/categories?post=16553"},{"taxonomy":"post_tag","embeddable":true,"href":"https:\/\/imgist.ru\/fr\/wp-json\/wp\/v2\/tags?post=16553"}],"curies":[{"name":"wp","href":"https:\/\/api.w.org\/{rel}","templated":true}]}}