{"id":17092,"date":"2026-06-07T21:04:02","date_gmt":"2026-06-07T18:04:02","guid":{"rendered":"https:\/\/imgist.ru\/morgan-uollen-raskritikoval-bessmyslennye-kommentarii-po-povodu-otmeny-konczerta-v-pittsburge-v-poslednyuyu-minutu\/"},"modified":"2026-08-29T12:19:10","modified_gmt":"2026-08-29T09:19:10","slug":"morgan-woollen-a-vivement-critique-les-commentaires-insenses-concernant-lannulation-de-derniere-minute-du-concert-de-pittsburgh","status":"publish","type":"post","link":"https:\/\/imgist.ru\/fr\/morgan-uollen-raskritikoval-bessmyslennye-kommentarii-po-povodu-otmeny-konczerta-v-pittsburge-v-poslednyuyu-minutu\/","title":{"rendered":"Morgan Wallen a fustig\u00e9 les commentaires \u00ab absurdes \u00bb concernant l&#039;annulation de derni\u00e8re minute d&#039;un concert \u00e0 Pittsburgh."},"content":{"rendered":"<h3>\u00c0 SAVOIR<\/h3>\n<ul>\n<li>\n<p> Morgan Wallen a annul\u00e9 son concert \u00e0 Pittsburgh, pr\u00e9vu le 6 juin, en raison des intemp\u00e9ries.<\/p>\n<\/li>\n<li>\n<p> Il a ensuite r\u00e9agi aux commentaires \u00ab absurdes \u00bb concernant l&#039;annulation de derni\u00e8re minute sur ses stories Instagram.<\/p>\n<\/li>\n<li>\n<p> Un concert pr\u00e9vu ce week-end a \u00e9t\u00e9 annul\u00e9 apr\u00e8s que Wallen a fait la une des journaux en renversant un piano sur sc\u00e8ne lors d&#039;une repr\u00e9sentation \u00e0 Denver le 29 mai.<\/p>\n<\/li>\n<\/ul>\n<p> Morgan Wallen a r\u00e9agi aux commentaires qu&#039;il qualifie d&#039;\u00ab absurdes \u00bb concernant l&#039;annulation de derni\u00e8re minute de son concert \u00e0 Pittsburgh ce week-end.<\/p>\n<p> Le chanteur country de 33 ans a annonc\u00e9 sur ses Stories Instagram qu&#039;il annulait son concert de la tourn\u00e9e Still the Problem au stade Acrisure le samedi 6 juin, en raison des intemp\u00e9ries.<\/p>\n<p> Ce concert devait \u00eatre la deuxi\u00e8me \u00e9tape de la tourn\u00e9e de Wallen dans la ville.<\/p>\n<p> \u00ab Apr\u00e8s avoir consult\u00e9 les autorit\u00e9s locales et mon \u00e9quipe, nous n&#039;avons d&#039;autre choix que d&#039;annuler le spectacle de ce soir en raison des conditions m\u00e9t\u00e9orologiques d\u00e9favorables pr\u00e9vues tout au long de la journ\u00e9e et de la nuit \u00bb, a \u00e9crit Wallen.<\/p>\n<p> \u00ab La s\u00e9curit\u00e9 de mes fans et de l&#039;\u00e9quipe de tournage est notre priorit\u00e9 absolue. Les remboursements sont possibles au point de vente \u00bb, a-t-il ajout\u00e9. <\/p>\n<p> Morgan Wallen dans ses Stories Instagram. Photo\u00a0: morganwallen\/Instagram<\/p>\n<p> Quelques heures plus tard, l&#039;interpr\u00e8te du tube \u00ab\u00a0I Got Better\u00a0\u00bb a comment\u00e9 l&#039;annulation du concert dans un message vid\u00e9o. Wallen a indiqu\u00e9 que son \u00e9quipe l&#039;avait inform\u00e9 plus t\u00f4t dans la journ\u00e9e de la n\u00e9cessit\u00e9 d&#039;annuler le spectacle en raison de pr\u00e9visions de vents violents dans la r\u00e9gion.<\/p>\n<p> \u00ab C\u2019est ce que j\u2019ai fait. C\u2019\u00e9taient toutes les informations dont je disposais \u00e0 ce moment-l\u00e0, et j\u2019ai fait confiance \u00e0 mon \u00e9quipe \u00bb, a-t-il expliqu\u00e9. \u00ab Je comprends que les vents et les autres intemp\u00e9ries n\u2019ont pas encore atteint Pittsburgh. Je sais que certaines r\u00e9gions de Pennsylvanie ont \u00e9t\u00e9 touch\u00e9es, et je pr\u00e9sente mes condol\u00e9ances \u00e0 toutes les personnes affect\u00e9es. \u00bb.<\/p>\n<p> \u00ab Mais la v\u00e9rit\u00e9, c&#039;est que j&#039;ai v\u00e9cu une sc\u00e8ne importante qui, dans ces circonstances, aurait pu \u00eatre mortelle pour beaucoup de gens autour de moi \u00bb, a ajout\u00e9 Wallen. \u00ab J&#039;ai fait de mon mieux avec les informations dont je disposais \u00e0 ce moment-l\u00e0. \u00bb.<\/p>\n<p> Wallen a ensuite ni\u00e9 \u00ab\u00a0toutes ces absurdit\u00e9s \u00e0 mon sujet qui sont tout simplement fausses\u00a0\u00bb. Il a expliqu\u00e9\u00a0: \u00ab\u00a0Je voulais juste clarifier la situation.\u00a0\u00bb.<\/p>\n<p> \u00ab Je pense que mes vrais fans savent que je ne fais pas \u00e7a d&#039;habitude, mais je devais le dire. Au revoir tout le monde \u00bb, a conclu la chanteuse.<\/p>\n<p> TribLive a annonc\u00e9 que des orages isol\u00e9s \u00e9taient attendus dans la r\u00e9gion de Pittsburgh le jour du concert.<\/p>\n<p> \u00ab C&#039;est comme \u00e7a \u00bb, a d\u00e9clar\u00e9 Nate Lynch, un spectateur, \u00e0 TribLive \u00e0 propos de l&#039;annulation. \u00ab Heureusement, nous allons r\u00e9cup\u00e9rer nos billets. \u00bb.<\/p>\n<p> Les repr\u00e9sentants du stade Acrisure n&#039;ont pas imm\u00e9diatement r\u00e9pondu \u00e0 la demande de commentaires de PEOPLE le dimanche 7 juin. Les repr\u00e9sentants de Wallen ont renvoy\u00e9 PEOPLE aux publications Instagram Stories de la chanteuse. <\/p>\n<p> Morgan Wallen se produit sur sc\u00e8ne \u00e0 Nashville en avril 2026. Photo\u00a0: Kevin Mazur\/Getty<\/p>\n<p> L\u2019annulation du concert du 6 juin intervient apr\u00e8s que Wallen a fait la une des journaux pour avoir renvers\u00e9 un piano sur sc\u00e8ne lors d\u2019un concert \u00e0 Denver le 29 mai.<\/p>\n<p> Comme indiqu\u00e9 par <em>\u00c9dition Rolling Stone,<\/em> Lors de son interpr\u00e9tation de \u00ab Sand in My Boots \u00bb, Wallen n&#039;entendait pas le piano et a termin\u00e9 la chanson a cappella.<\/p>\n<p> <strong>Ne manquez aucune actualit\u00e9 - abonnez-vous \u00e0<\/strong> <strong>newsletter quotidienne gratuite PEOPLE<\/strong> <strong>, pour rester au courant des meilleures actualit\u00e9s de PEOPLE, des nouvelles des c\u00e9l\u00e9brit\u00e9s aux histoires humaines les plus touchantes.<\/strong><\/p>\n<p> La chanteuse a ensuite comment\u00e9 l&#039;incident dans une vid\u00e9o TikTok, apparemment film\u00e9e le soir m\u00eame du concert. \u00ab\u00a0Salut, je voulais juste vous dire que ce piano fonctionne maintenant\u00a0\u00bb, d\u00e9clare Wallen dans la vid\u00e9o. \u00ab\u00a0C&#039;est ce qu&#039;on m&#039;a dit hier soir.\u00a0\u00bb.<\/p>\n<p> \u00ab Vous ne voyez pas \u00e0 quel point je suis contrari\u00e9 par mon piano ? \u00bb, a-t-il \u00e9crit en l\u00e9gende de sa publication.<\/p>\n<p> Lisez l&#039;article original sur People.<\/p>","protected":false},"excerpt":{"rendered":"<p>\u00c0 SAVOIR\u00a0: Morgan Wallen a annul\u00e9 son concert \u00e0 Pittsburgh, pr\u00e9vu le 6\u00a0juin, en raison des mauvaises conditions m\u00e9t\u00e9orologiques. Il a ensuite r\u00e9agi aux commentaires \u00ab\u00a0absurdes\u00a0\u00bb qui circulaient \u00e0 ce sujet\u2026<\/p>","protected":false},"author":1,"featured_media":17093,"comment_status":"open","ping_status":"closed","sticky":false,"template":"","format":"standard","meta":{"footnotes":""},"categories":[7],"tags":[],"class_list":["post-17092","post","type-post","status-publish","format-standard","has-post-thumbnail","hentry","category-muzyka","hvn-theme-has-thumbnail"],"_links":{"self":[{"href":"https:\/\/imgist.ru\/fr\/wp-json\/wp\/v2\/posts\/17092","targetHints":{"allow":["GET"]}}],"collection":[{"href":"https:\/\/imgist.ru\/fr\/wp-json\/wp\/v2\/posts"}],"about":[{"href":"https:\/\/imgist.ru\/fr\/wp-json\/wp\/v2\/types\/post"}],"author":[{"embeddable":true,"href":"https:\/\/imgist.ru\/fr\/wp-json\/wp\/v2\/users\/1"}],"replies":[{"embeddable":true,"href":"https:\/\/imgist.ru\/fr\/wp-json\/wp\/v2\/comments?post=17092"}],"version-history":[{"count":2,"href":"https:\/\/imgist.ru\/fr\/wp-json\/wp\/v2\/posts\/17092\/revisions"}],"predecessor-version":[{"id":160564,"href":"https:\/\/imgist.ru\/fr\/wp-json\/wp\/v2\/posts\/17092\/revisions\/160564"}],"wp:featuredmedia":[{"embeddable":true,"href":"https:\/\/imgist.ru\/fr\/wp-json\/wp\/v2\/media\/17093"}],"wp:attachment":[{"href":"https:\/\/imgist.ru\/fr\/wp-json\/wp\/v2\/media?parent=17092"}],"wp:term":[{"taxonomy":"category","embeddable":true,"href":"https:\/\/imgist.ru\/fr\/wp-json\/wp\/v2\/categories?post=17092"},{"taxonomy":"post_tag","embeddable":true,"href":"https:\/\/imgist.ru\/fr\/wp-json\/wp\/v2\/tags?post=17092"}],"curies":[{"name":"wp","href":"https:\/\/api.w.org\/{rel}","templated":true}]}}