{"id":17109,"date":"2026-06-07T21:11:04","date_gmt":"2026-06-07T18:11:04","guid":{"rendered":"https:\/\/imgist.ru\/sotni-dvojnikov-charli-chaplina-sobralis-v-shvejczarii\/"},"modified":"2026-06-07T21:11:04","modified_gmt":"2026-06-07T18:11:04","slug":"des-centaines-de-sosies-de-charlie-chaplin-se-sont-rassembles-en-suisse","status":"publish","type":"post","link":"https:\/\/imgist.ru\/fr\/sotni-dvojnikov-charli-chaplina-sobralis-v-shvejczarii\/","title":{"rendered":"Des centaines de sosies de Charlie Chaplin se sont rassembl\u00e9s en Suisse."},"content":{"rendered":"<p>Dimanche, plus de 400 personnes coiff\u00e9es de chapeaux melon noirs, arborant des moustaches en brosse et s&#039;appuyant sur des cannes se sont rassembl\u00e9es en Suisse pour battre le record du plus grand nombre de sosies de Charlie Chaplin de l&#039;histoire.<\/p>\n<p> Un rassemblement inhabituel, auquel ont particip\u00e9 des fans de Chaplin de tous \u00e2ges, a eu lieu au mus\u00e9e d\u00e9di\u00e9 au l\u00e9gendaire r\u00e9alisateur, situ\u00e9 dans son ancienne maison \u00e0 Corsier-sur-Vevey, dans l&#039;ouest de la Suisse.<\/p>\n<p> L&#039;\u00e9v\u00e9nement, qui marquait le 10e anniversaire du mus\u00e9e, a finalement attir\u00e9 429 sosies de Chaplin, soit moins que le record du monde \u00e9tabli en 2017, lorsque 662 personnes y avaient particip\u00e9.<\/p>\n<p> Mais cela n&#039;a pas g\u00e2ch\u00e9 l&#039;ambiance.<\/p>\n<p> Sous un soleil de plomb, les Chaplin se rassembl\u00e8rent pour former un gigantesque num\u00e9ro 10 sur la pelouse devant le grand domaine o\u00f9 la star de cin\u00e9ma anglaise passa les 25 derni\u00e8res ann\u00e9es de sa vie.<\/p>\n<p> \u00ab Je suis v\u00e9ritablement l&#039;homme le plus heureux du monde \u00bb, a d\u00e9clar\u00e9 Anthony Champey, un \u00e9l\u00e9gant Fran\u00e7ais de 36 ans qui ressemble \u00e9trangement \u00e0 Chaplin, expliquant qu&#039;il est acteur et qu&#039;il interpr\u00e8te souvent la l\u00e9gende du cin\u00e9ma sur sc\u00e8ne.<\/p>\n<p> \u00ab Nous sommes dans la maison de Chaplin avec des gens qui aiment Chaplin de tout leur c\u0153ur \u00bb, a-t-il d\u00e9clar\u00e9 \u00e0 l&#039;AFP.<\/p>\n<p> Laissant entendre que Chaplin souhaitait encourager les gens \u00e0 conserver le plus longtemps possible leur capacit\u00e9 enfantine \u00e0 s&#039;\u00e9merveiller et \u00e0 jouer, il a \u00e9mis l&#039;hypoth\u00e8se que l&#039;acteur aurait appr\u00e9ci\u00e9 que des centaines d&#039;\u00ab enfants devenus adultes \u00bb se soient rassembl\u00e9s ici aujourd&#039;hui.<\/p>\n<p> \u00abJe trouve \u00e7a charmant.\u00bb.<\/p>\n<p> Le mus\u00e9e est situ\u00e9 sur le vaste domaine du Manoir de Ban, \u00e0 environ 26 kilom\u00e8tres (16 miles) de Lausanne, o\u00f9 Chaplin a v\u00e9cu avec sa femme Oona et ses huit enfants jusqu&#039;\u00e0 sa mort en 1977 \u00e0 l&#039;\u00e2ge de 88 ans.<\/p>\n<p> Il s&#039;est install\u00e9 en Suisse apr\u00e8s s&#039;\u00eatre vu interdire l&#039;entr\u00e9e aux \u00c9tats-Unis dans les ann\u00e9es 1950 en raison de soup\u00e7ons de sympathies communistes, au plus fort de la parano\u00efa de la guerre froide concernant l&#039;infiltration sovi\u00e9tique.<\/p>\n<p> Alice Kaufman, qui avait amen\u00e9 ses jeunes enfants pour jouer le r\u00f4le d&#039;aum\u00f4niers miniatures, a d\u00e9clar\u00e9 que la r\u00e9union de dimanche \u00e9tait un spectacle \u00ab touchant \u00bb.<\/p>\n<p> Elle et d&#039;autres participants ont d\u00e9clar\u00e9 que l&#039;\u00e9v\u00e9nement leur rappelait les id\u00e9es humanistes que Chaplin promouvait dans des films embl\u00e9matiques tels que Le Dictateur, Le Kid et Les Temps modernes.<\/p>\n<p> \u00ab Il incarnait l&#039;amour, le respect et les belles valeurs \u00bb, a-t-elle d\u00e9clar\u00e9.<\/p>\n<p> Sophie Teteul, \u00e2g\u00e9e de 52 ans, a acquiesc\u00e9.<\/p>\n<p> \u00ab J&#039;adore Charlie Chaplin et j&#039;adore cet endroit \u00bb, a-t-elle d\u00e9clar\u00e9 \u00e0 l&#039;AFP.<\/p>\n<p> \u00ab Je trouve formidable que nous puissions nous r\u00e9unir aujourd&#039;hui, tant d&#039;ann\u00e9es apr\u00e8s sa disparition. C&#039;est un moment merveilleux en son honneur. \u00bb.<\/p>\n<p> Les organisateurs de l&#039;\u00e9v\u00e9nement de dimanche ne semblaient pas non plus trop pr\u00e9occup\u00e9s par le fait qu&#039;ils n&#039;aient pas r\u00e9ussi \u00e0 battre le record du monde, que le mus\u00e9e d\u00e9tient d\u00e9j\u00e0.<\/p>\n<p> \u00ab Rien n&#039;est perdu \u00bb, a d\u00e9clar\u00e9 la porte-parole Olivia Baliget \u00e0 l&#039;AFP.<\/p>\n<p> \u00ab Qui sait, peut-\u00eatre que nous r\u00e9essayerons l\u2019ann\u00e9e prochaine ou pour le 20e anniversaire. \u00bb.<\/p>\n<p> str-nl\/jhb<\/p>","protected":false},"excerpt":{"rendered":"<p>Dimanche, plus de 400 personnes coiff\u00e9es de chapeaux melon noirs, arborant des moustaches en brosse et s&#039;appuyant sur des cannes se sont rassembl\u00e9es en Suisse pour battre le record du plus grand nombre de sosies de Charlie Chaplin de l&#039;histoire.<\/p>","protected":false},"author":1,"featured_media":0,"comment_status":"open","ping_status":"closed","sticky":false,"template":"","format":"standard","meta":{"footnotes":""},"categories":[6],"tags":[],"class_list":["post-17109","post","type-post","status-publish","format-standard","hentry","category-kinoindustriya"],"_links":{"self":[{"href":"https:\/\/imgist.ru\/fr\/wp-json\/wp\/v2\/posts\/17109","targetHints":{"allow":["GET"]}}],"collection":[{"href":"https:\/\/imgist.ru\/fr\/wp-json\/wp\/v2\/posts"}],"about":[{"href":"https:\/\/imgist.ru\/fr\/wp-json\/wp\/v2\/types\/post"}],"author":[{"embeddable":true,"href":"https:\/\/imgist.ru\/fr\/wp-json\/wp\/v2\/users\/1"}],"replies":[{"embeddable":true,"href":"https:\/\/imgist.ru\/fr\/wp-json\/wp\/v2\/comments?post=17109"}],"version-history":[{"count":0,"href":"https:\/\/imgist.ru\/fr\/wp-json\/wp\/v2\/posts\/17109\/revisions"}],"wp:attachment":[{"href":"https:\/\/imgist.ru\/fr\/wp-json\/wp\/v2\/media?parent=17109"}],"wp:term":[{"taxonomy":"category","embeddable":true,"href":"https:\/\/imgist.ru\/fr\/wp-json\/wp\/v2\/categories?post=17109"},{"taxonomy":"post_tag","embeddable":true,"href":"https:\/\/imgist.ru\/fr\/wp-json\/wp\/v2\/tags?post=17109"}],"curies":[{"name":"wp","href":"https:\/\/api.w.org\/{rel}","templated":true}]}}