{"id":17128,"date":"2026-06-07T21:14:32","date_gmt":"2026-06-07T18:14:32","guid":{"rendered":"https:\/\/imgist.ru\/vnesite-raznoobrazie-v-raspisanie-filma-vampir-lestat\/"},"modified":"2026-06-07T21:14:32","modified_gmt":"2026-06-07T18:14:32","slug":"pimentez-le-calendrier-des-films-vampire-lestat","status":"publish","type":"post","link":"https:\/\/imgist.ru\/fr\/vnesite-raznoobrazie-v-raspisanie-filma-vampir-lestat\/","title":{"rendered":"Pimentez votre quotidien avec Lestat le vampire."},"content":{"rendered":"<p>La troisi\u00e8me saison de la s\u00e9rie <em>\u00abLe vampire Lestat\u00bb<\/em> , connu auparavant <em>comme Entretien avec un vampire\u00ab<\/em> , sera diffus\u00e9 sur AMC ce dimanche 7 juin. Laissez-moi vous aider \u00e0 rester \u00e0 jour et \u00e0 passer le meilleur \u00e9t\u00e9 vampirique de tous les temps.<\/p>\n<p> Si vous ne l&#039;avez pas encore regard\u00e9 <em>\u00abEntretien avec un vampire\u00bb<\/em> , Vous avez encore le temps de vous rattraper avant la premi\u00e8re. <em>\u00ab&quot;Lestat le vampire&quot;\u00bb<\/em> Vous pouvez facilement regarder les deux premi\u00e8res saisons, soit 15 \u00e9pisodes au total, en quelques jours si vous \u00eates motiv\u00e9(e). Elles sont \u00e9galement disponibles sur Netflix si vous souhaitez planifier votre abonnement AMC. Si vous avez besoin de plus de temps, pas de probl\u00e8me. <em>\u00abLe vampire Lestat\u00bb<\/em> Il est diffus\u00e9 chaque semaine. Le risque de retard est minime. N&#039;h\u00e9sitez pas, commencez \u00e0 regarder.<\/p>\n<p> Cette nouvelle saison, sans aucune ambigu\u00eft\u00e9, est consacr\u00e9e au deuxi\u00e8me tome des Chroniques des vampires d&#039;Anne Rice. Alors que le premier tome et les deux premi\u00e8res saisons racontaient l&#039;histoire du vampire Louis de Pointe du Lac (Jacob Anderson), cette saison se concentre sur son amant immortel, Lestat de Lioncourt (Sam Reid), avec qui il entretient une relation tumultueuse. Attention, spoilers pour ceux qui n&#039;ont pas lu les livres ou vu la bande-annonce\u00a0: Lestat perd la t\u00eate cette saison et d\u00e9cide de devenir une rock star. Si, si\u00a0! Vous pouvez m\u00eame l&#039;\u00e9couter sur Spotify. Eric Bogosian, Assad Zaman, Delaney Hales, Joseph Potter et Justin Kirk sont \u00e9galement de retour pour cette nouvelle saison. Ils sont rejoints par Jennifer Ehle, Sheila Atim et bien d&#039;autres\u00a0!<\/p>\n<h4> Rappelez-moi la date de la premi\u00e8re du film. <em>\u00abLe vampire Lestat\u00bb<\/em> ?<\/h4>\n<p> Le premier \u00e9pisode de la nouvelle saison, \u00ab Detroit \u00bb, sera diffus\u00e9 en avant-premi\u00e8re sur AMC et AMC+ le dimanche 7 juin. Un seul \u00e9pisode ! Un petit coup de ma\u00eetre, comme dirait Lestat.<\/p>\n<p> Si vous regardez la s\u00e9rie via une application de streaming, les nouveaux \u00e9pisodes seront diffus\u00e9s le dimanche \u00e0 3h00 HNE \/ 0h00 HNP. Si vous la regardez apr\u00e8s le d\u00eener sur AMC, les \u00e9pisodes seront diffus\u00e9s \u00e0 21h00 HNE \/ HNP.<\/p>\n<h4> Combien y a-t-il d&#039;\u00e9pisodes dans <em>la s\u00e9rie t\u00e9l\u00e9vis\u00e9e \u00ab Le vampire Lestat \u00bb<\/em> ?<\/h4>\n<p> Sept : un \u00e9pisode de moins que dans la saison deux <em>\u00abEntretien avec un vampire,<\/em> mais le m\u00eame montant que pour la premi\u00e8re saison. On croise les doigts pour qu&#039;AMC donne son feu vert pour une nouvelle saison. <em>\u00e0<\/em> Elle comptait \u00e0 nouveau huit \u00e9pisodes. Ou mieux encore, plus ! On peut toujours r\u00eaver\u2026<\/p>\n<h4> Quel est le calendrier complet des \u00e9pisodes de la s\u00e9rie ? <em>\u00abLe vampire Lestat\u00bb<\/em> ?<\/h4>\n<ul>\n<li>\n<p> L&#039;\u00e9pisode 1, intitul\u00e9 \u00ab Detroit \u00bb, sera diffus\u00e9 le 7 juin 2026.<\/p>\n<\/li>\n<li>\n<p> L&#039;\u00e9pisode 2, intitul\u00e9 \u00ab Tol\u00e8de \u00bb, sera diffus\u00e9 le 14 juin 2026.<\/p>\n<\/li>\n<li>\n<p> L&#039;\u00e9pisode 3, intitul\u00e9 \u00ab Toronto \u00bb, sera diffus\u00e9 le 21 juin 2026.<\/p>\n<\/li>\n<li>\n<p> L&#039;\u00e9pisode 4, \u00ab La route du diable \u00bb, sera diffus\u00e9 le 28 juin 2026.<\/p>\n<\/li>\n<li>\n<p> \u00c9pisode 5, \u00ab \u00c0 d\u00e9terminer \u00bb - diffusion le 5 juillet 2026.<\/p>\n<\/li>\n<li>\n<p> \u00c9pisode 6, \u00ab \u00c0 d\u00e9terminer \u00bb - diffusion le 12 juillet 2026.<\/p>\n<\/li>\n<li>\n<p> \u00c9pisode 7, \u00ab \u00c0 d\u00e9terminer \u00bb - diffusion le 19 juillet 2026.<\/p>\n<\/li>\n<\/ul>\n<p> <strong>Vous aimerez peut-\u00eatre aussi<\/strong><\/p>\n<ul>\n<li>\n<p> Annulez votre r\u00e9servation \u2013 nous avons trouv\u00e9 35 d\u00e9licieuses recettes pour un d\u00eener d&#039;anniversaire<\/p>\n<\/li>\n<li>\n<p> Mes jambes sont incroyablement douces gr\u00e2ce \u00e0 cet appareil d&#039;\u00e9pilation.<\/p>\n<\/li>\n<li>\n<p> Trouv\u00e9 : Les plus belles robes sur Amazon qui valent vraiment leur prix.<\/p>\n<\/li>\n<\/ul>","protected":false},"excerpt":{"rendered":"<p>La troisi\u00e8me saison de Lestat le vampire, anciennement connue sous le nom d&#039;Entretien avec un vampire, sera diffus\u00e9e sur AMC \u00e0 partir de ce dimanche 7 juin. Laissez-moi vous aider\u2026<\/p>","protected":false},"author":1,"featured_media":17129,"comment_status":"open","ping_status":"closed","sticky":false,"template":"","format":"standard","meta":{"footnotes":""},"categories":[6],"tags":[],"class_list":["post-17128","post","type-post","status-publish","format-standard","has-post-thumbnail","hentry","category-kinoindustriya","hvn-theme-has-thumbnail"],"_links":{"self":[{"href":"https:\/\/imgist.ru\/fr\/wp-json\/wp\/v2\/posts\/17128","targetHints":{"allow":["GET"]}}],"collection":[{"href":"https:\/\/imgist.ru\/fr\/wp-json\/wp\/v2\/posts"}],"about":[{"href":"https:\/\/imgist.ru\/fr\/wp-json\/wp\/v2\/types\/post"}],"author":[{"embeddable":true,"href":"https:\/\/imgist.ru\/fr\/wp-json\/wp\/v2\/users\/1"}],"replies":[{"embeddable":true,"href":"https:\/\/imgist.ru\/fr\/wp-json\/wp\/v2\/comments?post=17128"}],"version-history":[{"count":0,"href":"https:\/\/imgist.ru\/fr\/wp-json\/wp\/v2\/posts\/17128\/revisions"}],"wp:featuredmedia":[{"embeddable":true,"href":"https:\/\/imgist.ru\/fr\/wp-json\/wp\/v2\/media\/17129"}],"wp:attachment":[{"href":"https:\/\/imgist.ru\/fr\/wp-json\/wp\/v2\/media?parent=17128"}],"wp:term":[{"taxonomy":"category","embeddable":true,"href":"https:\/\/imgist.ru\/fr\/wp-json\/wp\/v2\/categories?post=17128"},{"taxonomy":"post_tag","embeddable":true,"href":"https:\/\/imgist.ru\/fr\/wp-json\/wp\/v2\/tags?post=17128"}],"curies":[{"name":"wp","href":"https:\/\/api.w.org\/{rel}","templated":true}]}}