{"id":17181,"date":"2026-06-07T22:14:08","date_gmt":"2026-06-07T19:14:08","guid":{"rendered":"https:\/\/imgist.ru\/smogut-li-filmy-prizraki-i-vechnaya-lyubov-peresechsya-s-drugimi-kartinami\/"},"modified":"2026-08-29T12:19:10","modified_gmt":"2026-08-29T09:19:10","slug":"les-films-ghosts-et-eternal-love-auront-ils-des-liens-avec-dautres-films","status":"publish","type":"post","link":"https:\/\/imgist.ru\/fr\/smogut-li-filmy-prizraki-i-vechnaya-lyubov-peresechsya-s-drugimi-kartinami\/","title":{"rendered":"Les films \u00ab Ghosts \u00bb et \u00ab Eternal Love \u00bb pourront-ils avoir des r\u00e9percussions sur d&#039;autres films ?"},"content":{"rendered":"<p>Bien que <em>histoire de fant\u00f4mes<\/em> Bien que la s\u00e9rie soit termin\u00e9e, les cr\u00e9ateurs Joe Port et Joe Wiseman pr\u00e9senteront une toute nouvelle s\u00e9rie aux t\u00e9l\u00e9spectateurs cet automne \u2013 la com\u00e9die de vampires \u00ab <em>\u00c9ternellement v\u00f4tre<\/em> , qui sera diffus\u00e9e en avant-premi\u00e8re sur CBS.<\/p>\n<p> La s\u00e9rie occupera la case horaire du jeudi 20h30\/19h30 (heure centrale) pour son retour. <em>\u00abSpectres\u00bb<\/em> La nouvelle saison est pr\u00e9vue pour mi-saison 2027. Mais pas d&#039;inqui\u00e9tude, deux \u00e9pisodes sp\u00e9ciaux, consacr\u00e9s \u00e0 Halloween et \u00e0 No\u00ebl, vous divertiront jusque-l\u00e0. Et, comme les cr\u00e9ateurs de la s\u00e9rie l&#039;ont laiss\u00e9 entendre, ces \u00e9pisodes reviendront sur le final haletant de la saison 5, r\u00e9v\u00e9lant de nouvelles informations sur la disparition du fant\u00f4me de Pete (Richie Moriarty).<\/p>\n<p> Mais les fans auront-ils la chance de revoir les fant\u00f4mes de Woodstone encore plus t\u00f4t\u00a0? Lors de notre entretien avec Joe pendant le final de la saison 5, <em>\u00abSpectres\u00bb<\/em> , ils ont partag\u00e9 leurs r\u00e9flexions sur la possibilit\u00e9 d&#039;un crossover avec <em>\u00ab&quot;\u00c0 jamais v\u00f4tre&quot;\u00bb<\/em> . \u00ab Oui, je pense que ce serait tr\u00e8s amusant \u00bb, a d\u00e9clar\u00e9 Port avec enthousiasme. <\/p>\n<p> Philippe Bosse \/ CBS<\/p>\n<p> \u00ab De toute \u00e9vidence, je pense qu&#039;\u00e0 l&#039;avenir, le r\u00f4le de Rose Abdoo sera plus li\u00e9 \u00e0 celui de Phyllis dans la s\u00e9rie. \u00bb <em>\u00ab\u00c0 jamais tien\u00bb<\/em> , \u00bb\u00a0Puisqu\u2019elle y joue r\u00e9guli\u00e8rement, je pense qu\u2019un \u00e9pisode crossover serait vraiment amusant\u00a0\u00bb, a poursuivi Port, faisant r\u00e9f\u00e9rence au r\u00f4le d\u2019Abdou dans les deux s\u00e9ries, car elle, comme les autres actrices de la s\u00e9rie, <em>\u00ab&quot;\u00c0 jamais v\u00f4tre&quot;,<\/em> ils sont revenus dans les derniers \u00e9pisodes de la saison 5.\u00ab <em>Spectres<\/em> \u00bb&quot; en tant que productrice de t\u00e9l\u00e9vision Paula.<\/p>\n<p> \u00ab Nous avons un peu discut\u00e9 de ce \u00e0 quoi cela pourrait ressembler \u00bb, a poursuivi Port. \u00ab Qu&#039;il s&#039;agisse de vampires apparaissant \u00e0 Woodstone ou de quelque chose d&#039;autre, je pense que ce serait vraiment int\u00e9ressant \u00e0 explorer. \u00bb.<\/p>\n<p> Aucune information n&#039;est actuellement disponible concernant un \u00e9ventuel crossover dans la premi\u00e8re saison de la s\u00e9rie. <em>\u00ab\u00c0 jamais tien\u00bb<\/em> , mais si cela se produit, cela pourrait signifier que les fans verront l&#039;\u00e9quipe <em>\u00abSpectres\u00bb<\/em> Encore plus t\u00f4t que pr\u00e9vu. Restez \u00e0 l&#039;\u00e9coute pour plus d&#039;informations sur un \u00e9ventuel crossover, et dites-nous si vous aimeriez voir ces deux univers surnaturels se rencontrer d\u00e8s la premi\u00e8re saison. <em>\u00ab\u00c0 jamais tien\u00bb<\/em> .<\/p>\n<p> <em><strong>\u00abSpectres\u00bb<\/strong><\/em> <strong>, premi\u00e8re de la saison 6, 2027, CBS.<\/strong><\/p>\n<p> <em><strong>\u00ab\u00c0 jamais tien\u00bb<\/strong><\/em> <strong>, Automne 2026, les jeudis, 20h30\/19h30 heure centrale, CBS.<\/strong><\/p>\n<p> Retrouvez toute l&#039;actualit\u00e9 du monde du divertissement sur TV Insider.<\/p>","protected":false},"excerpt":{"rendered":"<p>Bien que l&#039;histoire de fant\u00f4mes soit termin\u00e9e pour le moment, les cr\u00e9ateurs de la s\u00e9rie, Joe Port et Joe Wiseman, pr\u00e9senteront une toute nouvelle s\u00e9rie au public cet automne\u00a0: la com\u00e9die vampirique \u00ab\u00a0Forever Yours\u00a0\u00bb\u2026<\/p>","protected":false},"author":1,"featured_media":17182,"comment_status":"open","ping_status":"closed","sticky":false,"template":"","format":"standard","meta":{"footnotes":""},"categories":[6],"tags":[],"class_list":["post-17181","post","type-post","status-publish","format-standard","has-post-thumbnail","hentry","category-kinoindustriya","hvn-theme-has-thumbnail"],"_links":{"self":[{"href":"https:\/\/imgist.ru\/fr\/wp-json\/wp\/v2\/posts\/17181","targetHints":{"allow":["GET"]}}],"collection":[{"href":"https:\/\/imgist.ru\/fr\/wp-json\/wp\/v2\/posts"}],"about":[{"href":"https:\/\/imgist.ru\/fr\/wp-json\/wp\/v2\/types\/post"}],"author":[{"embeddable":true,"href":"https:\/\/imgist.ru\/fr\/wp-json\/wp\/v2\/users\/1"}],"replies":[{"embeddable":true,"href":"https:\/\/imgist.ru\/fr\/wp-json\/wp\/v2\/comments?post=17181"}],"version-history":[{"count":1,"href":"https:\/\/imgist.ru\/fr\/wp-json\/wp\/v2\/posts\/17181\/revisions"}],"predecessor-version":[{"id":160581,"href":"https:\/\/imgist.ru\/fr\/wp-json\/wp\/v2\/posts\/17181\/revisions\/160581"}],"wp:featuredmedia":[{"embeddable":true,"href":"https:\/\/imgist.ru\/fr\/wp-json\/wp\/v2\/media\/17182"}],"wp:attachment":[{"href":"https:\/\/imgist.ru\/fr\/wp-json\/wp\/v2\/media?parent=17181"}],"wp:term":[{"taxonomy":"category","embeddable":true,"href":"https:\/\/imgist.ru\/fr\/wp-json\/wp\/v2\/categories?post=17181"},{"taxonomy":"post_tag","embeddable":true,"href":"https:\/\/imgist.ru\/fr\/wp-json\/wp\/v2\/tags?post=17181"}],"curies":[{"name":"wp","href":"https:\/\/api.w.org\/{rel}","templated":true}]}}