{"id":17325,"date":"2026-06-08T01:04:13","date_gmt":"2026-06-07T22:04:13","guid":{"rendered":"https:\/\/imgist.ru\/vernon-i-gruppa-the8-iz-seventeen-podtverdili-vyhod-svoego-sovmestnym-alboma-v-etom-mesyacze\/"},"modified":"2026-08-29T12:19:50","modified_gmt":"2026-08-29T09:19:50","slug":"vernon-et-les-huit-membres-de-seventeen-ont-confirme-la-sortie-de-leur-album-commun-ce-mois-ci","status":"publish","type":"post","link":"https:\/\/imgist.ru\/fr\/vernon-i-gruppa-the8-iz-seventeen-podtverdili-vyhod-svoego-sovmestnym-alboma-v-etom-mesyacze\/","title":{"rendered":"Vernon et The8, membres du groupe SEVENTEEN, ont confirm\u00e9 que leur album collaboratif sortira ce mois-ci."},"content":{"rendered":"<p>L&#039;\u00e8re des sous-groupes de SEVENTEEN bat son plein. PLEDIS Entertainment a officiellement confirm\u00e9 que Vernon et The8 sortiront leur premier album sous le nom de V8 le 29 juin. Cette annonce intervient alors que les cinq autres membres du groupe s&#039;appr\u00eatent \u00e0 effectuer leur service militaire plus tard cette ann\u00e9e, faisant de V8 l&#039;un des duos form\u00e9s par SEVENTEEN pour maintenir leur dynamique cr\u00e9ative durant leur pause.<\/p>\n<h2> Qu&#039;est-ce qu&#039;un V8 \u2013 et que signifie ce nom\u00a0?<\/h2>\n<p> Le nom du groupe, \u00ab\u00a0V8\u00a0\u00bb, combine le \u00ab\u00a0V\u00a0\u00bb du nom de Vernon et le \u00ab\u00a08\u00a0\u00bb de celui de The8. \u00c0 l&#039;image d&#039;un puissant moteur V8 offrant une acc\u00e9l\u00e9ration fulgurante, le groupe symbolise l&#039;\u00e9nergie in\u00e9puisable du duo, aliment\u00e9e par leur cr\u00e9ativit\u00e9 unique, selon un communiqu\u00e9 officiel de PLEDIS Entertainment. Les deux membres participent activement \u00e0 l&#039;\u00e9criture et \u00e0 la composition de l&#039;album, au lieu de travailler sur des morceaux impos\u00e9s par le label, ce qui est significatif compte tenu du talent reconnu de Vernon en tant qu&#039;auteur-compositeur et de l&#039;exp\u00e9rience de The8 dans la production de ses propres projets solo.<\/p>\n<h2> Qui sont Vernon et The8 ? <\/h2>\n<p> S\u00c9OUL, COR\u00c9E DU SUD \u2013 27 MAI\u00a0: Vernon, membre du groupe SEVENTEEN, assiste \u00e0 la conf\u00e9rence de presse pour la sortie du quatri\u00e8me album du groupe, \u00ab\u00a0Face the Sun\u00a0\u00bb, au Grand Hall de l\u2019h\u00f4tel Conrad Seoul, le 27\u00a0mai\u00a02022 \u00e0 S\u00e9oul, en Cor\u00e9e du Sud. (Photo\u00a0: The Chosunilbo JNS\/Imazins via Getty Images)<\/p>\n<p> Images via Getty Images<\/p>\n<p> Vernon, de son vrai nom Choi Vernon Hansol, est l&#039;un des rappeurs principaux de SEVENTEEN et l&#039;un des membres les plus actifs du groupe en coulisses. Il a contribu\u00e9 \u00e0 l&#039;int\u00e9gralit\u00e9 de la discographie du groupe depuis leurs d\u00e9buts en 2015, est devenu membre \u00e0 part enti\u00e8re de la Korea Music Copyright Association en 2024 et membre votant de la Recording Academy en 2025, ce qui lui permet de voter aux Grammy Awards. <\/p>\n<p> S\u00c9OUL, COR\u00c9E DU SUD \u2013 18 JUIN\u00a0: Le huiti\u00e8me membre du groupe SEVENTEEN assiste \u00e0 la conf\u00e9rence de presse pour la sortie de leur huiti\u00e8me mini-album \u00ab\u00a0Your Choice\u00a0\u00bb \u00e0 la salle de bal Harmony de l\u2019h\u00f4tel Intercontinental Seoul Coex, le 18\u00a0juin\u00a02021 \u00e0 S\u00e9oul, en Cor\u00e9e du Sud. (Photo\u00a0: The Chosunilbo JNS\/Imazins via Getty Images)<\/p>\n<p> Images via Getty Images<\/p>\n<p> The8, de son vrai nom Xu Minghao, est le danseur principal du groupe SEVENTEEN. Il est reconnu pour sa pratique artistique contemporaine en parall\u00e8le de sa carri\u00e8re musicale. Il a sorti plusieurs projets solo en Chine, dont r\u00e9cemment un EP. <em>Poussi\u00e8re d&#039;\u00e9toiles<\/em> en 2024, qui combine des \u00e9l\u00e9ments de danse, de cin\u00e9ma et d&#039;art visuel dans son projet \u00ab The 8 Contemporary Art \u00bb. Ils avaient pr\u00e9c\u00e9demment collabor\u00e9 sur le projet \u00ab 54321 (Lift Off) \u00bb, qui figurait dans <em>Poussi\u00e8re d&#039;\u00e9toiles<\/em> , ce qui a permis \u00e0 V8 de s&#039;appuyer sur une base cr\u00e9ative existante plut\u00f4t que de partir de z\u00e9ro.<\/p>\n<h2> La place de V8 dans l&#039;histoire des unit\u00e9s de SEVENTEEN<\/h2>\n<p> SEVENTEEN a pr\u00e9c\u00e9demment pr\u00e9sent\u00e9 plusieurs sous-groupes, dont BSS, compos\u00e9 de Seungwan, DK et Hoshi, qui a sorti des tubes comme \u00ab\u00a0Fighting\u00a0\u00bb, \u00ab\u00a0CBZ (Prime Time)\u00a0\u00bb et \u00ab\u00a0Just Do It\u00a0\u00bb. Lorsque les membres ont commenc\u00e9 leur service militaire obligatoire, de nouveaux duos ont \u00e9t\u00e9 cr\u00e9\u00e9s\u00a0: JxW (Junghan et Wonwoo), HxW (Hoshi et Woozi), CxM (S.Coups et Mingyu) et DxS (DK et Seungwan). V8 est le sixi\u00e8me sous-groupe officiel de SEVENTEEN. Durant leur service, les sous-groupes ont rempli une double fonction\u00a0: offrir aux membres des opportunit\u00e9s d\u2019expression cr\u00e9ative et de reconnaissance individuelle, et soutenir les activit\u00e9s de SEVENTEEN pour les fans Carat en vue de la r\u00e9union du groupe en 2028.<\/p>\n<h2> Tourn\u00e9e de concerts V8<\/h2>\n<p> Suite \u00e0 la sortie de l&#039;album le 29 juin, SEVENTEEN, alias V8, entamera imm\u00e9diatement une s\u00e9rie de concerts. Les concerts \u00ab\u00a02026 Vernon The8 V8 Live\u00a0\u00bb auront lieu les 11 et 12 juillet dans le hall 1 du KINTEX Exhibition Center 1 \u00e0 Goyang, en Cor\u00e9e du Sud, avant de se produire \u00e0 Hong Kong dans le hall 10 de l&#039;AsiaWorld-Expo les 18 et 19 juillet.<\/p>\n<p> <em>Cet article a \u00e9t\u00e9 initialement publi\u00e9 sur Forbes.com.<\/em><\/p>","protected":false},"excerpt":{"rendered":"<p>L&#039;\u00e8re des sous-groupes de SEVENTEEN bat son plein. PLEDIS Entertainment a officiellement confirm\u00e9 que Vernon et The8 sortiront leur premier album au sein du sous-groupe V8 le 29\u2026<\/p>","protected":false},"author":1,"featured_media":0,"comment_status":"open","ping_status":"closed","sticky":false,"template":"","format":"standard","meta":{"footnotes":""},"categories":[7],"tags":[],"class_list":["post-17325","post","type-post","status-publish","format-standard","hentry","category-muzyka"],"_links":{"self":[{"href":"https:\/\/imgist.ru\/fr\/wp-json\/wp\/v2\/posts\/17325","targetHints":{"allow":["GET"]}}],"collection":[{"href":"https:\/\/imgist.ru\/fr\/wp-json\/wp\/v2\/posts"}],"about":[{"href":"https:\/\/imgist.ru\/fr\/wp-json\/wp\/v2\/types\/post"}],"author":[{"embeddable":true,"href":"https:\/\/imgist.ru\/fr\/wp-json\/wp\/v2\/users\/1"}],"replies":[{"embeddable":true,"href":"https:\/\/imgist.ru\/fr\/wp-json\/wp\/v2\/comments?post=17325"}],"version-history":[{"count":2,"href":"https:\/\/imgist.ru\/fr\/wp-json\/wp\/v2\/posts\/17325\/revisions"}],"predecessor-version":[{"id":160839,"href":"https:\/\/imgist.ru\/fr\/wp-json\/wp\/v2\/posts\/17325\/revisions\/160839"}],"wp:attachment":[{"href":"https:\/\/imgist.ru\/fr\/wp-json\/wp\/v2\/media?parent=17325"}],"wp:term":[{"taxonomy":"category","embeddable":true,"href":"https:\/\/imgist.ru\/fr\/wp-json\/wp\/v2\/categories?post=17325"},{"taxonomy":"post_tag","embeddable":true,"href":"https:\/\/imgist.ru\/fr\/wp-json\/wp\/v2\/tags?post=17325"}],"curies":[{"name":"wp","href":"https:\/\/api.w.org\/{rel}","templated":true}]}}