{"id":18152,"date":"2026-06-11T22:37:20","date_gmt":"2026-06-11T19:37:20","guid":{"rendered":"http:\/\/imgist.ru\/dzhejms-gann-prokommentiroval-skandal-vokrug-seriala-supergyorl-vyzvannyj-uchastiem-v-nyom-aktyora-ranee-snimavshegosya-v-supermene\/"},"modified":"2026-08-24T13:56:50","modified_gmt":"2026-08-24T10:56:50","slug":"james-gunn-a-commente-le-scandale-entourant-la-serie-televisee-supergirl-provoque-par-la-participation-dun-acteur-qui-avait-auparavant-incarne-superman","status":"publish","type":"post","link":"https:\/\/imgist.ru\/fr\/dzhejms-gann-prokommentiroval-skandal-vokrug-seriala-supergyorl-vyzvannyj-uchastiem-v-nyom-aktyora-ranee-snimavshegosya-v-supermene\/","title":{"rendered":"James Gunn a comment\u00e9 la controverse entourant la s\u00e9rie t\u00e9l\u00e9vis\u00e9e \u00ab Supergirl \u00bb, provoqu\u00e9e par la participation d&#039;un acteur ayant pr\u00e9c\u00e9demment jou\u00e9 dans \u00ab Superman \u00bb."},"content":{"rendered":"<p>Dans Threads, James Gunn, co-PDG de DC Studios, a abord\u00e9 directement la controverse autour de Supergirl. Dans le film Superman de 2025, l&#039;univers DC a clairement \u00e9tabli les r\u00e8gles concernant la biologie kryptonienne. Sous un soleil rouge, les Kryptoniens comme Kara Zor-El (Milly Alcock) perdent tous leurs pouvoirs et deviennent aussi vuln\u00e9rables que les humains ordinaires. Cela a \u00e9t\u00e9 clairement d\u00e9montr\u00e9 dans les derni\u00e8res minutes du film, o\u00f9 une Supergirl visiblement ivre s&#039;\u00e9crase contre la Forteresse de Solitude apr\u00e8s avoir fait la f\u00eate sur une plan\u00e8te au soleil rouge.<\/p>\n<p> Sur le forum Threads, un fan demandait comment Supergirl pouvait avoir les oreilles perc\u00e9es malgr\u00e9 sa peau \u00e0 l&#039;\u00e9preuve des balles. James Gunn, PDG de DC Studios, a r\u00e9pondu que cela pouvait s&#039;expliquer. <strong>\u00ab de la m\u00eame mani\u00e8re qu&#039;elle s&#039;enivre \u00bb,<\/strong> laissant entendre que ses oreilles pourraient \u00eatre perc\u00e9es sur une plan\u00e8te sous un soleil rouge.<\/p>\n<blockquote>\n<p> \u00ab Comme expliqu\u00e9 dans le film Superman, elle s&#039;enivre comme elle le ferait sur une plan\u00e8te au soleil rouge. Sans compter qu&#039;elle a grandi sur un fragment de Krypton, et n&#039;a donc d\u00e9velopp\u00e9 ses super-pouvoirs qu&#039;\u00e0 l&#039;adolescence. \u00ab.<\/p>\n<\/blockquote>\n<p> De plus, dans cet univers, Kara a grandi \u00e0 Argo City (le fragment survivant d&#039;une plan\u00e8te kryptonienne orbitant autour d&#039;un soleil rouge), et a donc v\u00e9cu comme une adolescente ordinaire, sans pouvoirs, pendant de nombreuses ann\u00e9es avant de les acqu\u00e9rir sur le soleil jaune de la Terre. Cela signifie qu&#039;elle a eu largement le temps de se faire transpercer avant d&#039;arriver sur Terre.<\/p>\n<figure><figcaption> Studios DC<\/figcaption><\/figure>\n<p> C&#039;est une logique typique des films de super-h\u00e9ros que les fans acceptent depuis des ann\u00e9es, et la r\u00e9ponse de Gunn a transform\u00e9 une simple objection ou question d&#039;un fan en un enthousiasme naturel pour le film Supergirl de 2026.<\/p>\n<p> Si la r\u00e9ponse de Gunn a mis fin \u00e0 la pol\u00e9mique, l&#039;acteur Dean Cain, qui incarnait Superman dans Lois &amp; Clark : Les Nouvelles Aventures de Superman, a jet\u00e9 de l&#039;huile sur le feu en diffusant des informations \u00e0 ce sujet sur la plateforme X, suscitant ainsi de nouvelles discussions.<\/p>\n<figure><\/figure>\n<p> En juillet 2025, Dean Cain a fait la une des journaux apr\u00e8s avoir critiqu\u00e9 James Gunn, le directeur de DC Studios et r\u00e9alisateur de Superman, affirmant qu&#039;il avait d\u00e9peint Superman comme un immigrant et l&#039;histoire comme une all\u00e9gorie de l&#039;exp\u00e9rience am\u00e9ricaine.<\/p>\n<blockquote>\n<p> \u00ab\u00a0\u00c0 quel point Hollywood va-t-il rendre ce personnage progressiste\u00a0? Dans quelle mesure Disney va-t-il modifier sa Blanche-Neige\u00a0? Pourquoi vont-ils changer ces personnages pour qu\u2019ils collent \u00e0 l\u2019\u00e9poque\u00a0? Pour Superman, c\u2019\u00e9tait \u00ab\u00a0la v\u00e9rit\u00e9, la justice et le r\u00eave am\u00e9ricain\u00a0\u00bb. Eh bien, ils ont abandonn\u00e9 \u00e7a\u2026 Ils ont opt\u00e9 pour \u00ab\u00a0la v\u00e9rit\u00e9, la justice et un avenir meilleur\u00a0\u00bb.\u00a0\u00bb<\/p>\n<\/blockquote>\n<figure><figcaption> district f\u00e9d\u00e9ral de Columbia<\/figcaption><\/figure>\n<p> Dans le film Supergirl, il a \u00e9t\u00e9 officiellement confirm\u00e9 que Kara Zor-El perdrait ses pouvoirs en se retrouvant sur la plan\u00e8te rouge. Il sera int\u00e9ressant de voir comment le prochain film des studios DC repr\u00e9sentera une Kara sans pouvoirs affrontant Cream of the Yellow Hills et ses alli\u00e9s, avec Ruthie pour seul soutien.<\/p>\n<p> Supergirl sortira dans les salles am\u00e9ricaines le vendredi 26 juin.<\/p>\n<h2> Pourquoi les moqueries sur les r\u00e9seaux sociaux envers l&#039;acteur qui a incarn\u00e9 Superman ne profitent qu&#039;\u00e0 Supergirl ?.<\/h2>\n<p> \u00c0 travers des images promotionnelles de la s\u00e9rie Supergirl et une conversation poignante, Kane, l&#039;acteur acclam\u00e9 qui a incarn\u00e9 Superman, s&#039;est une fois de plus r\u00e9v\u00e9l\u00e9 comme un sceptique d\u00e9clar\u00e9 quant \u00e0 la direction prise par Gunn pour l&#039;univers DC, ravivant ainsi les vieilles tensions entre l&#039;\u00e8re classique de Superman et le reboot de DC.<\/p>\n<p> \u00c0 vrai dire, le dernier myst\u00e8re entourant la beaut\u00e9 \u00e9poustouflante de Supergirl n&#039;a rien de nouveau et pourrait facilement \u00eatre consid\u00e9r\u00e9 comme une simple question de fan, \u00e0 laquelle James Gunn aurait r\u00e9pondu directement. Cependant, Dean Cain, ancien interpr\u00e8te de Superman, a tenu \u00e0 donner son avis, d\u00e9clenchant un d\u00e9bat sur les r\u00e9seaux sociaux.<\/p>\n<p> Au lieu de porter un coup dur \u00e0 l&#039;univers DC de James Gunn, la d\u00e9cision de Cain n&#039;a fait qu&#039;alimenter une vague de soutien \u00e0 Millie Alcock et au film Supergirl, transformant ainsi l&#039;affaire en une publicit\u00e9 gratuite et cibl\u00e9e. L&#039;acteur a \u00e9galement imm\u00e9diatement essuy\u00e9 les critiques des fans et des aficionados de l&#039;univers DC.<\/p>\n<p> Ce qui est int\u00e9ressant avec tout ce tapage m\u00e9diatique en ligne, c&#039;est que Gunn n&#039;a m\u00eame pas eu \u00e0 r\u00e9pondre. De plus, ce qui n&#039;\u00e9tait au d\u00e9part qu&#039;une simple \u00e9nigme canonique a pris une tout autre ampleur\u00a0: les anciens (Kane) chipotent, tandis qu&#039;une nouvelle g\u00e9n\u00e9ration se rallie \u00e0 une h\u00e9ro\u00efne in\u00e9dite et captivante.<\/p>","protected":false},"excerpt":{"rendered":"<p>Dans \u00ab Threads \u00bb, James Gunn, co-PDG de DC Studios, a abord\u00e9 la controverse autour de Supergirl. Avec le film \u00ab Superman \u00bb de 2025, l&#039;univers DC a clairement \u00e9tabli ses r\u00e8gles\u2026<\/p>","protected":false},"author":1,"featured_media":18153,"comment_status":"open","ping_status":"closed","sticky":false,"template":"","format":"standard","meta":{"footnotes":""},"categories":[6],"tags":[],"class_list":["post-18152","post","type-post","status-publish","format-standard","has-post-thumbnail","hentry","category-kinoindustriya","hvn-theme-has-thumbnail"],"_links":{"self":[{"href":"https:\/\/imgist.ru\/fr\/wp-json\/wp\/v2\/posts\/18152","targetHints":{"allow":["GET"]}}],"collection":[{"href":"https:\/\/imgist.ru\/fr\/wp-json\/wp\/v2\/posts"}],"about":[{"href":"https:\/\/imgist.ru\/fr\/wp-json\/wp\/v2\/types\/post"}],"author":[{"embeddable":true,"href":"https:\/\/imgist.ru\/fr\/wp-json\/wp\/v2\/users\/1"}],"replies":[{"embeddable":true,"href":"https:\/\/imgist.ru\/fr\/wp-json\/wp\/v2\/comments?post=18152"}],"version-history":[{"count":2,"href":"https:\/\/imgist.ru\/fr\/wp-json\/wp\/v2\/posts\/18152\/revisions"}],"predecessor-version":[{"id":139344,"href":"https:\/\/imgist.ru\/fr\/wp-json\/wp\/v2\/posts\/18152\/revisions\/139344"}],"wp:featuredmedia":[{"embeddable":true,"href":"https:\/\/imgist.ru\/fr\/wp-json\/wp\/v2\/media\/18153"}],"wp:attachment":[{"href":"https:\/\/imgist.ru\/fr\/wp-json\/wp\/v2\/media?parent=18152"}],"wp:term":[{"taxonomy":"category","embeddable":true,"href":"https:\/\/imgist.ru\/fr\/wp-json\/wp\/v2\/categories?post=18152"},{"taxonomy":"post_tag","embeddable":true,"href":"https:\/\/imgist.ru\/fr\/wp-json\/wp\/v2\/tags?post=18152"}],"curies":[{"name":"wp","href":"https:\/\/api.w.org\/{rel}","templated":true}]}}