{"id":18239,"date":"2026-06-12T14:43:05","date_gmt":"2026-06-12T11:43:05","guid":{"rendered":"https:\/\/imgist.ru\/ivanka-tramp-i-dzhared-kushner-stolknulis-s-gnevnoj-reakcziej-iz-za-kurorta-v-albanii\/"},"modified":"2026-08-25T12:05:48","modified_gmt":"2026-08-25T09:05:48","slug":"ivanka-trump-et-jarred-kushner-suscitent-de-vives-reactions-suite-a-leur-sejour-dans-un-complexe-hotelier-albanais","status":"publish","type":"post","link":"https:\/\/imgist.ru\/fr\/ivanka-tramp-i-dzhared-kushner-stolknulis-s-gnevnoj-reakcziej-iz-za-kurorta-v-albanii\/","title":{"rendered":"Ivanka Trump et Jared Kushner ont essuy\u00e9 des critiques concernant leur complexe h\u00f4telier albanais."},"content":{"rendered":"<p><strong>Ivanka Trump<\/strong> et son mari, <strong>Jared Kushner<\/strong> , font l&#039;objet de critiques croissantes de la part des citoyens albanais concernant leurs projets de construction d&#039;une station baln\u00e9aire sur la c\u00f4te adriatique.<\/p>\n<p> Un projet, situ\u00e9 \u00e0 proximit\u00e9 d&#039;une zone naturelle prot\u00e9g\u00e9e, a suscit\u00e9 des protestations particuli\u00e8rement vives \u00e0 travers le pays et une enqu\u00eate r\u00e9glementaire concernant des d\u00e9cisions prises en 2024 qui ont modifi\u00e9 le statut juridique du terrain.<\/p>\n<p> Parall\u00e8lement, le Premier ministre albanais, Edi Rama, insiste sur le fait que le projet n&#039;a pas encore commenc\u00e9 et que \u00ab les travaux ne portent que sur une \u00e9valuation d&#039;impact environnemental \u00bb.<\/p>\n<p> Des milliers de personnes manifestent contre le projet d&#039;Ivanka et Kushner de construire un complexe touristique.<\/p>\n<figure><\/figure>\n<p> Des milliers de manifestants sont descendus dans les rues de la capitale albanaise pour protester contre le projet de construction d&#039;un complexe h\u00f4telier de luxe soutenu par Jared Kushner et Ivanka Trump.<\/p>\n<p> Selon Forbes, Kushner et son fonds d&#039;investissement priv\u00e9, Affinity Partners, pilotent un projet visant \u00e0 transformer deux zones cl\u00e9s du sud de l&#039;Albanie en un complexe touristique ultra-luxueux.<\/p>\n<p> Le premier projet, d&#039;une valeur de 1,4 milliard de dollars, concerne l&#039;\u00eele de Sazan, un ancien avant-poste militaire inhabit\u00e9 datant de la Guerre froide. Le second projet, d&#039;une valeur de 4,7 milliards de dollars, se situe dans une zone c\u00f4ti\u00e8re voisine, adjacente \u00e0 l&#039;aire prot\u00e9g\u00e9e de Vjosa-Narta.<\/p>\n<p> Kushner pr\u00e9voit de construire 10\u00a0000 chambres d&#039;h\u00f4tel haut de gamme, des villas de luxe et un acc\u00e8s exclusif \u00e0 la plage dans la r\u00e9gion. Dans une interview accord\u00e9e au Guardian, il a d\u00e9clar\u00e9 que le complexe de Sazan serait \u00ab\u00a0un produit de luxe tr\u00e8s haut de gamme\u00a0\u00bb, ajoutant qu&#039;il souhaitait cr\u00e9er \u00ab\u00a0le lieu de vacances id\u00e9al o\u00f9 j&#039;adorerais passer des vacances avec ma famille et mes amis\u00a0\u00bb.<\/p>\n<h2> Ivanka Trump a parl\u00e9 avec enthousiasme du projet albanais.<\/h2>\n<figure><figcaption> MEGA<\/figcaption><\/figure>\n<p> Dans un podcast avec David Senra, Ivanka a racont\u00e9 comment elle et Kushner avaient d\u00e9couvert l&#039;endroit par hasard lors d&#039;une sortie en yacht avec des amis.<\/p>\n<p> \u00ab Nous \u00e9tions sur le bateau d&#039;un ami et nous nous sommes arr\u00eat\u00e9s pour nager, et c&#039;est comme \u00e7a que nous avons d\u00e9couvert cet endroit. Nous avons nag\u00e9 jusqu&#039;aux \u00eeles, march\u00e9 pieds nus jusqu&#039;au sommet et nous avons \u00e9t\u00e9 absolument hypnotis\u00e9s \u00bb, a-t-elle d\u00e9clar\u00e9, s&#039;attirant les critiques de plusieurs personnes.<\/p>\n<p> \u00c0 propos du projet envisag\u00e9, Ivanka a d\u00e9clar\u00e9 qu&#039;il s&#039;agirait de \u00ab l&#039;aboutissement de toute mon exp\u00e9rience dans l&#039;immobilier, de tous mes voyages, d&#039;une longue r\u00e9flexion sur la fa\u00e7on dont je veux vivre, sur la fa\u00e7on dont je pense que les gens veulent de plus en plus vivre, et d&#039;une tentative de construire quelque chose qui en serait une incarnation tangible. \u00bb.<\/p>\n<p> Le pr\u00e9sentateur du Daily Show, Michael Costa, l&#039;a ensuite critiqu\u00e9e, la qualifiant de \u00ab d\u00e9connect\u00e9e de la r\u00e9alit\u00e9 \u00bb et sugg\u00e9rant qu&#039;elle n&#039;avait pas su \u00ab appr\u00e9cier la situation \u00bb.<\/p>\n<h2> Les d\u00e9fenseurs de l&#039;environnement affirment que les travaux ont d\u00e9j\u00e0 commenc\u00e9.<\/h2>\n<figure><\/figure>\n<p> Les habitants et les d\u00e9fenseurs de l&#039;environnement ont exprim\u00e9 leur inqui\u00e9tude quant aux risques que ce projet fait courir \u00e0 la biodiversit\u00e9 de la r\u00e9gion et aux perturbations qu&#039;il engendre sur les voies de migration des oiseaux. Les manifestants brandissaient des silhouettes de flamants roses en carton rose, craignant d&#039;\u00eatre contraints de se d\u00e9placer si le projet \u00e9tait men\u00e9 \u00e0 bien.<\/p>\n<p> Selon CNN, cette zone prot\u00e9g\u00e9e abrite des esp\u00e8ces menac\u00e9es, notamment des phoques moines, des tortues marines qui viennent y nicher, et plus de 200 esp\u00e8ces d&#039;oiseaux, dont des flamants roses et des p\u00e9licans.<\/p>\n<p> Plusieurs organisations environnementales ont \u00e9galement adress\u00e9 des lettres au gouvernement albanais lui demandant de \u00ab suspendre imm\u00e9diatement toute d\u00e9cision favorisant \u00bb la construction.<\/p>\n<p> Cependant, les travaux semblent avoir d\u00e9j\u00e0 commenc\u00e9 sur le site. Ariel Brunner, directeur de BirdLife Europe, a d\u00e9clar\u00e9 \u00e0 CNN que lui et d&#039;autres d\u00e9fenseurs de l&#039;environnement s&#039;\u00e9taient rendus sur place en mai et avaient constat\u00e9 l&#039;activit\u00e9 des excavatrices et le d\u00e9chargement de gravier par des camions.<\/p>\n<p> \u00ab Il n&#039;y avait aucune trace de quoi que ce soit au niveau du lagon o\u00f9 ils construisaient la route, ni sur la plage o\u00f9 les engins \u00e9taient en action... Il n&#039;y avait ni licences, ni permis, ni m\u00eame de d\u00e9claration concernant leur identit\u00e9 \u00bb, a-t-il d\u00e9clar\u00e9.<\/p>\n<h2> Le Premier ministre albanais d\u00e9fend un projet soutenu par Kouchner.<\/h2>\n<figure><figcaption> ZUMAPRESS.com \/ MEGA<\/figcaption><\/figure>\n<p> Cependant, le Premier ministre albanais, Edi Rama, insiste sur le fait que le projet n&#039;a pas encore r\u00e9ellement commenc\u00e9 et que seuls des \u00ab travaux d&#039;\u00e9valuation d&#039;impact environnemental \u00bb sont en cours.<\/p>\n<p> \u00ab Ce n&#039;est pas comme si la famille du pr\u00e9sident am\u00e9ricain s&#039;emparait de zones prot\u00e9g\u00e9es pour y tuer des flamants roses \u00bb, a d\u00e9clar\u00e9 Rama, soulignant que les promoteurs avaient engag\u00e9 un cabinet de conseil pour r\u00e9aliser une \u00e9tude d&#039;impact environnemental.<\/p>\n<p> Selon CNN, il a affirm\u00e9 que le projet ne consisterait pas \u00e0 \u00ab remplir la t\u00eate des flamants roses de b\u00e9ton \u00bb, mais prouverait que la nature et le d\u00e9veloppement \u00ab peuvent coexister \u00bb.<\/p>\n<p> Rama demeure un fervent partisan du projet et appelle les Albanais \u00e0 faire preuve d&#039;\u00ab hospitalit\u00e9 \u00bb dans le cadre de sa volont\u00e9 de d\u00e9velopper le secteur touristique du pays.<\/p>\n<p> \u00ab Il est essentiel que nous restions accueillants, \u00e9quitables et que nous ne soyons en aucun cas stigmatis\u00e9s comme un pays hostile aux investisseurs \u00bb, a d\u00e9clar\u00e9 Rama dans un communiqu\u00e9, selon Reuters. \u00ab Tant que je serai l\u00e0, les investissements ne s&#039;arr\u00eateront absolument pas. \u00bb.<\/p>\n<h2> Le complexe h\u00f4telier d&#039;Ivanka Trump et de Jared Kushner fait l&#039;objet d&#039;une enqu\u00eate pour corruption.<\/h2>\n<figure><figcaption> MEGA<\/figcaption><\/figure>\n<p> Parall\u00e8lement, le projet fait l&#039;objet d&#039;une enqu\u00eate du Bureau du Procureur sp\u00e9cial charg\u00e9 de la lutte contre la corruption et le crime organis\u00e9 (SPAK).<\/p>\n<p> Le parquet enqu\u00eate sur une s\u00e9rie de modifications l\u00e9gislatives controvers\u00e9es adopt\u00e9es par le gouvernement albanais en 2024, qui ont priv\u00e9 les zones c\u00f4ti\u00e8res de leur statut prot\u00e9g\u00e9.<\/p>\n<p> Selon Newsweek, les autorit\u00e9s enqu\u00eatent pour savoir si ces modifications ont \u00e9t\u00e9 apport\u00e9es d\u00e9lib\u00e9r\u00e9ment pour faciliter les travaux de construction massifs approuv\u00e9s par Rama en d\u00e9cembre 2025.<\/p>\n<p> Par ailleurs, l&#039;enqu\u00eate a r\u00e9v\u00e9l\u00e9 que la soci\u00e9t\u00e9 de Kushner a b\u00e9n\u00e9fici\u00e9 du statut lucratif d&#039;\u00ab investisseur strat\u00e9gique \u00bb et sera exon\u00e9r\u00e9e d&#039;imp\u00f4t pendant dix ans, durant la construction, ce qui continue de d\u00e9concerter de nombreux critiques.<\/p>\n<p> <strong>Lire aussi\u00a0:<\/strong> Ivanka Trump serait la cible d&#039;une tentative d&#039;assassinat pr\u00e9sum\u00e9e.<\/p>","protected":false},"excerpt":{"rendered":"<p>Ivanka Trump et son mari, Jared Kushner, font face \u00e0 des critiques croissantes de la part des citoyens albanais concernant leur projet de construction d&#039;un complexe touristique sur la c\u00f4te adriatique\u2026.<\/p>","protected":false},"author":1,"featured_media":18240,"comment_status":"open","ping_status":"closed","sticky":false,"template":"","format":"standard","meta":{"footnotes":""},"categories":[5],"tags":[],"class_list":["post-18239","post","type-post","status-publish","format-standard","has-post-thumbnail","hentry","category-selebriti","hvn-theme-has-thumbnail"],"_links":{"self":[{"href":"https:\/\/imgist.ru\/fr\/wp-json\/wp\/v2\/posts\/18239","targetHints":{"allow":["GET"]}}],"collection":[{"href":"https:\/\/imgist.ru\/fr\/wp-json\/wp\/v2\/posts"}],"about":[{"href":"https:\/\/imgist.ru\/fr\/wp-json\/wp\/v2\/types\/post"}],"author":[{"embeddable":true,"href":"https:\/\/imgist.ru\/fr\/wp-json\/wp\/v2\/users\/1"}],"replies":[{"embeddable":true,"href":"https:\/\/imgist.ru\/fr\/wp-json\/wp\/v2\/comments?post=18239"}],"version-history":[{"count":3,"href":"https:\/\/imgist.ru\/fr\/wp-json\/wp\/v2\/posts\/18239\/revisions"}],"predecessor-version":[{"id":142487,"href":"https:\/\/imgist.ru\/fr\/wp-json\/wp\/v2\/posts\/18239\/revisions\/142487"}],"wp:featuredmedia":[{"embeddable":true,"href":"https:\/\/imgist.ru\/fr\/wp-json\/wp\/v2\/media\/18240"}],"wp:attachment":[{"href":"https:\/\/imgist.ru\/fr\/wp-json\/wp\/v2\/media?parent=18239"}],"wp:term":[{"taxonomy":"category","embeddable":true,"href":"https:\/\/imgist.ru\/fr\/wp-json\/wp\/v2\/categories?post=18239"},{"taxonomy":"post_tag","embeddable":true,"href":"https:\/\/imgist.ru\/fr\/wp-json\/wp\/v2\/tags?post=18239"}],"curies":[{"name":"wp","href":"https:\/\/api.w.org\/{rel}","templated":true}]}}