{"id":18476,"date":"2026-06-15T14:43:10","date_gmt":"2026-06-15T11:43:10","guid":{"rendered":"https:\/\/imgist.ru\/sudya-razreshil-trampu-provesti-meropriyatie-ufc-v-belom-dome\/"},"modified":"2026-08-25T12:06:32","modified_gmt":"2026-08-25T09:06:32","slug":"sudya-razreshil-trampu-proofsti-meropriyatie-ufc-contre-belom-dome","status":"publish","type":"post","link":"https:\/\/imgist.ru\/fr\/sudya-razreshil-trampu-provesti-meropriyatie-ufc-v-belom-dome\/","title":{"rendered":"Un juge a autoris\u00e9 Trump \u00e0 organiser un \u00e9v\u00e9nement UFC \u00e0 la Maison Blanche."},"content":{"rendered":"<p><strong>Donald Trump<\/strong> et PDG <strong>UFC<\/strong> <strong>Dana White<\/strong> Ils s&#039;appr\u00eatent \u00e0 organiser un \u00e9v\u00e9nement UFC tr\u00e8s attendu sur la pelouse sud de la Maison Blanche apr\u00e8s avoir surmont\u00e9 un obstacle juridique de derni\u00e8re minute soulev\u00e9 par deux r\u00e9sidents de Virginie.<\/p>\n<p> La plainte visait \u00e0 emp\u00eacher la tenue de l&#039;\u00e9v\u00e9nement ce week-end. Les plaignants affirmaient que le gala de boxe propos\u00e9 n&#039;avait que peu de rapport avec les c\u00e9l\u00e9brations du 250e anniversaire de l&#039;ind\u00e9pendance am\u00e9ricaine et n&#039;\u00e9tait pas parrain\u00e9 par le gouvernement f\u00e9d\u00e9ral.<\/p>\n<p> Un tribunal a rejet\u00e9 une requ\u00eate visant \u00e0 bloquer un \u00e9v\u00e9nement de l&#039;UFC organis\u00e9 par Donald Trump.<\/p>\n<figure><\/figure>\n<p> Deux r\u00e9sidents de Virginie, Susan Douglas et Paul Romano, ont tent\u00e9 d&#039;emp\u00eacher la tenue d&#039;un \u00e9v\u00e9nement de l&#039;UFC pr\u00e9vu ce week-end sur la pelouse sud de la Maison Blanche, mais leur plainte a \u00e9t\u00e9 rejet\u00e9e par le juge de district am\u00e9ricain Amit Mehta.<\/p>\n<p> La d\u00e9cision du tribunal vendredi ouvre la voie \u00e0 cet \u00e9v\u00e9nement tant attendu, organis\u00e9 par White et soutenu par Trump.<\/p>\n<p> Le juge Mehta a d\u00e9bout\u00e9 les plaignants, un militant politique et un sergent retrait\u00e9 de l&#039;arm\u00e9e de l&#039;air, estimant qu&#039;ils n&#039;avaient pas qualit\u00e9 pour contester l&#039;\u00e9v\u00e9nement et qu&#039;ils n&#039;avaient pas prouv\u00e9 en quoi celui-ci leur nuirait ou les impacterait.<\/p>\n<p> \u00ab Les plaignants n&#039;ont pas r\u00e9ussi \u00e0 prouver qu&#039;ils sont &quot;directement affect\u00e9s&quot; par les actions des d\u00e9fendeurs \u201e, a d\u00e9clar\u00e9 Mehta dans sa longue d\u00e9cision, comme l&#039;a rapport\u00e9 The Hill.<\/p>\n<h2> Le juge signale des exceptions aux exigences relatives aux permis sp\u00e9ciaux.<\/h2>\n<figure><figcaption> ZUMAPRESS.com \/ MEGA<\/figcaption><\/figure>\n<p> Dans leur d\u00e9claration, deux r\u00e9sidents de Virginie, repr\u00e9sent\u00e9s par le Public Integrity Project, ont affirm\u00e9 que l&#039;\u00e9v\u00e9nement de l&#039;UFC n&#039;avait que peu de rapport avec la c\u00e9l\u00e9bration du 250e anniversaire de l&#039;ind\u00e9pendance am\u00e9ricaine. Ils ont \u00e9galement affirm\u00e9 que l&#039;\u00e9v\u00e9nement n&#039;avait \u00e9t\u00e9 ni planifi\u00e9 ni organis\u00e9 par le gouvernement f\u00e9d\u00e9ral.<\/p>\n<p> Les plaignants ont \u00e9galement qualifi\u00e9 l&#039;\u00e9v\u00e9nement de \u00ab profond\u00e9ment corrompu \u00bb, citant des all\u00e9gations selon lesquelles Trump aurait pu en tirer un avantage financier car il aurait achet\u00e9 jusqu&#039;\u00e0 50 000 dollars d&#039;actions de la soci\u00e9t\u00e9 m\u00e8re de l&#039;UFC, TKO Group Holdings, plus t\u00f4t cette ann\u00e9e.<\/p>\n<p> Bien que le juge Mehta n&#039;ait pas abord\u00e9 les all\u00e9gations de corruption dans sa d\u00e9cision, il a d\u00e9fendu la l\u00e9galit\u00e9 de l&#039;\u00e9v\u00e9nement, affirmant qu&#039;il relevait des exceptions sp\u00e9ciales aux exigences d&#039;autorisation \u00e9tablies pour les c\u00e9l\u00e9brations comm\u00e9morant le 250e anniversaire de l&#039;Am\u00e9rique.<\/p>\n<h2> L&#039;administration de Donald Trump a vivement critiqu\u00e9 l&#039;\u00e9chec de cette action en justice.<\/h2>\n<figure><figcaption> ZUMAPRESS.com \/ MEGA<\/figcaption><\/figure>\n<p> Au moment du d\u00e9p\u00f4t de la plainte, un responsable de l&#039;administration Trump a publi\u00e9 une d\u00e9claration la qualifiant d&#039;\u00ab obstructionniste, sans fondement et un frein au processus \u00bb.<\/p>\n<p> Apr\u00e8s le rejet de la plainte, la Maison Blanche a publi\u00e9 un communiqu\u00e9 remerciant le juge d&#039;avoir ouvert la voie \u00e0 l&#039;\u00e9v\u00e9nement et rejet\u00e9 les arguments avanc\u00e9s par Douglas et Romano.<\/p>\n<p> \u00ab Le tribunal a rejet\u00e9 \u00e0 juste titre cette tentative inopportune et futile d&#039;emp\u00eacher la tenue de l&#039;\u00e9v\u00e9nement historique du 250e anniversaire de l&#039;UFC \u00bb, a d\u00e9clar\u00e9 Davis Ingle, porte-parole de la Maison Blanche.<\/p>\n<p> Le communiqu\u00e9 se poursuivait ainsi\u00a0: \u00ab\u00a0La Maison Blanche se f\u00e9licite de cette d\u00e9cision judicieuse et se r\u00e9jouit d\u2019accueillir cette c\u00e9l\u00e9bration unique sur la pelouse sud.\u00a0\u00bb.<\/p>\n<h2> Des conditions m\u00e9t\u00e9orologiques d\u00e9favorables planent sur l&#039;\u00e9v\u00e9nement UFC mettant en vedette Donald Trump.<\/h2>\n<figure><figcaption> ZUMAPRESS.com \/ MEGA<\/figcaption><\/figure>\n<p> De violents orages \u00e0 Washington ont contraint les organisateurs \u00e0 reporter la conf\u00e9rence de presse officielle au Lincoln Memorial, provoquant l&#039;indignation des fans en raison de ce d\u00e9sagr\u00e9ment.<\/p>\n<p> Bien que la conf\u00e9rence de presse ait finalement eu lieu, les inqui\u00e9tudes li\u00e9es aux conditions m\u00e9t\u00e9orologiques persistent. De la pluie est toujours pr\u00e9vue, ce qui pourrait perturber le d\u00e9roulement du spectacle.<\/p>\n<p> La direction de l&#039;UFC a confirm\u00e9 que la pluie seule ne suffira pas \u00e0 interrompre les combats. Cependant, tout impact de foudre dans la zone de s\u00e9curit\u00e9 d\u00e9sign\u00e9e entra\u00eenera l&#039;\u00e9vacuation imm\u00e9diate du site.<\/p>\n<p> Bien que des plans d&#039;urgence aient \u00e9t\u00e9 mis en place pour faire face aux perturbations potentielles li\u00e9es aux conditions m\u00e9t\u00e9orologiques, leur efficacit\u00e9 reste incertaine en cas de d\u00e9t\u00e9rioration importante de la situation, notamment pour garantir la continuit\u00e9 des diffusions aux t\u00e9l\u00e9spectateurs \u00e0 domicile.<\/p>\n<h2> Les meilleurs combattants s&#039;affronteront lors du tournoi UFC \u00e0 la Maison Blanche.<\/h2>\n<figure><\/figure>\n<p> Les t\u00e9l\u00e9spectateurs pourront \u00e9galement suivre l&#039;\u00e9v\u00e9nement \u00e0 domicile sur CBS ou Paramount+, qui auraient conclu des accords de diffusion avec l&#039;organisation d\u00e9tentrice des droits de diffusion de l&#039;UFC.<\/p>\n<p> La carte des combats promet d&#039;\u00eatre riche en affrontements passionnants, notamment lors du combat principal de la soir\u00e9e entre Ilia Topuria et Justin Gaethje pour le titre incontest\u00e9 des poids l\u00e9gers de l&#039;UFC.<\/p>\n<p> Un autre combat tr\u00e8s attendu opposera Alex Pereira \u00e0 Cyril Gane pour le titre int\u00e9rimaire de champion du monde des poids lourds.<\/p>\n<p> Ailleurs, Sean O&#039;Malley affrontera Aymann Zahabi dans un combat chez les poids coqs, tandis que les \u00e9toiles montantes Bo Nickal et Mauricio Ruffi tenteront de se faire un nom dans leurs combats respectifs chez les poids moyens et les poids l\u00e9gers.<\/p>\n<p> <strong>Lire aussi\u00a0:<\/strong> Le nom de Donald Trump a \u00e9t\u00e9 retir\u00e9 de la fa\u00e7ade du Kennedy Center.<\/p>","protected":false},"excerpt":{"rendered":"<p>Donald Trump et le PDG de l&#039;UFC, Dana White, s&#039;appr\u00eatent \u00e0 organiser l&#039;\u00e9v\u00e9nement UFC tr\u00e8s attendu sur la pelouse sud de la Maison Blanche apr\u00e8s avoir surmont\u00e9 des obstacles de derni\u00e8re minute\u2026<\/p>","protected":false},"author":1,"featured_media":18477,"comment_status":"open","ping_status":"closed","sticky":false,"template":"","format":"standard","meta":{"footnotes":""},"categories":[5],"tags":[],"class_list":["post-18476","post","type-post","status-publish","format-standard","has-post-thumbnail","hentry","category-selebriti","hvn-theme-has-thumbnail"],"_links":{"self":[{"href":"https:\/\/imgist.ru\/fr\/wp-json\/wp\/v2\/posts\/18476","targetHints":{"allow":["GET"]}}],"collection":[{"href":"https:\/\/imgist.ru\/fr\/wp-json\/wp\/v2\/posts"}],"about":[{"href":"https:\/\/imgist.ru\/fr\/wp-json\/wp\/v2\/types\/post"}],"author":[{"embeddable":true,"href":"https:\/\/imgist.ru\/fr\/wp-json\/wp\/v2\/users\/1"}],"replies":[{"embeddable":true,"href":"https:\/\/imgist.ru\/fr\/wp-json\/wp\/v2\/comments?post=18476"}],"version-history":[{"count":3,"href":"https:\/\/imgist.ru\/fr\/wp-json\/wp\/v2\/posts\/18476\/revisions"}],"predecessor-version":[{"id":142643,"href":"https:\/\/imgist.ru\/fr\/wp-json\/wp\/v2\/posts\/18476\/revisions\/142643"}],"wp:featuredmedia":[{"embeddable":true,"href":"https:\/\/imgist.ru\/fr\/wp-json\/wp\/v2\/media\/18477"}],"wp:attachment":[{"href":"https:\/\/imgist.ru\/fr\/wp-json\/wp\/v2\/media?parent=18476"}],"wp:term":[{"taxonomy":"category","embeddable":true,"href":"https:\/\/imgist.ru\/fr\/wp-json\/wp\/v2\/categories?post=18476"},{"taxonomy":"post_tag","embeddable":true,"href":"https:\/\/imgist.ru\/fr\/wp-json\/wp\/v2\/tags?post=18476"}],"curies":[{"name":"wp","href":"https:\/\/api.w.org\/{rel}","templated":true}]}}