{"id":18576,"date":"2026-06-16T18:01:54","date_gmt":"2026-06-16T15:01:54","guid":{"rendered":"https:\/\/imgist.ru\/gilermo-del-toro-devid-lejtch-i-drugie-vpervye-voshli-v-sostav-soveta-upravlyayushhih-akademii\/"},"modified":"2026-08-24T15:19:02","modified_gmt":"2026-08-24T12:19:02","slug":"gilermo-del-toro-david-leitch-et-dautres-rejoignent-pour-la-premiere-fois-le-conseil-dadministration-de-lacademie","status":"publish","type":"post","link":"https:\/\/imgist.ru\/fr\/gilermo-del-toro-devid-lejtch-i-drugie-vpervye-voshli-v-sostav-soveta-upravlyayushhih-akademii\/","title":{"rendered":"Guillermo del Toro, David Leitch et d&#039;autres ont rejoint pour la premi\u00e8re fois le conseil d&#039;administration de l&#039;Acad\u00e9mie."},"content":{"rendered":"<p>L&#039;Acad\u00e9mie des arts et des sciences du cin\u00e9ma a annonc\u00e9 la composition de son nouveau conseil d&#039;administration pour le mandat 2026-2027, comprenant des membres actuels, des nouveaux venus et ceux qui reviennent au conseil apr\u00e8s une interruption.<\/p>\n<p> Parmi les nouveaux venus, on note notamment le r\u00e9alisateur oscaris\u00e9 Guillermo del Toro et le cin\u00e9aste David Leitch, qui, avec sa femme et partenaire de production Kelly McCormick, \u00e9tait l&#039;un des principaux d\u00e9fenseurs de l&#039;Oscar r\u00e9cemment annonc\u00e9 pour la meilleure cascade.<\/p>\n<p> Un autre changement concernant la composition du Conseil d&#039;administration est un amendement \u00e0 la charte introduit en f\u00e9vrier, qui \u00e9tablit une repr\u00e9sentation \u00e9gale des diff\u00e9rents d\u00e9partements au sein du Conseil. \u00c0 compter de l&#039;ann\u00e9e universitaire 2026-2027, chacun des 19 d\u00e9partements de l&#039;Acad\u00e9mie sera repr\u00e9sent\u00e9 par trois administrateurs \u00e9lus, ce qui ajoutera de nouveaux administrateurs aux d\u00e9partements d&#039;animation, de production et de technologie, et de court m\u00e9trage.<\/p>\n<p> Articles connexes <\/p>\n<figure><\/figure>\n<p> \u00c9coutez des directeurs de casting expliquer la diff\u00e9rence entre le lancement d&#039;une \u00e9mission \u00e0 succ\u00e8s et son maintien. <\/p>\n<figure><\/figure>\n<p> Regardez Sir Ben Kingsley expliquer le d\u00e9veloppement \u00ab\u00a0\u00e0 plusieurs niveaux\u00a0\u00bb du personnage qui l&#039;a ramen\u00e9 chez Marvel pour travailler sur Wonder Man.<\/p>\n<p> Afin d&#039;instaurer un syst\u00e8me de mandats \u00e9chelonn\u00e9s, les gouverneurs de ces trois branches du gouvernement ont \u00e9t\u00e9 \u00e9lus cette ann\u00e9e pour des mandats d&#039;un, deux ou trois ans. \u00c0 la branche Animation, Bonnie Arnold a \u00e9t\u00e9 \u00e9lue pour un mandat de trois ans, tandis que Jinko Goto a \u00e9t\u00e9 \u00e9lue pour un mandat d&#039;un an. \u00c0 la branche Production et Technologie, Wendy Aylesworth a \u00e9t\u00e9 \u00e9lue pour un mandat de trois ans, Vic Armstrong pour un mandat de deux ans et Leitch pour un mandat d&#039;un an. Enfin, \u00e0 la branche Court-m\u00e9trage, Kim Magnusson a \u00e9t\u00e9 \u00e9lue pour un mandat de trois ans, tandis que Bob Rogers a \u00e9t\u00e9 \u00e9lu pour un mandat de deux ans.<\/p>\n<p> Les \u00e9lections de 2027 se d\u00e9rouleront selon le protocole habituel\u00a0: l\u2019\u00e9lection d\u2019un gouverneur par branche du gouvernement, pour un mandat de trois ans.<\/p>\n<p> Les gouverneurs, y compris ceux \u00e9lus par le Conseil, peuvent effectuer jusqu&#039;\u00e0 deux mandats de trois ans (cons\u00e9cutifs ou non), suivis d&#039;une interruption de deux ans, apr\u00e8s quoi le mandat est prolong\u00e9 de deux fois pour une dur\u00e9e suppl\u00e9mentaire de trois ans, pour une dur\u00e9e maximale de 12 ans. Si un gouverneur \u00e9lu en 2026 exerce ses fonctions pendant moins de trois ans, ce mandat ne sera pas comptabilis\u00e9 dans la limite des mandats de gouverneur.<\/p>\n<p> D\u2019apr\u00e8s les r\u00e9sultats de ces \u00e9lections, et selon les d\u00e9clarations des membres eux-m\u00eames, le Conseil est compos\u00e9 \u00e0 47 % de femmes et \u00e0 32 % de repr\u00e9sentants de communaut\u00e9s sous-repr\u00e9sent\u00e9es.<\/p>\n<p> <strong>Les membres actuels du conseil d&#039;administration ont \u00e9t\u00e9 r\u00e9\u00e9lus au conseil de direction (par ordre alphab\u00e9tique des branches du gouvernement)\u00a0:<\/strong><\/p>\n<p> Lou Diamond Phillips, D\u00e9partement des acteurs<br \/> Jinko Goto, D\u00e9partement Animation<br \/> Daniel Orlandi, D\u00e9partement de la conception des costumes<br \/> Hannah Minghella, Relations avec la direction<br \/> David Dinerstein, Marketing et Relations publiques<br \/> Wendy Aylesworth, Fabrication et Technologie.<br \/> Kalina Ivanova, D\u00e9partement de la conception de production<br \/> Mark P. Stockinger, Division du son.<br \/> Dana Stevens, D\u00e9partement des \u00e9crivains<\/p>\n<p> <strong>Premiers \u00e9lus au conseil d&#039;administration (par ordre alphab\u00e9tique de d\u00e9partement)\u00a0:<\/strong><\/p>\n<p> Michael Goy, D\u00e9partement de cin\u00e9matographie<br \/> Guillermo del Toro, Bureau du Directeur<br \/> Anne Goursaud, D\u00e9partement du montage cin\u00e9matographique<br \/> Patricia Dehaney, maquilleuses et coiffeuses.<br \/> Chris Bowers, D\u00e9partement de musique<br \/> Fred Berger, D\u00e9partement de la production<br \/> Vic Armstrong, Fabrication et Technologie<br \/> David Leitch, Fabrication et Technologie<br \/> Kim Magnusson, D\u00e9partement des courts m\u00e9trages<\/p>\n<p> <strong>Retour au Conseil apr\u00e8s la pause (par ordre alphab\u00e9tique des branches du gouvernement)\u00a0:<\/strong><\/p>\n<p> Bonnie Arnold, D\u00e9partement d&#039;animation<br \/> Bernard Telsey, directeur de casting<br \/> Roger Ross Williams, Division des films documentaires<br \/> Bob Rogers, Division des courts m\u00e9trages<br \/> Paul Debevec, D\u00e9partement des effets visuels<\/p>\n<p> Ils seront rejoints par les gouverneurs sortants Pam Abdi, Haifaa al-Mansour, Leslie Barber, K.K. Barrett, Dion Beebe, Jason Blum, Brooke Breton, Effie T. Brown, Carter Burwell, Paul Cameron, Patricia Cardoso, Eduardo Castro, Annie Chang, Peter Devlin, Jennifer Fox, Chris Hegedus, Richard Hicks, Larry Karaszewski, Laura K. Kim, Christina Kounelias, Peter Kujawski, Marlee Matlin, Isis Mussenden, Andy Nelson, Missy Parker, Gerald Quist, Jason Reitman, Nancy Richardson, Andrew Roberts, Howard A. Rodman, Terilyn A. Shropshire, Chris Tashima, Kim Taylor-Coleman, Jin Jien, Marlon West, Gigi Williams et Rita Wilson.<\/p>","protected":false},"excerpt":{"rendered":"<p>L&#039;Acad\u00e9mie des arts et des sciences du cin\u00e9ma a annonc\u00e9 la composition de son nouveau conseil d&#039;administration pour le mandat 2026-2027, comprenant des membres actuels et de nouveaux venus, ainsi que\u2026<\/p>","protected":false},"author":1,"featured_media":18577,"comment_status":"open","ping_status":"closed","sticky":false,"template":"","format":"standard","meta":{"footnotes":""},"categories":[6],"tags":[],"class_list":["post-18576","post","type-post","status-publish","format-standard","has-post-thumbnail","hentry","category-kinoindustriya","hvn-theme-has-thumbnail"],"_links":{"self":[{"href":"https:\/\/imgist.ru\/fr\/wp-json\/wp\/v2\/posts\/18576","targetHints":{"allow":["GET"]}}],"collection":[{"href":"https:\/\/imgist.ru\/fr\/wp-json\/wp\/v2\/posts"}],"about":[{"href":"https:\/\/imgist.ru\/fr\/wp-json\/wp\/v2\/types\/post"}],"author":[{"embeddable":true,"href":"https:\/\/imgist.ru\/fr\/wp-json\/wp\/v2\/users\/1"}],"replies":[{"embeddable":true,"href":"https:\/\/imgist.ru\/fr\/wp-json\/wp\/v2\/comments?post=18576"}],"version-history":[{"count":2,"href":"https:\/\/imgist.ru\/fr\/wp-json\/wp\/v2\/posts\/18576\/revisions"}],"predecessor-version":[{"id":141938,"href":"https:\/\/imgist.ru\/fr\/wp-json\/wp\/v2\/posts\/18576\/revisions\/141938"}],"wp:featuredmedia":[{"embeddable":true,"href":"https:\/\/imgist.ru\/fr\/wp-json\/wp\/v2\/media\/18577"}],"wp:attachment":[{"href":"https:\/\/imgist.ru\/fr\/wp-json\/wp\/v2\/media?parent=18576"}],"wp:term":[{"taxonomy":"category","embeddable":true,"href":"https:\/\/imgist.ru\/fr\/wp-json\/wp\/v2\/categories?post=18576"},{"taxonomy":"post_tag","embeddable":true,"href":"https:\/\/imgist.ru\/fr\/wp-json\/wp\/v2\/tags?post=18576"}],"curies":[{"name":"wp","href":"https:\/\/api.w.org\/{rel}","templated":true}]}}