{"id":19394,"date":"2026-06-26T22:33:59","date_gmt":"2026-06-26T19:33:59","guid":{"rendered":"https:\/\/imgist.ru\/studiya-marvel-predstavila-pervyj-vzglyad-na-nebesnogo-sushhestva-vo-vtorom-sezone-lyudej-iks-97\/"},"modified":"2026-08-24T14:00:36","modified_gmt":"2026-08-24T11:00:36","slug":"marvel-studios-a-devoile-les-premieres-images-de-letre-celeste-dans-la-deuxieme-saison-de-x-men-97","status":"publish","type":"post","link":"https:\/\/imgist.ru\/fr\/studiya-marvel-predstavila-pervyj-vzglyad-na-nebesnogo-sushhestva-vo-vtorom-sezone-lyudej-iks-97\/","title":{"rendered":"Marvel Studios a d\u00e9voil\u00e9 les premi\u00e8res images de Celestial Being dans la deuxi\u00e8me saison de X-Men &#039;97."},"content":{"rendered":"<p>Une nouvelle bande-annonce de la deuxi\u00e8me saison de la s\u00e9rie anim\u00e9e \u00ab\u00a0X-Men &#039;97\u00a0\u2019, produite par Marvel Studios et Marvel Animation, met en sc\u00e8ne un personnage venu d&#039;ailleurs. Apr\u00e8s deux ans d&#039;attente (qui ne devraient plus \u00eatre un probl\u00e8me), \u00bb\u00a0X-Men &#039;97\u00a0\u00ab fait son grand retour sur Disney+ avec son \u00e9quipe mythique de mutants anim\u00e9s. La s\u00e9rie accueillera \u00e9galement d&#039;autres personnages ayant jou\u00e9 un r\u00f4le important dans l&#039;univers cin\u00e9matographique Marvel, en dehors de la mythologie des mutants.<\/p>\n<p> Marvel Studios a diffus\u00e9 un nouvel \u00e9pisode de \u00ab\u00a0Legends\u00a0\u00bb avant la diffusion de la deuxi\u00e8me saison de \u00ab\u00a0X-Men &#039;97\u00a0\u2019 (trois \u00e9pisodes) sur Disney+ le 1er juillet. Cet \u00e9pisode est centr\u00e9 sur le super-vilain surpuissant Apokolips, principal antagoniste de cette deuxi\u00e8me saison. En moins de quatre minutes, il retrace l&#039;histoire d&#039;Apokolips, telle qu&#039;on la d\u00e9couvre dans la s\u00e9rie anim\u00e9e originale \u00bb\u00a0X-Men\u00a0\u00ab, avant son retour sous l&#039;\u00e9gide de Marvel Studios dans le final de la premi\u00e8re saison de \u00bb\u00a0X-Men &#039;97\u00a0\u00ab.<\/p>\n<figure><figcaption> Marvel Animation<\/figcaption><\/figure>\n<p> Dans une sc\u00e8ne de la nouvelle saison montrant Apocalypse, on aper\u00e7oit un C\u00e9leste \u00e0 gauche de sa t\u00eate \u00e0 3 min 41 s. Si le r\u00f4le de ce C\u00e9leste dans la saison reste encore flou, il s&#039;agit de la quatri\u00e8me apparition de cette version particuli\u00e8re du C\u00e9leste \u00e0 l&#039;\u00e9cran dans l&#039;histoire de l&#039;Univers Cin\u00e9matographique Marvel.<\/p>\n<figure><figcaption> Marvel Animation<\/figcaption><\/figure>\n<p> Outre le Collectionneur, interpr\u00e9t\u00e9 par Benicio del Toro, et Ego la Plan\u00e8te Vivante, jou\u00e9 par Kurt Russell, le film Les \u00c9ternels (2021) mettait \u00e9galement en sc\u00e8ne un C\u00e9leste dans un r\u00f4le mineur, similaire \u00e0 celui apparu dans X-Men (1997). C&#039;est le C\u00e9leste Supr\u00eame Arishem qui cr\u00e9a les \u00c9ternels et les D\u00e9viants afin de faciliter la naissance d&#039;un nouveau C\u00e9leste, Tiamut, dont la naissance aurait d\u00e9truit la Terre si les \u00c9ternels ne l&#039;avaient pas emp\u00each\u00e9e.<\/p>\n<p> Tiamut appara\u00eet \u00e9galement dans l&#039;\u00e9pisode 2 de la saison 3, \u00ab Et si\u2026 ? \u00bb, qui explore la collaboration entre Kingo et Agatha Harkness dans le Hollywood des ann\u00e9es 1930. Agatha tente alors de s&#039;emparer de l&#039;\u00e9nergie c\u00e9leste de Tiamut pour conqu\u00e9rir le monde, capturant d&#039;autres \u00c9ternels afin d&#039;alimenter son sort et d&#039;absorber le pouvoir de Tiamut. Elle utilise ensuite ce pouvoir pour pi\u00e9ger et absorber Arishem.<\/p>\n<p> La deuxi\u00e8me saison de X-Men &#039;97 fera partie de la Phase 6 de l&#039;Univers Cin\u00e9matographique Marvel, reprenant deux ans apr\u00e8s le d\u00e9but de la premi\u00e8re saison en 2024. Cette saison verra les X-Men dispers\u00e9s \u00e0 travers de multiples lignes temporelles, chacune li\u00e9e \u00e0 une phase diff\u00e9rente du r\u00e8gne d&#039;Apokolips.<\/p>\n<h2> L&#039;histoire des relations entre l&#039;Apocalypse et les \u00eatres c\u00e9lestes<\/h2>\n<figure><figcaption> Marvel Animation<\/figcaption><\/figure>\n<p> Dans les comics, En Sabah Nur (qui deviendra plus tard Apocalypse) est \u00e9troitement li\u00e9 aux C\u00e9lestes\u00a0: choisi comme leur gardien, il est charg\u00e9 de superviser l\u2019\u00e9volution des mutants terrestres. Abandonn\u00e9 dans l\u2019\u00c9gypte antique en raison de ses difformit\u00e9s, il finit par d\u00e9couvrir leur technologie et son corps est fusionn\u00e9 \u00e0 des implants cybern\u00e9tiques c\u00e9lestes.<\/p>\n<p> Cette armure le rend quasiment invincible, ce qui explique en partie son pouvoir et fait de lui l&#039;un des plus redoutables vilains de l&#039;histoire des X-Men. Il est \u00e9galement li\u00e9 \u00e0 un autre c\u00e9l\u00e8bre m\u00e9chant de Marvel, Kang le Conqu\u00e9rant (lorsqu&#039;il se fait passer pour le pharaon Rama-Tut), qui tente de l&#039;\u00e9liminer car il sait ce que deviendra En Sabah Nur.<\/p>\n<p> Bien que les d\u00e9tails de l&#039;intrigue de la deuxi\u00e8me saison soient pour l&#039;instant tenus secrets, cela pourrait indiquer que Marvel explorera la v\u00e9ritable histoire des origines d&#039;Apokolips dans cette s\u00e9rie, telle qu&#039;elle est d\u00e9crite dans les comics. On s&#039;attend \u00e0 ce qu&#039;il cause bien des soucis aux X-Men par la suite, alors qu&#039;ils cherchent un moyen de retourner dans les ann\u00e9es 1990.<\/p>","protected":false},"excerpt":{"rendered":"<p>La nouvelle bande-annonce de la deuxi\u00e8me saison de la s\u00e9rie anim\u00e9e \u00ab\u00a0X-Men &#039;97\u00a0\u2019 de Marvel Studios et Marvel Animation met en sc\u00e8ne un personnage c\u00e9leste. Apr\u00e8s une longue attente de deux ans\u2026<\/p>","protected":false},"author":1,"featured_media":19395,"comment_status":"open","ping_status":"closed","sticky":false,"template":"","format":"standard","meta":{"footnotes":""},"categories":[6],"tags":[],"class_list":["post-19394","post","type-post","status-publish","format-standard","has-post-thumbnail","hentry","category-kinoindustriya","hvn-theme-has-thumbnail"],"_links":{"self":[{"href":"https:\/\/imgist.ru\/fr\/wp-json\/wp\/v2\/posts\/19394","targetHints":{"allow":["GET"]}}],"collection":[{"href":"https:\/\/imgist.ru\/fr\/wp-json\/wp\/v2\/posts"}],"about":[{"href":"https:\/\/imgist.ru\/fr\/wp-json\/wp\/v2\/types\/post"}],"author":[{"embeddable":true,"href":"https:\/\/imgist.ru\/fr\/wp-json\/wp\/v2\/users\/1"}],"replies":[{"embeddable":true,"href":"https:\/\/imgist.ru\/fr\/wp-json\/wp\/v2\/comments?post=19394"}],"version-history":[{"count":3,"href":"https:\/\/imgist.ru\/fr\/wp-json\/wp\/v2\/posts\/19394\/revisions"}],"predecessor-version":[{"id":140285,"href":"https:\/\/imgist.ru\/fr\/wp-json\/wp\/v2\/posts\/19394\/revisions\/140285"}],"wp:featuredmedia":[{"embeddable":true,"href":"https:\/\/imgist.ru\/fr\/wp-json\/wp\/v2\/media\/19395"}],"wp:attachment":[{"href":"https:\/\/imgist.ru\/fr\/wp-json\/wp\/v2\/media?parent=19394"}],"wp:term":[{"taxonomy":"category","embeddable":true,"href":"https:\/\/imgist.ru\/fr\/wp-json\/wp\/v2\/categories?post=19394"},{"taxonomy":"post_tag","embeddable":true,"href":"https:\/\/imgist.ru\/fr\/wp-json\/wp\/v2\/tags?post=19394"}],"curies":[{"name":"wp","href":"https:\/\/api.w.org\/{rel}","templated":true}]}}