{"id":1979,"date":"2026-05-30T14:27:52","date_gmt":"2026-05-30T11:27:52","guid":{"rendered":"https:\/\/imgist.ru\/italiya-zapretila-konczerty-kane-uesta-i-trevisa-skotta-iz-za-opasenij-po-povodu-bezopasnosti\/"},"modified":"2026-05-30T14:27:52","modified_gmt":"2026-05-30T11:27:52","slug":"litalie-a-interdit-les-concerts-de-cane-west-et-treviso-scott-pour-des-raisons-de-securite","status":"publish","type":"post","link":"https:\/\/imgist.ru\/fr\/italiya-zapretila-konczerty-kane-uesta-i-trevisa-skotta-iz-za-opasenij-po-povodu-bezopasnosti\/","title":{"rendered":"L&#039;Italie a interdit les concerts de Kanye West et Travis Scott pour des raisons de s\u00e9curit\u00e9."},"content":{"rendered":"<p>ROME, 30 mai (Reuters) - L&#039;Italie a interdit deux concerts des rappeurs am\u00e9ricains Kanye West et Travis Scott qui devaient avoir lieu en juillet dans la ville de Reggio Emilia, dans le nord du pays, ont annonc\u00e9 les autorit\u00e9s samedi.<\/p>\n<p> Le pr\u00e9fet local, Salvatore Angieri, a ordonn\u00e9 l&#039;annulation de l&#039;\u00e9v\u00e9nement en raison de pr\u00e9occupations li\u00e9es \u00e0 l&#039;ordre public et \u00e0 la s\u00e9curit\u00e9, notamment la possibilit\u00e9 de manifestations.<\/p>\n<p> West, \u00e9galement connu sous le nom de Ye, a fait face \u00e0 une vague d&#039;annulations de concerts \u00e0 travers l&#039;Europe cet \u00e9t\u00e9 apr\u00e8s des ann\u00e9es de propos antis\u00e9mites, notamment des d\u00e9clarations faisant l&#039;\u00e9loge d&#039;Adolf Hitler et la diffusion de contenu utilisant des symboles nazis. <\/p>\n<p> Par ailleurs, la s\u00e9curit\u00e9 lors des concerts de Scott est critiqu\u00e9e depuis 2021, date \u00e0 laquelle une bousculade au festival Astroworld de Houston a fait 10 morts et des centaines de bless\u00e9s.<\/p>\n<p> Scott devait se produire au festival Pulse of Gaia le 17 juillet \u00e0 la RCF Arena, d&#039;une capacit\u00e9 de 103 000 places, tandis que Ye devait se produire le lendemain.<\/p>\n<p> Anghieri a d\u00e9clar\u00e9 que cette d\u00e9cision avait \u00e9t\u00e9 prise suite aux appels du groupe de consommateurs CODACONS et de la communaut\u00e9 juive de Mod\u00e8ne et de Reggio Emilia, qui ont exprim\u00e9 une inqui\u00e9tude particuli\u00e8re concernant la soci\u00e9t\u00e9 Ye.<\/p>\n<p> Les autorit\u00e9s ont justifi\u00e9 l&#039;interdiction par la proximit\u00e9 des deux concerts et l&#039;affluence attendue dans les 24 heures. Elles ont \u00e9galement \u00e9voqu\u00e9 l&#039;annulation des autres concerts europ\u00e9ens de Kanye West et le risque r\u00e9el de manifestations. <\/p>\n<p> En avril, le Royaume-Uni a refus\u00e9 l&#039;entr\u00e9e \u00e0 Kanye West au motif que sa pr\u00e9sence ne serait pas d&#039;int\u00e9r\u00eat public. Plus tard dans le mois, il a \u00e9galement report\u00e9 un concert \u00e0 Marseille suite \u00e0 des informations selon lesquelles le gouvernement fran\u00e7ais tentait de l&#039;emp\u00eacher\u00a0; des concerts en Pologne et en Suisse ont \u00e9galement \u00e9t\u00e9 annul\u00e9s.<\/p>\n<p> Ye, qui s&#039;est excus\u00e9 pour ses propos pass\u00e9s et a d\u00e9clar\u00e9 qu&#039;ils \u00e9taient li\u00e9s \u00e0 son trouble bipolaire non trait\u00e9, a continu\u00e9 \u00e0 se produire dans des pays qui l&#039;ont chaleureusement accueilli et doit se produire \u00e0 Istanbul samedi.<\/p>\n<p> Il pr\u00e9voit \u00e9galement de donner des concerts aux Pays-Bas le mois prochain, apr\u00e8s que le ministre n\u00e9erlandais des migrations a d\u00e9clar\u00e9 qu&#039;il n&#039;y avait aucun fondement juridique pour lui refuser l&#039;entr\u00e9e.<\/p>\n<p> Oui, Scott et les organisateurs de l&#039;\u00e9v\u00e9nement en Italie n&#039;ont encore fait aucun commentaire.<\/p>\n<p> (Reportage de Crispian Bulmer ; \u00c9dition d&#039;Andrew Cawthorne)<\/p>","protected":false},"excerpt":{"rendered":"<p>ROME, 30 mai (Reuters) - L&#039;Italie a interdit deux concerts des rappeurs am\u00e9ricains Kanye West et Travis Scott, qui devaient avoir lieu en juillet \u00e0 Rome\u2026<\/p>","protected":false},"author":1,"featured_media":1980,"comment_status":"open","ping_status":"closed","sticky":false,"template":"","format":"standard","meta":{"footnotes":""},"categories":[7],"tags":[],"class_list":["post-1979","post","type-post","status-publish","format-standard","has-post-thumbnail","hentry","category-muzyka","hvn-theme-has-thumbnail"],"_links":{"self":[{"href":"https:\/\/imgist.ru\/fr\/wp-json\/wp\/v2\/posts\/1979","targetHints":{"allow":["GET"]}}],"collection":[{"href":"https:\/\/imgist.ru\/fr\/wp-json\/wp\/v2\/posts"}],"about":[{"href":"https:\/\/imgist.ru\/fr\/wp-json\/wp\/v2\/types\/post"}],"author":[{"embeddable":true,"href":"https:\/\/imgist.ru\/fr\/wp-json\/wp\/v2\/users\/1"}],"replies":[{"embeddable":true,"href":"https:\/\/imgist.ru\/fr\/wp-json\/wp\/v2\/comments?post=1979"}],"version-history":[{"count":0,"href":"https:\/\/imgist.ru\/fr\/wp-json\/wp\/v2\/posts\/1979\/revisions"}],"wp:featuredmedia":[{"embeddable":true,"href":"https:\/\/imgist.ru\/fr\/wp-json\/wp\/v2\/media\/1980"}],"wp:attachment":[{"href":"https:\/\/imgist.ru\/fr\/wp-json\/wp\/v2\/media?parent=1979"}],"wp:term":[{"taxonomy":"category","embeddable":true,"href":"https:\/\/imgist.ru\/fr\/wp-json\/wp\/v2\/categories?post=1979"},{"taxonomy":"post_tag","embeddable":true,"href":"https:\/\/imgist.ru\/fr\/wp-json\/wp\/v2\/tags?post=1979"}],"curies":[{"name":"wp","href":"https:\/\/api.w.org\/{rel}","templated":true}]}}