{"id":19862,"date":"2026-07-19T20:38:06","date_gmt":"2026-07-19T17:38:06","guid":{"rendered":"http:\/\/imgist.ru\/ugroza-czunami-v-puerto-riko-mozhet-obrushitsya-na-vse-vostochnoe-poberezhe-ssha-video\/"},"modified":"2026-08-24T13:55:47","modified_gmt":"2026-08-24T10:55:47","slug":"la-menace-de-czunamis-a-porto-rico-pourrait-setendre-a-toute-la-cote-est-des-etats-unis","status":"publish","type":"post","link":"https:\/\/imgist.ru\/fr\/ugroza-czunami-v-puerto-riko-mozhet-obrushitsya-na-vse-vostochnoe-poberezhe-ssha-video\/","title":{"rendered":"La menace de tsunami \u00e0 Porto Rico pourrait toucher toute la c\u00f4te est des \u00c9tats-Unis (vid\u00e9o)"},"content":{"rendered":"<p>\u00c0 plus de huit kilom\u00e8tres sous l&#039;oc\u00e9an Atlantique se trouve un endroit que tr\u00e8s peu ont vu.<\/p>\n<p> Mais les scientifiques surveillent de pr\u00e8s ce ph\u00e9nom\u00e8ne depuis des d\u00e9cennies.<\/p>\n<p> La fosse de Porto Rico, point le plus profond de l&#039;oc\u00e9an Atlantique, plonge \u00e0 plus de 8\u00a0400 m\u00e8tres sous la surface. S&#039;\u00e9tendant sur environ 800 kilom\u00e8tres au nord de Porto Rico et des \u00eeles Vierges am\u00e9ricaines, elle marque la limite complexe o\u00f9 se rencontrent les plaques tectoniques nord-am\u00e9ricaine et cara\u00efbe. Outre sa beaut\u00e9 g\u00e9ologique, elle est \u00e9galement consid\u00e9r\u00e9e comme l&#039;une des zones \u00e0 risque de tsunami les plus dangereuses de l&#039;Atlantique et pour les \u00c9tats-Unis.<\/p>\n<p> Contrairement \u00e0 de nombreuses zones de subduction connues dans l&#039;oc\u00e9an Pacifique, la fosse de Porto Rico constitue une limite de plaques tectoniques atypique, o\u00f9 les plaques glissent principalement l&#039;une par rapport \u00e0 l&#039;autre, la subduction \u00e9tant mineure. N\u00e9anmoins, la r\u00e9gion a historiquement subi de puissants s\u00e9ismes et des tsunamis d\u00e9vastateurs, notamment celui de 1918 \u00e0 Porto Rico, qui a fait des dizaines de victimes.<\/p>\n<p> Les scientifiques ne pr\u00e9voient pas l&#039;in\u00e9vitabilit\u00e9 d&#039;un tsunami catastrophique.<\/p>\n<p> <strong>Voir aussi\u00a0: Vague de 481 m\u00e8tres\u00a0: des images in\u00e9dites montrent les cons\u00e9quences du m\u00e9gatsunami en Alaska (vid\u00e9o)<\/strong><\/p>\n<p> Mais ils se pr\u00e9parent \u00e0 cette \u00e9ventualit\u00e9.<\/p>\n<p> L&#039;Agence am\u00e9ricaine d&#039;observation oc\u00e9anique et atmosph\u00e9rique (NOAA) a mod\u00e9lis\u00e9 des sc\u00e9narios hypoth\u00e9tiques dans lesquels un s\u00e9isme de magnitude 7,5 dans l&#039;oc\u00e9an Atlantique g\u00e9n\u00e9rerait un tsunami capable de se propager le long de toute la c\u00f4te est des \u00c9tats-Unis. L&#039;agence souligne que le relief sous-marin peut concentrer et diriger l&#039;\u00e9nergie d&#039;un tsunami, permettant ainsi aux vagues de se propager bien au-del\u00e0 de leur point d&#039;origine. Ce mod\u00e8le a \u00e9t\u00e9 d\u00e9velopp\u00e9 pour illustrer comment un s\u00e9isme atlantique pourrait impacter les c\u00f4tes des Cara\u00efbes jusqu&#039;\u00e0 la r\u00e9gion du Mid-Atlantic et la Nouvelle-Angleterre.<\/p>\n<\/p>\n<p> Les chercheurs \u00e9tudient \u00e9galement d&#039;importants glissements de terrain sous-marins diss\u00e9min\u00e9s le long de la fosse. Selon l&#039;Institut d&#039;\u00e9tudes g\u00e9ologiques des \u00c9tats-Unis (USGS), ces anciens glissements de terrain indiquent que certaines zones du fond marin demeurent instables, cr\u00e9ant ainsi une autre source potentielle de tsunamis, ind\u00e9pendamment d&#039;un s\u00e9isme majeur.<\/p>\n<p> Pour l&#039;instant, Porto Rico reste calme. <em>Pour l&#039;instant\u2026<\/em><\/p>\n<p> Mais sous la surface apparemment calme de l&#039;oc\u00e9an Atlantique se cache l&#039;une des r\u00e9gions tectoniques les plus actives et les plus surveill\u00e9es de l&#039;h\u00e9misph\u00e8re occidental.<\/p>\n<p> Cela nous rappelle que certains des plus grands dangers de l&#039;oc\u00e9an sont les vagues que nous ne pouvons pas voir.<\/p>\n<p> Ils attendent toujours, des milliers de m\u00e8tres plus bas.<\/p>\n<p> <strong>Voir aussi\u00a0: Apocalypse en France\u00a0: un \u00ab\u00a0tsunami de nuages\u00a0\u00bb force les baigneurs \u00e0 fuir (vid\u00e9o)<\/strong><\/p>\n<p> <em>Cet article a \u00e9t\u00e9 initialement publi\u00e9 sur le site web<\/em> <em>Surfeur<\/em> <em>18 juillet 2026<\/em> section <em>\u00ab&quot;Nouvelles&quot;\u00bb<\/em> <em>. Ajoutez Surfer \u00e0 la liste<\/em> <em>Sources recommand\u00e9es en cliquant ici.<\/em><\/p>","protected":false},"excerpt":{"rendered":"<p>\u00c0 plus de huit kilom\u00e8tres sous l&#039;oc\u00e9an Atlantique se cache un lieu que peu de gens ont vu. Mais les scientifiques surveillent de pr\u00e8s ce ph\u00e9nom\u00e8ne depuis des d\u00e9cennies. La fosse de Porto Rico\u2026<\/p>","protected":false},"author":1,"featured_media":19863,"comment_status":"open","ping_status":"closed","sticky":false,"template":"","format":"standard","meta":{"footnotes":""},"categories":[2],"tags":[],"class_list":["post-19862","post","type-post","status-publish","format-standard","has-post-thumbnail","hentry","category-news","hvn-theme-has-thumbnail"],"_links":{"self":[{"href":"https:\/\/imgist.ru\/fr\/wp-json\/wp\/v2\/posts\/19862","targetHints":{"allow":["GET"]}}],"collection":[{"href":"https:\/\/imgist.ru\/fr\/wp-json\/wp\/v2\/posts"}],"about":[{"href":"https:\/\/imgist.ru\/fr\/wp-json\/wp\/v2\/types\/post"}],"author":[{"embeddable":true,"href":"https:\/\/imgist.ru\/fr\/wp-json\/wp\/v2\/users\/1"}],"replies":[{"embeddable":true,"href":"https:\/\/imgist.ru\/fr\/wp-json\/wp\/v2\/comments?post=19862"}],"version-history":[{"count":1,"href":"https:\/\/imgist.ru\/fr\/wp-json\/wp\/v2\/posts\/19862\/revisions"}],"predecessor-version":[{"id":139063,"href":"https:\/\/imgist.ru\/fr\/wp-json\/wp\/v2\/posts\/19862\/revisions\/139063"}],"wp:featuredmedia":[{"embeddable":true,"href":"https:\/\/imgist.ru\/fr\/wp-json\/wp\/v2\/media\/19863"}],"wp:attachment":[{"href":"https:\/\/imgist.ru\/fr\/wp-json\/wp\/v2\/media?parent=19862"}],"wp:term":[{"taxonomy":"category","embeddable":true,"href":"https:\/\/imgist.ru\/fr\/wp-json\/wp\/v2\/categories?post=19862"},{"taxonomy":"post_tag","embeddable":true,"href":"https:\/\/imgist.ru\/fr\/wp-json\/wp\/v2\/tags?post=19862"}],"curies":[{"name":"wp","href":"https:\/\/api.w.org\/{rel}","templated":true}]}}