{"id":201,"date":"2026-05-29T14:51:10","date_gmt":"2026-05-29T11:51:10","guid":{"rendered":"https:\/\/imgist.ru\/u-kendall-dzhenner-bylo-obyazatelnoe-uslovie-dlya-romana-s-dzhejkobom-elordi-istochnik\/"},"modified":"2026-05-29T15:21:00","modified_gmt":"2026-05-29T12:21:00","slug":"kendall-jenner-avait-une-condition-obligatoire-a-sa-relation-avec-jacob-elordi-source","status":"publish","type":"post","link":"https:\/\/imgist.ru\/fr\/u-kendall-dzhenner-bylo-obyazatelnoe-uslovie-dlya-romana-s-dzhejkobom-elordi-istochnik\/","title":{"rendered":"Kendall Jenner avait une condition pr\u00e9alable pour sortir avec Jacob Elordi."},"content":{"rendered":"<p>Il semblerait que <strong>Kendall Jenner<\/strong> Une condition essentielle pesait sur sa relation avec Jacob Elordi\u00a0: elle accorde une grande importance \u00e0 un partenaire qui s\u2019int\u00e8gre parfaitement \u00e0 son cercle social proche. La star de t\u00e9l\u00e9-r\u00e9alit\u00e9 et l\u2019acteur de Frankenstein seraient amis de longue date et auraient de nombreux amis en commun.<\/p>\n<p>Les rumeurs concernant leur relation ont commenc\u00e9 \u00e0 circuler en f\u00e9vrier dernier, lorsque le couple a \u00e9t\u00e9 aper\u00e7u ensemble \u00e0 une after-party du festival Coachella. Selon certaines sources, il est particuli\u00e8rement important pour Jenner que son partenaire s&#039;entende facilement avec ses proches.<\/p>\n<h2>Selon une source, Kendall Jenner voulait voir comment Jacob Elordi s&#039;int\u00e9grerait \u00ab \u00e0 ses amis les plus proches \u00bb.<\/h2>\n<p>Kendall Jenner aurait voulu voir comment Jacob Elordi s&#039;int\u00e9grerait \u00e0 son groupe d&#039;amis proches. Les rumeurs concernant leur idylle suppos\u00e9e circulent depuis un certain temps. En mai, ils ont m\u00eame \u00e9t\u00e9 aper\u00e7us en double rendez-vous avec Kylie Jenner et son compagnon Timoth\u00e9e Chalamet \u00e0 Los Angeles.<\/p>\n<p>Ils semblent profond\u00e9ment amoureux et, selon certaines sources, leur relation se consolide. Un article de Page Six affirme que la cr\u00e9atrice de mode \u00e9tait initialement h\u00e9sitante quant \u00e0 cette idylle, notamment en raison de sa longue amiti\u00e9 avec Elordi. De plus, ils fr\u00e9quentent les m\u00eames cercles sociaux et, d&#039;apr\u00e8s certaines sources, la dynamique de leur relation a r\u00e9cemment \u00e9volu\u00e9.<\/p>\n<p>Kendall aurait pris son temps, ne souhaitant pas prendre de d\u00e9cision h\u00e2tive. Elle aurait choisi avec soin son compagnon de longue date.<\/p>\n<p>Cependant, selon une source, l&#039;acteur d&#039;Euphoria est \u00ab tr\u00e8s d\u00e9contract\u00e9 et facile d&#039;approche \u00bb, ce qui fait qu&#039;il s&#039;entend bien avec tout le monde, ce qui est apparemment important pour Kendall.<\/p>\n<p>Une source proche de l&#039;homme a d\u00e9clar\u00e9 au journal\u00a0: \u00ab\u00a0Il est tr\u00e8s important pour Kendall que la personne avec qui elle sort fasse partie de son cercle d&#039;amis, car ses amis et son cercle d&#039;amis proches comptent beaucoup pour elle.\u00a0\u00bb.<\/p>\n<p>Elle aurait commenc\u00e9 \u00e0 le pr\u00e9senter plus souvent \u00e0 son cercle d&#039;amis proches, notamment \u00e0 sa s\u0153ur Kylie, et ses amis semblent beaucoup l&#039;appr\u00e9cier.<\/p>\n<p>L&#039;article \u00bb Kendall Jenner avait un probl\u00e8me dans sa relation avec Jacob Elordi - Source \u00bb est paru initialement sur Reality Tea. .<\/p>","protected":false},"excerpt":{"rendered":"<p>Kendall Jenner aurait pos\u00e9 une condition importante \u00e0 sa relation avec Jacob Elordi\u00a0: elle accorde une grande importance \u00e0 un partenaire qui s\u2019int\u00e8gre parfaitement \u00e0 son cercle intime\u2026<\/p>","protected":false},"author":1,"featured_media":202,"comment_status":"open","ping_status":"closed","sticky":false,"template":"","format":"standard","meta":{"footnotes":""},"categories":[5],"tags":[],"class_list":["post-201","post","type-post","status-publish","format-standard","has-post-thumbnail","hentry","category-selebriti","hvn-theme-has-thumbnail"],"_links":{"self":[{"href":"https:\/\/imgist.ru\/fr\/wp-json\/wp\/v2\/posts\/201","targetHints":{"allow":["GET"]}}],"collection":[{"href":"https:\/\/imgist.ru\/fr\/wp-json\/wp\/v2\/posts"}],"about":[{"href":"https:\/\/imgist.ru\/fr\/wp-json\/wp\/v2\/types\/post"}],"author":[{"embeddable":true,"href":"https:\/\/imgist.ru\/fr\/wp-json\/wp\/v2\/users\/1"}],"replies":[{"embeddable":true,"href":"https:\/\/imgist.ru\/fr\/wp-json\/wp\/v2\/comments?post=201"}],"version-history":[{"count":2,"href":"https:\/\/imgist.ru\/fr\/wp-json\/wp\/v2\/posts\/201\/revisions"}],"predecessor-version":[{"id":213,"href":"https:\/\/imgist.ru\/fr\/wp-json\/wp\/v2\/posts\/201\/revisions\/213"}],"wp:featuredmedia":[{"embeddable":true,"href":"https:\/\/imgist.ru\/fr\/wp-json\/wp\/v2\/media\/202"}],"wp:attachment":[{"href":"https:\/\/imgist.ru\/fr\/wp-json\/wp\/v2\/media?parent=201"}],"wp:term":[{"taxonomy":"category","embeddable":true,"href":"https:\/\/imgist.ru\/fr\/wp-json\/wp\/v2\/categories?post=201"},{"taxonomy":"post_tag","embeddable":true,"href":"https:\/\/imgist.ru\/fr\/wp-json\/wp\/v2\/tags?post=201"}],"curies":[{"name":"wp","href":"https:\/\/api.w.org\/{rel}","templated":true}]}}