{"id":2014,"date":"2026-05-30T16:13:41","date_gmt":"2026-05-30T13:13:41","guid":{"rendered":"https:\/\/imgist.ru\/90-letnij-alan-alda-govorit-chto-ponyal-chto-star-kogda-ego-docheri-stali-poluchat-mediczinskuyu-pomoshh-po-programme-medicare\/"},"modified":"2026-08-29T11:10:29","modified_gmt":"2026-08-29T08:10:29","slug":"alan-alda-age-de-90-ans-affirme-avoir-pris-conscience-de-sa-celebrite-lorsque-ses-filles-ont-commence-a-beneficier-de-medicare","status":"publish","type":"post","link":"https:\/\/imgist.ru\/fr\/90-letnij-alan-alda-govorit-chto-ponyal-chto-star-kogda-ego-docheri-stali-poluchat-mediczinskuyu-pomoshh-po-programme-medicare\/","title":{"rendered":"Alan Alda, 90 ans, dit avoir pris conscience de sa vieillesse lorsque ses filles ont commenc\u00e9 \u00e0 b\u00e9n\u00e9ficier de Medicare."},"content":{"rendered":"<h3>\u00c0 SAVOIR <\/h3>\n<ul>\n<li>\n<p> Alan Alda a \u00e9voqu\u00e9 le vieillissement et a d\u00e9clar\u00e9 avoir pris conscience de son \u00e2ge lorsque ses filles ont commenc\u00e9 \u00e0 b\u00e9n\u00e9ficier de Medicare. <\/p>\n<\/li>\n<li>\n<p> Vedette de la s\u00e9rie <em>\u00ab\u00c9CRASER\u00bb<\/em> Il a f\u00eat\u00e9 ses 90 ans en janvier. <\/p>\n<\/li>\n<li>\n<p> L&#039;acteur a \u00e9galement \u00e9voqu\u00e9 sa vie avec la maladie de Parkinson.<\/p>\n<\/li>\n<\/ul>\n<p> Alan Alda parle ouvertement du vieillissement.<\/p>\n<p> Lors de l&#039;\u00e9v\u00e9nement \u00ab Alan Alda, Joy Behar et Roger Rosenblatt en conversation : Les nouvelles r\u00e8gles du vieillissement \u00bb, qui s&#039;est d\u00e9roul\u00e9 au club 92NY de New York le jeudi 21 mai, la vedette de la s\u00e9rie <em>\u00ab\u00c9CRASER\u00bb<\/em> Il a \u00e9voqu\u00e9 sa vie \u00e0 l&#039;\u00e2ge de 90 ans. <\/p>\n<p> \u00ab On r\u00e9alise qu\u2019on est vieux quand on d\u00e9couvre, comme moi, qu\u2019on a trois filles, toutes sous Medicare \u00bb, a expliqu\u00e9 l\u2019acteur, faisant r\u00e9f\u00e9rence \u00e0 ses filles Eva (67 ans), Elizabeth (65 ans) et Beatrice (64 ans). .<\/p>\n<p> Alan a des enfants avec sa femme, Arlene Alda, qu&#039;il a \u00e9pous\u00e9e en 1957. <\/p>\n<p> Alan Alda et son \u00e9pouse, Arlene Alda, en 2019. Photo\u00a0: Charlie Galley\/Getty<\/p>\n<p> \u00ab Mais les gens vous le disent, le monde entier vous le dit, que vous \u00eates plus vieux. Je ne compte pas mon \u00e2ge en ann\u00e9es v\u00e9cues. Je le compte au nombre de fois par jour o\u00f9 quelqu&#039;un me demande : &quot;Comment puis-je vous aider ?&quot; \u201e, a ajout\u00e9 Alan.<\/p>\n<p> Alana, \u00e0 qui on a diagnostiqu\u00e9 la maladie de Parkinson en 2015, a annonc\u00e9 publiquement son diagnostic en 2018. Depuis, Alda a continu\u00e9 \u00e0 jouer dans des films, b\u00e9n\u00e9ficiant du soutien d&#039;Arlene. <\/p>\n<p> Ils se sont mari\u00e9s quand Alan avait 21 ans. D&#039;apr\u00e8s la l\u00e9gende, ils se sont rencontr\u00e9s lors d&#039;une f\u00eate o\u00f9 ils \u00e9taient les deux seules personnes \u00e0 manger un g\u00e2teau tomb\u00e9 par terre.<\/p>\n<p> \u00ab Nous avons mang\u00e9 de la tarte au rhum par terre et sommes devenus ins\u00e9parables apr\u00e8s \u00e7a. Mais j&#039;\u00e9tais d\u00e9j\u00e0 sous son charme bien avant, quand je l&#039;ai entendue rire \u00e0 mes blagues au bout de la table. Elle m&#039;a captiv\u00e9 au premier regard \u00bb, a-t-il \u00e9crit sur X. <\/p>\n<p> Alan Alda en 2020. Photo : Rodin Eckenroth\/FilmMagic<\/p>\n<p> Lors d&#039;un \u00e9v\u00e9nement le 21 mai, Alan a annonc\u00e9 qu&#039;il f\u00eaterait son 90e anniversaire le 28 janvier.<\/p>\n<p> \u00ab Je repensais justement \u00e0 ce jour-l\u00e0, le jour m\u00eame de mes 90 ans \u00bb, se souvient-il. \u00ab Nous \u00e9tions all\u00e9s d\u00eener, et \u00e0 la fin du repas, le serveur est arriv\u00e9 avec un g\u00e2teau et une bougie, et s&#039;est mis \u00e0 chanter : &quot;Joyeux anniversaire, monsieur !&quot; J&#039;ai souffl\u00e9 la bougie, et ils m&#039;ont dit : &quot;Vous l&#039;avez fait vous-m\u00eame. Je ne vous ai pas aid\u00e9.&quot; Ils l&#039;ont bien fait comprendre. \u201e. <\/p>\n<p> Son petit-fils, Jake Alda Coffey, a partag\u00e9 une adorable photo d&#039;Alan prise lors du d\u00eener d&#039;anniversaire sur son compte de r\u00e9seau social. \u00ab\u00a0Joyeux 90e anniversaire \u00e0 mon grand-p\u00e8re\u00a0! Il est mon plus grand mod\u00e8le\u00a0\u00bb, a-t-il \u00e9crit en l\u00e9gende. Sur une autre publication, on voit Alan d\u00e9guster un g\u00e2teau d&#039;anniversaire en famille.<\/p>\n<p> \u00ab Mon grand-p\u00e8re a \u00e9t\u00e9 tr\u00e8s touch\u00e9 par tout l&#039;amour qu&#039;il a re\u00e7u aujourd&#039;hui \u00bb, a ajout\u00e9 Coffey. \u00ab Nous avons pass\u00e9 une soir\u00e9e paisible pour f\u00eater ses 90 ans, remplie de rires. Apr\u00e8s le d\u00eener, nous sommes rentr\u00e9s et avons d\u00e9gust\u00e9 un g\u00e2teau au rhum pr\u00e9par\u00e9 par un de ses amis. La conclusion parfaite de la soir\u00e9e. \u00bb.<\/p>\n<p> Rosenblatt, 86 ans, a plus tard demand\u00e9 \u00e0 Alda ce qu&#039;il \u00ab aimait \u00bb dans le fait de pouvoir \u00ab se rem\u00e9morer ma vie \u00bb et \u00ab penser \u00e0 moi non pas d&#039;une mani\u00e8re \u00e9gocentrique et artistique, mais simplement d&#039;une mani\u00e8re biographique g\u00e9n\u00e9rale \u00bb.<\/p>\n<p> Alan a r\u00e9pondu : \u00ab Je veux dire, je m&#039;int\u00e9resse plus \u00e0 la r\u00e9alit\u00e9 qu&#039;\u00e0 vous plaindre\u2026 J&#039;ai la maladie de Parkinson. Pour moi, c&#039;est un vrai casse-t\u00eate. Le plus int\u00e9ressant, c&#039;est de savoir comment enfiler son pantalon sans tomber par terre. \u00bb <\/p>\n<p> En mai 2025, Alan a d\u00e9clar\u00e9 \u00e0 PEOPLE qu&#039;il \u00ab faisait des progr\u00e8s \u00bb, puis a ajout\u00e9 en plaisantant : \u00ab Je n&#039;ai pas pr\u00e9cis\u00e9 dans quelle direction. \u00bb.<\/p>\n<p> Alan souffre de prosopagnosie, une forme de c\u00e9cit\u00e9 faciale qui l&#039;emp\u00eache de reconna\u00eetre les visages familiers et qui a un impact sur sa vie quotidienne.<\/p>\n<p> <strong>Ne manquez rien\u00a0! Inscrivez-vous \u00e0 la newsletter quotidienne gratuite de PEOPLE pour rester au courant des meilleures actualit\u00e9s PEOPLE, des infos sur les c\u00e9l\u00e9brit\u00e9s aux histoires humaines les plus touchantes.<\/strong><\/p>\n<p> \u00ab Je trouve presque chaque jour une nouvelle fa\u00e7on de faire quelque chose \u00bb, a-t-il d\u00e9clar\u00e9. \u00ab C&#039;est un peu comme un jeu. Je rep\u00e8re un petit probl\u00e8me, et si je pers\u00e9v\u00e8re, je finis par le r\u00e9soudre, et l\u00e0, je suis aux anges. C&#039;est une fa\u00e7on de s&#039;amuser m\u00eame dans les moments difficiles. \u00bb. <\/p>\n<p> Alan a ajout\u00e9 que la maladie de Parkinson \u00ab est pass\u00e9e d&#039;un travail \u00e0 temps partiel \u00e0 un travail \u00e0 temps plein, avec la gestion de toutes ces petites solutions. Mais cela me permet toujours d&#039;y trouver du plaisir. \u00bb.<\/p>\n<p> Lisez l&#039;article original sur People.<\/p>","protected":false},"excerpt":{"rendered":"<p>\u00c0 SAVOIR\u00a0: Alan Alda a \u00e9voqu\u00e9 le vieillissement et a r\u00e9v\u00e9l\u00e9 avoir pris conscience de son \u00e2ge lorsque ses filles ont commenc\u00e9 \u00e0 b\u00e9n\u00e9ficier de l\u2019assurance maladie Medicare. La star de la s\u00e9rie\u2026<\/p>","protected":false},"author":1,"featured_media":2015,"comment_status":"open","ping_status":"closed","sticky":false,"template":"","format":"standard","meta":{"footnotes":""},"categories":[5],"tags":[],"class_list":["post-2014","post","type-post","status-publish","format-standard","has-post-thumbnail","hentry","category-selebriti","hvn-theme-has-thumbnail"],"_links":{"self":[{"href":"https:\/\/imgist.ru\/fr\/wp-json\/wp\/v2\/posts\/2014","targetHints":{"allow":["GET"]}}],"collection":[{"href":"https:\/\/imgist.ru\/fr\/wp-json\/wp\/v2\/posts"}],"about":[{"href":"https:\/\/imgist.ru\/fr\/wp-json\/wp\/v2\/types\/post"}],"author":[{"embeddable":true,"href":"https:\/\/imgist.ru\/fr\/wp-json\/wp\/v2\/users\/1"}],"replies":[{"embeddable":true,"href":"https:\/\/imgist.ru\/fr\/wp-json\/wp\/v2\/comments?post=2014"}],"version-history":[{"count":2,"href":"https:\/\/imgist.ru\/fr\/wp-json\/wp\/v2\/posts\/2014\/revisions"}],"predecessor-version":[{"id":144893,"href":"https:\/\/imgist.ru\/fr\/wp-json\/wp\/v2\/posts\/2014\/revisions\/144893"}],"wp:featuredmedia":[{"embeddable":true,"href":"https:\/\/imgist.ru\/fr\/wp-json\/wp\/v2\/media\/2015"}],"wp:attachment":[{"href":"https:\/\/imgist.ru\/fr\/wp-json\/wp\/v2\/media?parent=2014"}],"wp:term":[{"taxonomy":"category","embeddable":true,"href":"https:\/\/imgist.ru\/fr\/wp-json\/wp\/v2\/categories?post=2014"},{"taxonomy":"post_tag","embeddable":true,"href":"https:\/\/imgist.ru\/fr\/wp-json\/wp\/v2\/tags?post=2014"}],"curies":[{"name":"wp","href":"https:\/\/api.w.org\/{rel}","templated":true}]}}