{"id":20170,"date":"2026-08-04T15:21:29","date_gmt":"2026-08-04T12:21:29","guid":{"rendered":"https:\/\/imgist.ru\/razgovor-dejva-batisty-o-god-of-war-zastavil-fanatov-kratosa-govorit-to-zhe-samoe\/"},"modified":"2026-08-04T15:21:29","modified_gmt":"2026-08-04T12:21:29","slug":"la-conversation-de-deva-batista-a-propos-de-year-of-war-a-incite-les-fans-de-kratos-a-dire-la-meme-chose","status":"publish","type":"post","link":"https:\/\/imgist.ru\/fr\/razgovor-dejva-batisty-o-god-of-war-zastavil-fanatov-kratosa-govorit-to-zhe-samoe\/","title":{"rendered":"Les propos de Dave Bautista sur God of War ont suscit\u00e9 la m\u00eame r\u00e9action chez les fans de Kratos."},"content":{"rendered":"<p><strong>Dave Bautista,<\/strong> Peut-\u00eatre qu&#039;il le ramassera. <strong>Lames du Chaos<\/strong> Plus t\u00f4t que vous ne le pensez. Les fans ont r\u00e9agi aux rumeurs concernant la star <strong>Univers cin\u00e9matographique Marvel<\/strong> est en pourparlers pour le r\u00f4le <strong>Kratos<\/strong> dans la s\u00e9rie Amazon <strong>\u00abDieu de la guerre\u00bb<\/strong> .<\/p>\n<h2> Les fans r\u00e9agissent aux rumeurs selon lesquelles Dave Bautista serait en pourparlers pour incarner Kratos dans la nouvelle s\u00e9rie God of War.<\/h2>\n<p> D&#039;apr\u00e8s Variety, Dave Bautista serait en pourparlers pour incarner Kratos dans la s\u00e9rie God of War d&#039;Amazon Prime Video. Cette nouvelle a suscit\u00e9 une vague de r\u00e9actions sur les r\u00e9seaux sociaux, de nombreux internautes exprimant leur enthousiasme quant \u00e0 la possible participation de l&#039;ancien acteur de l&#039;univers cin\u00e9matographique Marvel.<\/p>\n<p> Un fan enthousiaste a exprim\u00e9 son approbation, d\u00e9clarant : \u00ab Il serait absolument parfait pour ce r\u00f4le. \u00bb Un autre utilisateur a partag\u00e9 cet avis positif, \u00e9crivant : \u00ab Je vois bien comment \u00e7a pourrait fonctionner. \u00bb Ces r\u00e9actions t\u00e9moignent de l&#039;engouement croissant pour la participation potentielle de Bautista \u00e0 la s\u00e9rie.<\/p>\n<p> Bautista a \u00e9t\u00e9 acclam\u00e9 pour son interpr\u00e9tation de Drax dans la franchise des Gardiens de la Galaxie. Son physique et son exp\u00e9rience d&#039;acteur font de lui un candidat id\u00e9al pour ce r\u00f4le embl\u00e9matique. Les fans sp\u00e9culent depuis longtemps sur sa capacit\u00e9 \u00e0 incarner des personnages physiquement exigeants en dehors de l&#039;univers cin\u00e9matographique Marvel.<\/p>\n<p> La recherche d&#039;un nouvel acteur a d\u00e9but\u00e9 apr\u00e8s la grave blessure de Ryan Hurst, qui incarnait Kratos dans le film original, sur le tournage. Hurst s&#039;est d\u00e9chir\u00e9 le biceps en r\u00e9alisant une cascade \u00e0 Vancouver. Il a \u00e9t\u00e9 annonc\u00e9 qu&#039;il ne pourrait pas reprendre le r\u00f4le avant 2027.<\/p>\n<p> Plut\u00f4t que de retarder la production, Amazon et Sony ont d\u00e9cid\u00e9 de remplacer compl\u00e8tement l&#039;actrice qui interpr\u00e9tait le r\u00f4le. La premi\u00e8re saison de God of War b\u00e9n\u00e9ficie d\u00e9j\u00e0 d&#039;une distribution exceptionnelle. Teresa Palmer incarnera Sif et Max Parker, Heimdall, dans cette nouvelle adaptation.<\/p>\n<p> Ed Skrein interpr\u00e9tera Baldur et \u00d3lafur Darri \u00d3lafsson incarnera Thor dans la s\u00e9rie. Mandy Patinkin compl\u00e8te la distribution principale dans le r\u00f4le d&#039;Odin. Annonc\u00e9e initialement en 2022, la s\u00e9rie a subi plusieurs modifications cr\u00e9atives avant d&#039;entrer en pr\u00e9production.<\/p>\n<p> La production a repris fin 2025 apr\u00e8s une longue p\u00e9riode de d\u00e9veloppement. La s\u00e9rie God of War n&#039;a toujours pas de date de sortie officielle. Les fans attendent avec impatience la confirmation officielle de la participation de Bautista au projet dans les semaines \u00e0 venir.<\/p>\n<p> L&#039;article \u00ab Les discussions de Dave Bautista sur God of War suscitent la m\u00eame r\u00e9action chez les fans de Kratos \u00bb est initialement paru sur ComingSoon.net \u2014 Actualit\u00e9s cin\u00e9ma, t\u00e9l\u00e9vision, streaming et plus encore.<\/p>","protected":false},"excerpt":{"rendered":"<p>Dave Bautista pourrait manier les Lames du Chaos plus t\u00f4t que vous ne le pensez. Les fans ont r\u00e9agi aux rumeurs selon lesquelles la star de l&#039;univers cin\u00e9matographique Marvel serait en pourparlers pour\u2026<\/p>","protected":false},"author":1,"featured_media":20171,"comment_status":"open","ping_status":"closed","sticky":false,"template":"","format":"standard","meta":{"footnotes":""},"categories":[6],"tags":[],"class_list":["post-20170","post","type-post","status-publish","format-standard","has-post-thumbnail","hentry","category-kinoindustriya","hvn-theme-has-thumbnail"],"_links":{"self":[{"href":"https:\/\/imgist.ru\/fr\/wp-json\/wp\/v2\/posts\/20170","targetHints":{"allow":["GET"]}}],"collection":[{"href":"https:\/\/imgist.ru\/fr\/wp-json\/wp\/v2\/posts"}],"about":[{"href":"https:\/\/imgist.ru\/fr\/wp-json\/wp\/v2\/types\/post"}],"author":[{"embeddable":true,"href":"https:\/\/imgist.ru\/fr\/wp-json\/wp\/v2\/users\/1"}],"replies":[{"embeddable":true,"href":"https:\/\/imgist.ru\/fr\/wp-json\/wp\/v2\/comments?post=20170"}],"version-history":[{"count":0,"href":"https:\/\/imgist.ru\/fr\/wp-json\/wp\/v2\/posts\/20170\/revisions"}],"wp:featuredmedia":[{"embeddable":true,"href":"https:\/\/imgist.ru\/fr\/wp-json\/wp\/v2\/media\/20171"}],"wp:attachment":[{"href":"https:\/\/imgist.ru\/fr\/wp-json\/wp\/v2\/media?parent=20170"}],"wp:term":[{"taxonomy":"category","embeddable":true,"href":"https:\/\/imgist.ru\/fr\/wp-json\/wp\/v2\/categories?post=20170"},{"taxonomy":"post_tag","embeddable":true,"href":"https:\/\/imgist.ru\/fr\/wp-json\/wp\/v2\/tags?post=20170"}],"curies":[{"name":"wp","href":"https:\/\/api.w.org\/{rel}","templated":true}]}}