{"id":20437,"date":"2026-08-12T22:07:24","date_gmt":"2026-08-12T19:07:24","guid":{"rendered":"https:\/\/imgist.ru\/kamila-kabello-podogrevaet-interes-publiki-v-otkrovennom-bikini-s-czvetochnym-printom-i-koketlivom-poluprozrachnom-mini-plate\/"},"modified":"2026-08-29T12:22:04","modified_gmt":"2026-08-29T09:22:04","slug":"camila-cabello-suscite-linteret-du-public-dans-un-bikini-a-imprime-floral-revelateur-et-une-minijupe-transparente-et-aguicheuse","status":"publish","type":"post","link":"https:\/\/imgist.ru\/fr\/kamila-kabello-podogrevaet-interes-publiki-v-otkrovennom-bikini-s-czvetochnym-printom-i-koketlivom-poluprozrachnom-mini-plate\/","title":{"rendered":"Camila Cabello fait tourner les t\u00eates dans un bikini fleuri r\u00e9v\u00e9lateur et une mini-robe transparente et s\u00e9duisante."},"content":{"rendered":"<p><strong>Camila Cabello<\/strong> Elle prouve avec brio que l&#039;\u00e9t\u00e9 peut durer plus longtemps. La chanteuse de 29 ans partage des moments de ses vacances ensoleill\u00e9es en Gr\u00e8ce, o\u00f9 eaux turquoise, paysages m\u00e9diterran\u00e9ens et une garde-robe de vacances \u00e0 faire p\u00e2lir d&#039;envie \u00e9taient \u00e0 l&#039;honneur. Cabello a document\u00e9 son voyage dans deux publications Instagram, judicieusement intitul\u00e9es \u00ab\u00a0Gr\u00e8ce, partie 1\u00a0\u00bb et \u00ab\u00a0Gr\u00e8ce, partie 2\u00a0\u00bb.<\/p>\n<p> Si les paysages sont assur\u00e9ment remarquables, deux tenues port\u00e9es par Camila Cabello pendant ses vacances en Gr\u00e8ce ont particuli\u00e8rement attir\u00e9 l&#039;attention\u00a0: un bikini fleuri minimaliste et une mini-robe transparente et s\u00e9duisante.<\/p>\n<figure><figcaption>\n<p> Camila Cabello \u00e0 Los Angeles, en Californie. (@GC Images)<\/p>\n<\/figcaption><\/figure>\n<p> Les tenues illustraient deux approches tr\u00e8s diff\u00e9rentes du style estival sensuel, passant sans transition d&#039;un look d\u00e9contract\u00e9 de plage \u00e0 une allure plus habill\u00e9e, parfaite pour les vacances.<\/p>\n<h2> Camila Cabello en bikini fleuri en Gr\u00e8ce<\/h2>\n<p> Pour son premier look audacieux, Cabello a choisi l&#039;une des tendances les plus marquantes de l&#039;\u00e9t\u00e9 : le bikini string.<\/p>\n<p> La chanteuse, c\u00e9l\u00e8bre pour son tube \u00ab\u00a0Havana\u00a0\u00bb, a pos\u00e9 sur la c\u00f4te grecque dans un maillot de bain bleu \u00e0 imprim\u00e9 floral et fines bretelles. Les photos de vacances la montrent se d\u00e9tendant au bord de l&#039;eau et profitant de la plage, affichant un teint h\u00e2l\u00e9.<\/p>\n<p> Son look \u00e9tait simple mais saisissant. Au lieu de surcharger sa tenue d&#039;accessoires tape-\u00e0-l&#039;\u0153il ou d&#039;une coiffure sophistiqu\u00e9e, Camila Cabello a laiss\u00e9 le bikini et le cadre idyllique faire l&#039;essentiel du travail. Ses cheveux bruns \u00e9taient coiff\u00e9s en ondulations naturelles, comme apr\u00e8s une journ\u00e9e \u00e0 la plage. Cabello a l\u00e9gend\u00e9 sa s\u00e9rie de photos Instagram du 31 juillet\u00a0: \u00ab\u00a0Gr\u00e8ce, partie 1\u00a0\u00bb, en y ajoutant quelques \u00e9mojis color\u00e9s de fleurs et de fruits.<\/p>\n<figure><figcaption>\n<p> Camila Cabello \u00e0 Cannes, en France. (@Getty Images)<\/p>\n<\/figcaption><\/figure>\n<p> Selon Camila Cabello&#039;s Closet, un compte de mode qui suit la garde-robe de la chanteuse, le bikini semble \u00eatre un mod\u00e8le floral de Magda Butrym.<\/p>\n<p> Vous aimerez peut-\u00eatre aussi<\/p>\n<ul>\n<li>\n<p> Camila Cabello associe une minijupe en cuir \u00e0 un maillot du Mexique apr\u00e8s la victoire d&#039;El Tri \u00e0 la Coupe du monde.<\/p>\n<\/li>\n<li>\n<p> Camila Cabello a partag\u00e9 un selfie touchant quelques jours apr\u00e8s les rumeurs de sa rupture avec Henry Chalhoub.<\/p>\n<\/li>\n<li>\n<p> Camila Cabello est-elle la pr\u00e9f\u00e9r\u00e9e de Shawn Mendes, Senorita\u00a0? Photos illustrant leur relation.<\/p>\n<\/li>\n<\/ul>\n<p> Poursuivez votre lecture<\/p>\n<p> C&#039;est \u00e9galement un choix judicieux pour Cabello, dont la garde-robe de vacances privil\u00e9gie r\u00e9guli\u00e8rement les maillots de bain ludiques. Plus t\u00f4t en 2026, lors d&#039;une autre escapade tropicale, elle portait un bikini string rouge \u00e0 bordures dor\u00e9es, accessoiris\u00e9 de boucles d&#039;oreilles en coquillage et de v\u00eatements de plage superpos\u00e9s.<\/p>\n<h2> La mini-robe transparente de Camila Cabello est la cl\u00e9 de vacances glamour.<\/h2>\n<p> Camila Cabello ne s&#039;est pas content\u00e9e de maillots de bain. Pour la deuxi\u00e8me partie de son s\u00e9jour en Gr\u00e8ce, la chanteuse a opt\u00e9 pour une tenue de vacances plus habill\u00e9e, portant une mini-robe Os\u00e9r\u00e9e Lumi\u00e8re Rose Pois, selon Camila Cabello&#039;s Closet.<\/p>\n<p> La mini-robe transparente cr\u00e9ait un contraste espi\u00e8gle avec son minuscule bikini de plage. Avec sa silhouette douce et pr\u00e8s du corps, la tenue incarnait l&#039;\u00e9l\u00e9gance d\u00e9contract\u00e9e typique des vacances europ\u00e9ennes des c\u00e9l\u00e9brit\u00e9s.<\/p>\n<p> Cabello a partag\u00e9 une deuxi\u00e8me s\u00e9rie de photos le 4 ao\u00fbt avec la l\u00e9gende \u00ab Gr\u00e8ce partie 2 \u00bb, ajoutant \u00e0 nouveau des fruits, des fleurs et un verre de vin \u00e0 sa publication.<\/p>\n<h2> Camila Cabello est une habitu\u00e9e des looks de vacances spectaculaires.<\/h2>\n<p> Ce n&#039;est pas le premier moment mode m\u00e9morable de Cabello \u00e0 l&#039;\u00e9tranger.<\/p>\n<figure><figcaption>\n<p> Cabello a \u00e9bloui tout le monde dans son bikini blanc (@G3\/The Grosby Group)<\/p>\n<\/figcaption><\/figure>\n<p> En 2025, elle a document\u00e9 son voyage sur la C\u00f4te d&#039;Azur, posant dans une s\u00e9rie de tenues d&#039;inspiration vintage, dont un chemisier transparent et un micro-short. Le m\u00eame \u00e9t\u00e9, elle a partag\u00e9 des photos de ses vacances en Italie, o\u00f9 elle posait dans un \u00e9l\u00e9gant bikini blanc.<\/p>\n<p> La Gr\u00e8ce a \u00e9galement un lien avec le style de la chanteuse. En juillet 2023, Camila Cabello a pass\u00e9 des vacances \u00e0 Ath\u00e8nes apr\u00e8s avoir assist\u00e9 \u00e0 la Fashion Week de Paris. Durant ce s\u00e9jour, elle a pos\u00e9 dans l&#039;oc\u00e9an v\u00eatue d&#039;un bikini noir et rouge et de lunettes de soleil oversize.<\/p>\n<p> Trois ans plus tard, elle est retourn\u00e9e en Gr\u00e8ce avec une nouvelle collection de maillots de bain et de tenues de vacances m\u00e9morables.<\/p>","protected":false},"excerpt":{"rendered":"<p>Camila Cabello prouve que l&#039;\u00e9t\u00e9 peut durer plus longtemps. La chanteuse de 29 ans partage des moments de ses vacances ensoleill\u00e9es en Gr\u00e8ce, o\u00f9 eaux turquoise, paysages m\u00e9diterran\u00e9ens et un cadre idyllique\u2026<\/p>","protected":false},"author":1,"featured_media":0,"comment_status":"open","ping_status":"closed","sticky":false,"template":"","format":"standard","meta":{"footnotes":""},"categories":[5],"tags":[],"class_list":["post-20437","post","type-post","status-publish","format-standard","hentry","category-selebriti"],"_links":{"self":[{"href":"https:\/\/imgist.ru\/fr\/wp-json\/wp\/v2\/posts\/20437","targetHints":{"allow":["GET"]}}],"collection":[{"href":"https:\/\/imgist.ru\/fr\/wp-json\/wp\/v2\/posts"}],"about":[{"href":"https:\/\/imgist.ru\/fr\/wp-json\/wp\/v2\/types\/post"}],"author":[{"embeddable":true,"href":"https:\/\/imgist.ru\/fr\/wp-json\/wp\/v2\/users\/1"}],"replies":[{"embeddable":true,"href":"https:\/\/imgist.ru\/fr\/wp-json\/wp\/v2\/comments?post=20437"}],"version-history":[{"count":3,"href":"https:\/\/imgist.ru\/fr\/wp-json\/wp\/v2\/posts\/20437\/revisions"}],"predecessor-version":[{"id":161968,"href":"https:\/\/imgist.ru\/fr\/wp-json\/wp\/v2\/posts\/20437\/revisions\/161968"}],"wp:attachment":[{"href":"https:\/\/imgist.ru\/fr\/wp-json\/wp\/v2\/media?parent=20437"}],"wp:term":[{"taxonomy":"category","embeddable":true,"href":"https:\/\/imgist.ru\/fr\/wp-json\/wp\/v2\/categories?post=20437"},{"taxonomy":"post_tag","embeddable":true,"href":"https:\/\/imgist.ru\/fr\/wp-json\/wp\/v2\/tags?post=20437"}],"curies":[{"name":"wp","href":"https:\/\/api.w.org\/{rel}","templated":true}]}}