{"id":20522,"date":"2026-08-15T22:07:56","date_gmt":"2026-08-15T19:07:56","guid":{"rendered":"https:\/\/imgist.ru\/byvshaya-devushka-trevisa-barkera-namekaet-na-svoyu-istoriyu-posle-togo-kak-on-opublikoval-fotografii-s-kortni-kardashyan\/"},"modified":"2026-08-24T14:54:16","modified_gmt":"2026-08-24T11:54:16","slug":"lex-petite-amie-de-travis-barker-critique-son-compte-instagram-apres-quil-a-publie-des-photos-avec-kourtney-kardashian","status":"publish","type":"post","link":"https:\/\/imgist.ru\/fr\/byvshaya-devushka-trevisa-barkera-namekaet-na-svoyu-istoriyu-posle-togo-kak-on-opublikoval-fotografii-s-kortni-kardashyan\/","title":{"rendered":"L&#039;ex-petite amie de Travis Barker fait allusion \u00e0 son \" pass\u00e9 \" apr\u00e8s que ce dernier a publi\u00e9 des photos avec Kourtney Kardashian."},"content":{"rendered":"<p>Premi\u00e8re du film documentaire <strong>Travis Barker<\/strong> <em>\u00abTravis Barker : Plus fort que la peur\u00bb<\/em> Cela s&#039;est pass\u00e9 dans le cadre familial. Les enfants <strong>Kourtney Kardashian<\/strong> Ils n&#039;\u00e9taient pas pr\u00e9sents \u00e0 l&#039;avant-premi\u00e8re. L&#039;ex-femme de Barker a soulev\u00e9 des questions quant \u00e0 leur absence.<\/p>\n<p> <strong>Shanna Moakler<\/strong> Il a \u00e9t\u00e9 mari\u00e9 \u00e0 un batteur de 2004 \u00e0 2008. Il avait une belle-fille., <strong>Atiana De La Hoya<\/strong> , et plus tard ils eurent un fils, <strong>Landon<\/strong> , et fille, <strong>Alabama<\/strong> .<\/p>\n<p> \u00ab O\u00f9 sont ses enfants ? \u00bb a demand\u00e9 un internaute sur TikTok, et Moakler, \u00e2g\u00e9e de 51 ans, a publi\u00e9 une capture d&#039;\u00e9cran de la question. Elle l&#039;a ensuite supprim\u00e9e et a expliqu\u00e9 les raisons de sa publication.<\/p>\n<p> \u00ab Honn\u00eatement, il n&#039;y a pas vraiment d&#039;histoire \u00e0 raconter \u00bb, a d\u00e9clar\u00e9 Moakler \u00e0 la publication. <em>Le Daily Mail<\/em> . \u00ab Je publie et supprime constamment des choses sur les r\u00e9seaux sociaux, et je n&#039;ai vraiment rien de plus \u00e0 ajouter. Finalement, je partagerai mon histoire avec mes propres mots dans un livre, et j&#039;ai h\u00e2te de le faire. \u00bb.<\/p>\n<figure><figcaption>\n<p> Shanna Moakler. Photo : MBS\/MEGA<\/p>\n<\/figcaption><\/figure>\n<p> Le batteur de Blink-182 et star de t\u00e9l\u00e9-r\u00e9alit\u00e9 a un fils de deux ans nomm\u00e9 <strong>Rocheux<\/strong> . Kardashian \u00e9l\u00e8ve \u00e9galement des enfants <strong>Ma\u00e7on<\/strong> , <strong>P\u00e9n\u00e9lope<\/strong> \u0438 <strong>Reina<\/strong> avec leur p\u00e8re, <strong>Scott Disick<\/strong> . Ils sont tous mineurs, contrairement aux enfants de Barker issus de son premier mariage, qui ont d\u00e9j\u00e0 la vingtaine.<\/p>\n<p> Barker et Moakler ont autrefois jou\u00e9 dans une \u00e9mission de t\u00e9l\u00e9r\u00e9alit\u00e9. <em>\u00abRencontrez les Barkers\u00bb<\/em> . Certaines sc\u00e8nes de l&#039;\u00e9mission de MTV ont \u00e9t\u00e9 int\u00e9gr\u00e9es au documentaire. Moakler y est \u00e9galement apparue pour \u00e9voquer son mariage et la confession de Barker concernant son addiction. Ce n&#039;est pas la premi\u00e8re fois que Moakler laisse entendre que ses relations avec Kardashian sont tendues.<\/p>\n<p> \u00ab Je ne pense pas que ces femmes aient ces conversations avec qui que ce soit d&#039;autre \u00bb, a-t-elle d\u00e9clar\u00e9 dans le podcast. <em>Quand la r\u00e9alit\u00e9 frappe<\/em> . \u00ab \u00c0 un moment donn\u00e9, j&#039;ai trouv\u00e9 cela irrespectueux. \u00c0 certains moments, j&#039;ai eu l&#039;impression qu&#039;ils disaient : &quot;Waouh, si j&#039;avais vos enfants, je ne ferais pas certaines des choses que vous faites avec les miens.&quot; \u201e.<\/p>\n<p> <em>Le film de Travis Barker \u00ab Plus fort que la peur \u00bb<\/em> Maintenant disponible sur Hulu et Disney+.<\/p>\n<p> Pour en savoir plus, consultez InTouch Weekly.<\/p>\n<ul>\n<li>\n<p> Marvel a d\u00e9voil\u00e9 sa liste de nouveaux films X-Men lors de la D23 en 2026.<\/p>\n<\/li>\n<li>\n<p> Milania Giudice s&#039;est inscrite \u00e0 des cours de gestion de la col\u00e8re apr\u00e8s son arrestation.<\/p>\n<\/li>\n<li>\n<p> Andy Cohen a r\u00e9pondu aux critiques de Kelly Dodd \u00e0 l&#039;encontre de Bravo.<\/p>\n<\/li>\n<\/ul>\n<p> Cet article, dans lequel l&#039;ex-petite amie de Travis Barker taquine ses fans avec une \u00ab histoire \u00bb apr\u00e8s qu&#039;il a publi\u00e9 des photos avec Kourtney Kardashian, est apparu pour la premi\u00e8re fois sur <em>InTouch Hebdomadaire<\/em> . Abonnez-vous \u00e0 <strong>InTouch Hebdomadaire<\/strong> \u0432 <strong>Yahoo<\/strong> , afin de ne pas manquer les prochaines publications.<\/p>","protected":false},"excerpt":{"rendered":"<p>La premi\u00e8re du documentaire de Travis Barker, \u00ab Travis Barker : Louder Than Fear \u00bb, s&#039;est d\u00e9roul\u00e9e dans un cadre familial. Les enfants de Kourtney Kardashian \u00e9taient absents. L&#039;ex-femme de Barker a soulev\u00e9 des questions\u2026<\/p>","protected":false},"author":1,"featured_media":20523,"comment_status":"open","ping_status":"closed","sticky":false,"template":"","format":"standard","meta":{"footnotes":""},"categories":[5],"tags":[],"class_list":["post-20522","post","type-post","status-publish","format-standard","has-post-thumbnail","hentry","category-selebriti","hvn-theme-has-thumbnail"],"_links":{"self":[{"href":"https:\/\/imgist.ru\/fr\/wp-json\/wp\/v2\/posts\/20522","targetHints":{"allow":["GET"]}}],"collection":[{"href":"https:\/\/imgist.ru\/fr\/wp-json\/wp\/v2\/posts"}],"about":[{"href":"https:\/\/imgist.ru\/fr\/wp-json\/wp\/v2\/types\/post"}],"author":[{"embeddable":true,"href":"https:\/\/imgist.ru\/fr\/wp-json\/wp\/v2\/users\/1"}],"replies":[{"embeddable":true,"href":"https:\/\/imgist.ru\/fr\/wp-json\/wp\/v2\/comments?post=20522"}],"version-history":[{"count":1,"href":"https:\/\/imgist.ru\/fr\/wp-json\/wp\/v2\/posts\/20522\/revisions"}],"predecessor-version":[{"id":141492,"href":"https:\/\/imgist.ru\/fr\/wp-json\/wp\/v2\/posts\/20522\/revisions\/141492"}],"wp:featuredmedia":[{"embeddable":true,"href":"https:\/\/imgist.ru\/fr\/wp-json\/wp\/v2\/media\/20523"}],"wp:attachment":[{"href":"https:\/\/imgist.ru\/fr\/wp-json\/wp\/v2\/media?parent=20522"}],"wp:term":[{"taxonomy":"category","embeddable":true,"href":"https:\/\/imgist.ru\/fr\/wp-json\/wp\/v2\/categories?post=20522"},{"taxonomy":"post_tag","embeddable":true,"href":"https:\/\/imgist.ru\/fr\/wp-json\/wp\/v2\/tags?post=20522"}],"curies":[{"name":"wp","href":"https:\/\/api.w.org\/{rel}","templated":true}]}}