{"id":20624,"date":"2026-08-17T18:21:12","date_gmt":"2026-08-17T15:21:12","guid":{"rendered":"https:\/\/imgist.ru\/byvshaya-vedushhaya-programmy-gma-dzhanaj-norman-raskritikovala-majkla-strahana-za-bestaktnoe-intervyu-posle-vnezapnogo-uvolneniya\/"},"modified":"2026-08-29T12:22:27","modified_gmt":"2026-08-29T09:22:27","slug":"lancienne-presentatrice-de-gma-janay-norman-a-vivement-critique-michael-strahan-pour-son-interview-apres-son-licenciement-soudain","status":"publish","type":"post","link":"https:\/\/imgist.ru\/fr\/byvshaya-vedushhaya-programmy-gma-dzhanaj-norman-raskritikovala-majkla-strahana-za-bestaktnoe-intervyu-posle-vnezapnogo-uvolneniya\/","title":{"rendered":"L&#039;ancienne pr\u00e9sentatrice de &quot;GMA&quot;, Janay Norman, a vivement critiqu\u00e9 Michael Strahan pour une interview &quot;insensible&quot; suite \u00e0 son licenciement brutal."},"content":{"rendered":"<p><strong>Janay Norman<\/strong> n&#039;h\u00e9site pas \u00e0 exprimer son opinion sur son ancien employeur.<\/p>\n<p> Des mois apr\u00e8s qu&#039;ABC News a refus\u00e9 de renouveler son contrat, l&#039;ancienne pr\u00e9sentatrice <em>Good Morning America Week-end<\/em> a d\u00e9clench\u00e9 une attaque vieille de 54 ans contre la cha\u00eene de t\u00e9l\u00e9vision et l&#039;un de ses employ\u00e9s les plus c\u00e9l\u00e8bres. <strong>Michael Strahan<\/strong> , un certain nombre de critiques acerbes, comme l&#039;a rapport\u00e9 le journal <em>New York Post<\/em> le vendredi 14 ao\u00fbt.<\/p>\n<p> Norman au c\u0153ur de la pol\u00e9mique\u00a0: l\u2019interview en direct de Strahan avec ses parents <strong>Nolan Wells<\/strong> , Un jeune homme de 18 ans est d\u00e9c\u00e9d\u00e9 apr\u00e8s une excursion en bateau avec des amis. Selon le rapport, Norman a affirm\u00e9 que Strachan avait insist\u00e9 pour que les parents endeuill\u00e9s expliquent pourquoi leur fils \u00e9tait autoris\u00e9 \u00e0 rester sur l&#039;\u00eele Horn, plut\u00f4t que de remettre en question le principe m\u00eame de cette autorisation. \u00ab\u00a0C&#039;\u00e9tait une question partiale\u00a0\u00bb, a-t-elle d\u00e9clar\u00e9. \u00ab\u00a0Subjectivement, je dirais qu&#039;elle \u00e9tait insensible.\u00a0\u00bb.<\/p>\n<p> L&#039;article rapporte que Norman est all\u00e9e plus loin, affirmant que les r\u00e9dactions, en g\u00e9n\u00e9ral, s&#039;appuient trop sur les reportages des forces de l&#039;ordre. \u00ab\u00a0Nombre d&#039;organes de presse n&#039;ont pas encore compris que l&#039;on ne peut pas toujours se fier aux forces de l&#039;ordre comme sources principales d&#039;informations exactes, et c&#039;est ce qui alimente les divisions raciales\u00a0\u00bb, a-t-elle d\u00e9clar\u00e9, citant l&#039;histoire du Mississippi, \u00ab\u00a0l&#039;\u00c9tat qui a enregistr\u00e9 le plus grand nombre de lynchages de l&#039;histoire\u00a0\u00bb. Elle a ajout\u00e9 que les m\u00e9dias qui ignorent ce contexte \u00ab\u00a0se rendent complices de la perp\u00e9tuation de la supr\u00e9matie blanche\u00a0\u00bb.<\/p>\n<figure><figcaption>\n<p> Good Morning America\/YouTube<\/p>\n<\/figcaption><\/figure>\n<p> Selon le rapport de la publication <em>Statut<\/em> Depuis le jeudi 13 ao\u00fbt, les tensions entre Norman et la direction d&#039;ABC ont commenc\u00e9 avant son d\u00e9part et se sont depuis lors envenim\u00e9es en d\u00e9saccords concernant son prochain livre,\u00ab <em>Rupture&quot;\u00bb<\/em> , ce qui a incit\u00e9 Norman \u00e0 changer la couverture du livre \u00e0 la demande de la cha\u00eene de t\u00e9l\u00e9vision.<\/p>\n<p> Comme indiqu\u00e9 <em>Journal New York Post<\/em> , Norman avait d\u00e9j\u00e0 exprim\u00e9 sa profonde tristesse face \u00e0 la fin abrupte de ses 15 ann\u00e9es de service. \u00ab J&#039;adorais mon travail. J&#039;aimais \u00e9changer avec mes coll\u00e8gues et les t\u00e9l\u00e9spectateurs, vous informer et vous divertir, et contribuer \u00e0 la construction de cette communaut\u00e9 \u00bb, a-t-elle d\u00e9clar\u00e9, selon la publication. \u00ab C&#039;est donc tr\u00e8s douloureux pour moi de ne pas pouvoir vous dire au revoir \u00bb, a-t-elle ajout\u00e9. \u00ab Je suis vraiment d\u00e9sol\u00e9e de ne pas pouvoir vous dire au revoir. \u00bb.<\/p>\n<p> Lire la suite sur Globe<\/p>\n<ul>\n<li>\n<p> Le maire de New York, Zoran Mamdani, d\u00e9fend son candidat au poste de secr\u00e9taire au Logement suite \u00e0 des propos qu&#039;il a tenus par le pass\u00e9 au sujet des personnes fortun\u00e9es.<\/p>\n<\/li>\n<li>\n<p> En 2005, Hugh Hefner a contact\u00e9 le FBI au sujet de Jeffrey Epstein apr\u00e8s que ce dernier ait agress\u00e9 une mannequin.<\/p>\n<\/li>\n<li>\n<p> Une \u00e9valuation psychologique d\u00e9classifi\u00e9e du tueur de l&#039;Idaho, Brian Kochberger, a r\u00e9v\u00e9l\u00e9 qu&#039;il souffrait de multiples troubles mentaux.<\/p>\n<\/li>\n<\/ul>\n<p> Cet article, intitul\u00e9 \u00ab L\u2019ancienne pr\u00e9sentatrice de GMA, Janay Norman, critique vivement Michael Strahan pour son interview \u00abinsensible\u00bb apr\u00e8s son licenciement soudain \u00bb, est paru initialement sur <em>Site web Globe<\/em> . Abonnez-vous \u00e0 <strong>Globe<\/strong> \u0432 <strong>Yahoo<\/strong> , afin de ne pas manquer les prochaines publications.<\/p>","protected":false},"excerpt":{"rendered":"<p>Janay Norman n&#039;h\u00e9site pas \u00e0 exprimer son opinion sur son ancien employeur. Des mois apr\u00e8s qu&#039;ABC News a refus\u00e9 de renouveler son contrat, l&#039;ancienne pr\u00e9sentatrice\u2026<\/p>","protected":false},"author":1,"featured_media":20625,"comment_status":"open","ping_status":"closed","sticky":false,"template":"","format":"standard","meta":{"footnotes":""},"categories":[6],"tags":[],"class_list":["post-20624","post","type-post","status-publish","format-standard","has-post-thumbnail","hentry","category-kinoindustriya","hvn-theme-has-thumbnail"],"_links":{"self":[{"href":"https:\/\/imgist.ru\/fr\/wp-json\/wp\/v2\/posts\/20624","targetHints":{"allow":["GET"]}}],"collection":[{"href":"https:\/\/imgist.ru\/fr\/wp-json\/wp\/v2\/posts"}],"about":[{"href":"https:\/\/imgist.ru\/fr\/wp-json\/wp\/v2\/types\/post"}],"author":[{"embeddable":true,"href":"https:\/\/imgist.ru\/fr\/wp-json\/wp\/v2\/users\/1"}],"replies":[{"embeddable":true,"href":"https:\/\/imgist.ru\/fr\/wp-json\/wp\/v2\/comments?post=20624"}],"version-history":[{"count":1,"href":"https:\/\/imgist.ru\/fr\/wp-json\/wp\/v2\/posts\/20624\/revisions"}],"predecessor-version":[{"id":162147,"href":"https:\/\/imgist.ru\/fr\/wp-json\/wp\/v2\/posts\/20624\/revisions\/162147"}],"wp:featuredmedia":[{"embeddable":true,"href":"https:\/\/imgist.ru\/fr\/wp-json\/wp\/v2\/media\/20625"}],"wp:attachment":[{"href":"https:\/\/imgist.ru\/fr\/wp-json\/wp\/v2\/media?parent=20624"}],"wp:term":[{"taxonomy":"category","embeddable":true,"href":"https:\/\/imgist.ru\/fr\/wp-json\/wp\/v2\/categories?post=20624"},{"taxonomy":"post_tag","embeddable":true,"href":"https:\/\/imgist.ru\/fr\/wp-json\/wp\/v2\/tags?post=20624"}],"curies":[{"name":"wp","href":"https:\/\/api.w.org\/{rel}","templated":true}]}}