{"id":2504,"date":"2026-05-30T22:28:30","date_gmt":"2026-05-30T19:28:30","guid":{"rendered":"https:\/\/imgist.ru\/frenki-valli-otmenil-ostavshiesya-konczerty-svoego-proshhalnogo-tura-2026-goda-chtoby-sosredotochitsya-na-svoem-zdorove\/"},"modified":"2026-08-29T11:21:37","modified_gmt":"2026-08-29T08:21:37","slug":"frankie-valli-a-annule-les-concerts-restants-de-sa-tournee-2026-afin-de-se-concentrer-sur-sa-sante","status":"publish","type":"post","link":"https:\/\/imgist.ru\/fr\/frenki-valli-otmenil-ostavshiesya-konczerty-svoego-proshhalnogo-tura-2026-goda-chtoby-sosredotochitsya-na-svoem-zdorove\/","title":{"rendered":"Frankie Valli a annul\u00e9 les dates restantes de sa tourn\u00e9e d&#039;adieu de 2026 afin de \u00ab se concentrer sur sa sant\u00e9 \u00bb."},"content":{"rendered":"<h3>\u00c0 SAVOIR <\/h3>\n<ul>\n<li>\n<p> Le 29 mai, Frankie Valli a annonc\u00e9 l&#039;annulation des dates restantes de sa tourn\u00e9e 2026 afin de se concentrer sur sa sant\u00e9. <\/p>\n<\/li>\n<li>\n<p> Valli et The Four Seasons \u00e9taient en pleine tourn\u00e9e d&#039;adieu, The Last Encores, qui avait d\u00e9but\u00e9 en octobre 2023 et devait se poursuivre jusqu&#039;en octobre 2026 avec des dates dans diff\u00e9rentes villes des \u00c9tats-Unis. <\/p>\n<\/li>\n<li>\n<p> Son repr\u00e9sentant a d\u00e9clar\u00e9 que cette d\u00e9cision avait \u00e9t\u00e9 prise apr\u00e8s que le chanteur \u00ab se soit rendu compte qu&#039;il avait besoin de faire une pause et de prendre soin de sa sant\u00e9 \u00bb.<\/p>\n<\/li>\n<\/ul>\n<p> Frankie Valli fait ses adieux \u00e0 ses concerts en 2026.<\/p>\n<p> Le chanteur de 92 ans, interpr\u00e8te de \u00ab Can&#039;t Take My Eyes Off You \u00bb, a annonc\u00e9 vendredi 29 mai sur Instagram que lui et les autres membres des Four Seasons ne poursuivraient pas leur tourn\u00e9e d&#039;adieu, The Last Encores, pour des raisons de sant\u00e9. <\/p>\n<p> \u00ab Je suis vraiment d\u00e9sol\u00e9 de d\u00e9cevoir ceux qui ont achet\u00e9 des billets pour mes concerts, mais j&#039;ai d\u00e9cid\u00e9 de faire une pause dans mes tourn\u00e9es pour le reste de l&#039;ann\u00e9e afin de me concentrer sur ma sant\u00e9 \u00bb, a-t-il \u00e9crit, accompagnant son message d&#039;une photo de son spectacle.<\/p>\n<p> \u00ab J\u2019ai h\u00e2te de me r\u00e9tablir et de vous revoir tous bient\u00f4t. Merci pour tous vos v\u0153ux de r\u00e9tablissement \u00bb, a-t-il conclu. <\/p>\n<p> Frankie Valli se produit \u00e0 Las Vegas en octobre 2023 lors de sa tourn\u00e9e \u00ab The Last Encores \u00bb. Photo : Ethan Miller\/Getty<\/p>\n<p> Selon leur site web, le groupe a entam\u00e9 sa tourn\u00e9e en octobre 2023 par un concert dans le New Jersey, suivi de concerts dans d&#039;autres r\u00e9gions des \u00c9tats-Unis. La tourn\u00e9e, initialement pr\u00e9vue jusqu&#039;en 2026, devait se poursuivre en juin et se terminer en octobre avant l&#039;annonce de son annulation.<\/p>\n<p> Selon Variety, la derni\u00e8re prestation de la chanteuse a eu lieu le 22 f\u00e9vrier au Pechanga Resort Casino de Temecula, en Californie. <\/p>\n<p> Le magazine PEOPLE a contact\u00e9 son repr\u00e9sentant pour obtenir un commentaire le samedi 30 mai, mais n&#039;a pas re\u00e7u de r\u00e9ponse imm\u00e9diate.<\/p>\n<p> La repr\u00e9sentante de l&#039;artiste, Victoria Varela, a d\u00e9clar\u00e9 \u00e0 la publication <em>Vari\u00e9t\u00e9<\/em> Dans un communiqu\u00e9, il a expliqu\u00e9 avoir d\u00e9cid\u00e9 d&#039;annuler les concerts plut\u00f4t que de les reprogrammer afin d&#039;\u00e9viter de laisser les fans dans l&#039;incertitude quant \u00e0 leurs billets.<\/p>\n<p> \u00ab Les organisateurs veulent faire tra\u00eener les choses et ne pas rembourser les gens, mais il faut qu&#039;il arr\u00eate de reporter constamment ces concerts \u00bb, a d\u00e9clar\u00e9 Varela \u00e0 la publication.<\/p>\n<p> \u00ab Il a compris qu&#039;il avait besoin de faire une pause et de se r\u00e9tablir, et c&#039;est l\u00e0 l&#039;essentiel : il veut gu\u00e9rir sans prolonger les souffrances des personnes qui ont achet\u00e9 ces billets \u00e0 cause du report de l&#039;\u00e9v\u00e9nement \u00bb, a-t-elle ajout\u00e9. <\/p>\n<p> L&#039;interpr\u00e8te de &quot;Rag Doll&quot;, qui recevra un Grammy Award pour l&#039;ensemble de sa carri\u00e8re en 2025, avait d\u00e9clar\u00e9 \u00e0 PEOPLE un an plus t\u00f4t qu&#039;il comptait continuer \u00e0 se produire aussi longtemps qu&#039;il le pourrait. <\/p>\n<p> Frankie Valli se produit \u00e0 Washington, D.C., en 2014. Photo\u00a0: Paul Morighi\/Getty<\/p>\n<p> <strong>Ne manquez rien\u00a0! Inscrivez-vous \u00e0 la newsletter quotidienne gratuite de PEOPLE pour rester au courant des meilleures actualit\u00e9s PEOPLE, des infos sur les c\u00e9l\u00e9brit\u00e9s aux histoires humaines les plus touchantes.<\/strong><\/p>\n<p> \u00ab Je sais que j&#039;ai fait l&#039;objet de nombreuses discussions en ligne ces derniers temps, alors je tenais \u00e0 r\u00e9tablir la v\u00e9rit\u00e9. J&#039;ai la chance d&#039;avoir 90 ans et de continuer \u00e0 faire ce que j&#039;aime, et tant que je le pourrai, et tant que le public voudra me voir sur sc\u00e8ne, je continuerai \u00e0 me produire comme toujours \u00bb, a-t-il d\u00e9clar\u00e9 en septembre 2024.<\/p>\n<p> \u00ab J&#039;adore mon travail. Et je sais que nous offrons un spectacle formidable car nos fans sont toujours au rendez-vous en grand nombre et le spectacle est toujours aussi g\u00e9nial \u00bb, a-t-il ajout\u00e9.<\/p>\n<p> Lisez l&#039;article original sur People.<\/p>","protected":false},"excerpt":{"rendered":"<p>\u00c0 SAVOIR : Le 29 mai, Frankie Valli a annonc\u00e9 l&#039;annulation des dates restantes de sa tourn\u00e9e 2026 afin de se concentrer sur sa sant\u00e9. Valli et The Four Seasons\u2026<\/p>","protected":false},"author":1,"featured_media":2505,"comment_status":"open","ping_status":"closed","sticky":false,"template":"","format":"standard","meta":{"footnotes":""},"categories":[7],"tags":[],"class_list":["post-2504","post","type-post","status-publish","format-standard","has-post-thumbnail","hentry","category-muzyka","hvn-theme-has-thumbnail"],"_links":{"self":[{"href":"https:\/\/imgist.ru\/fr\/wp-json\/wp\/v2\/posts\/2504","targetHints":{"allow":["GET"]}}],"collection":[{"href":"https:\/\/imgist.ru\/fr\/wp-json\/wp\/v2\/posts"}],"about":[{"href":"https:\/\/imgist.ru\/fr\/wp-json\/wp\/v2\/types\/post"}],"author":[{"embeddable":true,"href":"https:\/\/imgist.ru\/fr\/wp-json\/wp\/v2\/users\/1"}],"replies":[{"embeddable":true,"href":"https:\/\/imgist.ru\/fr\/wp-json\/wp\/v2\/comments?post=2504"}],"version-history":[{"count":2,"href":"https:\/\/imgist.ru\/fr\/wp-json\/wp\/v2\/posts\/2504\/revisions"}],"predecessor-version":[{"id":145371,"href":"https:\/\/imgist.ru\/fr\/wp-json\/wp\/v2\/posts\/2504\/revisions\/145371"}],"wp:featuredmedia":[{"embeddable":true,"href":"https:\/\/imgist.ru\/fr\/wp-json\/wp\/v2\/media\/2505"}],"wp:attachment":[{"href":"https:\/\/imgist.ru\/fr\/wp-json\/wp\/v2\/media?parent=2504"}],"wp:term":[{"taxonomy":"category","embeddable":true,"href":"https:\/\/imgist.ru\/fr\/wp-json\/wp\/v2\/categories?post=2504"},{"taxonomy":"post_tag","embeddable":true,"href":"https:\/\/imgist.ru\/fr\/wp-json\/wp\/v2\/tags?post=2504"}],"curies":[{"name":"wp","href":"https:\/\/api.w.org\/{rel}","templated":true}]}}