{"id":2553,"date":"2026-05-31T00:13:19","date_gmt":"2026-05-30T21:13:19","guid":{"rendered":"https:\/\/imgist.ru\/ben-shapiro-razoblachaet-problemu-zagovora-v-kontekste-issledovaniya-kolczevoj-okklyuzii\/"},"modified":"2026-05-31T00:13:19","modified_gmt":"2026-05-30T21:13:19","slug":"ben-shapiro-explore-cette-theorie-du-complot-dans-le-cadre-de-son-etude-sur-locclusion-annulaire","status":"publish","type":"post","link":"https:\/\/imgist.ru\/fr\/ben-shapiro-razoblachaet-problemu-zagovora-v-kontekste-issledovaniya-kolczevoj-okklyuzii\/","title":{"rendered":"Ben Shapiro expose le \u00ab probl\u00e8me de conspiration \u00bb dans le contexte de l&#039;\u00e9tude sur l&#039;occlusion annulaire."},"content":{"rendered":"<p>(Photo reproduite avec l&#039;aimable autorisation de l&#039;\u00e9mission The Ben Shapiro Show sur YouTube)<\/p>\n<p> publiciste conservateur <strong>Ben Shapiro<\/strong> Il a d\u00e9clar\u00e9 que dans sa propre partie de l&#039;\u00e9chiquier politique, il existe un \u00ab probl\u00e8me de complot \u00bb et que cela se r\u00e9sume g\u00e9n\u00e9ralement \u00e0 l&#039;antis\u00e9mitisme.<\/p>\n<p> Dans une interview accord\u00e9e \u00e0 un journaliste vendredi <em>Le journal Free Press<\/em> <strong>Eli Leyku<\/strong> Shapiro a partag\u00e9 son analyse des probl\u00e8mes de la droite.<\/p>\n<p> \u00ab Je pense que la droite am\u00e9ricaine a un probl\u00e8me avec les th\u00e9ories du complot, et au c\u0153ur de chaque th\u00e9orie du complot se trouve une forme d&#039;antis\u00e9mitisme \u00bb, a d\u00e9clar\u00e9 Shapiro. \u00ab Car l&#039;antis\u00e9mitisme est la cause premi\u00e8re des th\u00e9ories du complot. \u00bb. <\/p>\n<p> Lake a \u00e9crit que Shapiro, lui aussi, n&#039;est \u00ab pas optimiste \u00bb quant \u00e0 un changement de tendance. Il a notamment \u00e9voqu\u00e9 le d\u00e9put\u00e9 \u00ab obs\u00e9d\u00e9 par Isra\u00ebl \u00bb. <strong>Thomas Massey<\/strong> (R\u00e9publicain du Kentucky), qui a r\u00e9cemment perdu la primaire r\u00e9publicaine face \u00e0 un candidat soutenu par la pr\u00e9sidence <strong>Donald Trump<\/strong> , <strong>\u00c0 Ed Gallrein.<\/strong><\/p>\n<p> \u00ab Si Massie avait adopt\u00e9 exactement la m\u00eame position, mais sans s&#039;en prendre au pr\u00e9sident, sans l&#039;avoir trait\u00e9 de membre de la soi-disant &quot;classe Epstein&quot;, sans se pr\u00eater \u00e0 ce jeu stupide, alors le pr\u00e9sident ne l&#039;aurait pas confront\u00e9, et Massie aurait probablement \u00e9vit\u00e9 de perdre la primaire \u00bb, a d\u00e9clar\u00e9 Shapiro. \u00ab Il l&#039;a \u00e9vit\u00e9e il y a deux ans. \u00bb.<\/p>\n<p> Shapiro faisait r\u00e9f\u00e9rence \u00e0 Massie comme l&#039;un des critiques les plus virulents de l&#039;administration Trump, qui, selon lui, n&#039;en faisait pas assez pour publier les dossiers relatifs \u00e0 un d\u00e9linquant sexuel d\u00e9c\u00e9d\u00e9. <strong>Jeffrey Epstein<\/strong> .<\/p>\n<p> Massie a \u00e9galement critiqu\u00e9 \u00e0 plusieurs reprises Isra\u00ebl et les politiciens am\u00e9ricains pro-isra\u00e9liens, notamment dans un discours prononc\u00e9 \u00e0 l&#039;adresse de Gallrein au d\u00e9but du mois. Le repr\u00e9sentant, dont le mandat touche \u00e0 sa fin, a plaisant\u00e9 en disant qu&#039;il lui avait fallu un certain temps pour trouver Gallrein \u00e0 Tel Aviv afin de lui passer un coup de fil de f\u00e9licitations. <\/p>\n<p> Et cette semaine, il a accus\u00e9 l&#039;administration Trump de mener une guerre aux c\u00f4t\u00e9s d&#039;Isra\u00ebl. Mais Shapiro a d\u00e9clar\u00e9 qu&#039;il aurait probablement surv\u00e9cu aux primaires s&#039;il ne s&#039;en \u00e9tait pas pris \u00e0 Trump au sujet de l&#039;affaire Epstein ; l&#039;ancienne membre du Congr\u00e8s <strong>Marjorie Taylor Greene<\/strong> Elle a subi un sort similaire et, plus t\u00f4t cette ann\u00e9e, elle a d\u00e9cid\u00e9 de d\u00e9missionner du Congr\u00e8s.<\/p>\n<p> Shapiro a \u00e9galement \u00e9voqu\u00e9 les r\u00e9cents licenciements au sein de The Daily Wire, la publication conservatrice qu&#039;il a cofond\u00e9e en 2015. L&#039;article complet est disponible en suivant ce lien. .<\/p>\n<p> L\u2019article \u00ab Ben Shapiro expose le \u201e probl\u00e8me de complot \u201c dans l\u2019endoscopie annulaire \u00bb est paru initialement sur Mediaite. .<\/p>","protected":false},"excerpt":{"rendered":"<p>(Photo reproduite avec l&#039;aimable autorisation de l&#039;\u00e9mission \u00ab The Ben Shapiro Show \u00bb sur YouTube) Le commentateur conservateur Ben Shapiro a d\u00e9clar\u00e9 que son camp politique souffrait d&#039;un \u00ab probl\u00e8me de complot \u00bb et\u2026<\/p>","protected":false},"author":1,"featured_media":2554,"comment_status":"open","ping_status":"closed","sticky":false,"template":"","format":"standard","meta":{"footnotes":""},"categories":[5],"tags":[],"class_list":["post-2553","post","type-post","status-publish","format-standard","has-post-thumbnail","hentry","category-selebriti","hvn-theme-has-thumbnail"],"_links":{"self":[{"href":"https:\/\/imgist.ru\/fr\/wp-json\/wp\/v2\/posts\/2553","targetHints":{"allow":["GET"]}}],"collection":[{"href":"https:\/\/imgist.ru\/fr\/wp-json\/wp\/v2\/posts"}],"about":[{"href":"https:\/\/imgist.ru\/fr\/wp-json\/wp\/v2\/types\/post"}],"author":[{"embeddable":true,"href":"https:\/\/imgist.ru\/fr\/wp-json\/wp\/v2\/users\/1"}],"replies":[{"embeddable":true,"href":"https:\/\/imgist.ru\/fr\/wp-json\/wp\/v2\/comments?post=2553"}],"version-history":[{"count":0,"href":"https:\/\/imgist.ru\/fr\/wp-json\/wp\/v2\/posts\/2553\/revisions"}],"wp:featuredmedia":[{"embeddable":true,"href":"https:\/\/imgist.ru\/fr\/wp-json\/wp\/v2\/media\/2554"}],"wp:attachment":[{"href":"https:\/\/imgist.ru\/fr\/wp-json\/wp\/v2\/media?parent=2553"}],"wp:term":[{"taxonomy":"category","embeddable":true,"href":"https:\/\/imgist.ru\/fr\/wp-json\/wp\/v2\/categories?post=2553"},{"taxonomy":"post_tag","embeddable":true,"href":"https:\/\/imgist.ru\/fr\/wp-json\/wp\/v2\/tags?post=2553"}],"curies":[{"name":"wp","href":"https:\/\/api.w.org\/{rel}","templated":true}]}}