{"id":2583,"date":"2026-05-31T00:18:06","date_gmt":"2026-05-30T21:18:06","guid":{"rendered":"https:\/\/imgist.ru\/trejler-vtorogo-sezona-lyudej-iks-1997-goda-pokazyvaet-apokalipsisa-v-kachestve-glavnogo-zlodeya-seyushhego-haos-vo-vremeni\/"},"modified":"2026-08-29T11:28:04","modified_gmt":"2026-08-29T08:28:04","slug":"la-bande-annonce-de-la-deuxieme-saison-de-x-men-sortie-en-1997-presente-apocalypse-comme-le-principal-mechant-semant-le-chaos-dans-le-temps","status":"publish","type":"post","link":"https:\/\/imgist.ru\/fr\/trejler-vtorogo-sezona-lyudej-iks-1997-goda-pokazyvaet-apokalipsisa-v-kachestve-glavnogo-zlodeya-seyushhego-haos-vo-vremeni\/","title":{"rendered":"La bande-annonce de la deuxi\u00e8me saison de X-Men, sortie en 1997, pr\u00e9sente Apocalypse comme le principal m\u00e9chant, semant le chaos \u00e0 travers le temps."},"content":{"rendered":"<p>Marvel vient de publier la premi\u00e8re bande-annonce de la saison deux. <em>\u00abX-Men &#039;97\u2019<\/em> , Disney+ confirme que la saison 2 sera diffus\u00e9e en avant-premi\u00e8re le 1er juillet. La premi\u00e8re saison, sortie en mars 2024, est devenue l&#039;une des meilleures adaptations des X-Men. La saison 2 devra \u00eatre \u00e0 la hauteur de ces attentes \u00e9lev\u00e9es et, \u00e0 en juger par la bande-annonce, elle semble pr\u00eate \u00e0 relever le d\u00e9fi. <\/p>\n<h2> \u00c0 quoi faut-il s&#039;attendre pour la saison 2 de X-Men &#039;97 ?<\/h2>\n<p> La saison s&#039;ouvre sur les X-Men dispers\u00e9s \u00e0 travers diff\u00e9rentes \u00e9poques, tentant d\u00e9sesp\u00e9r\u00e9ment de retourner dans les ann\u00e9es 1990. Pendant ce temps, dans la d\u00e9cennie qu&#039;ils ont quitt\u00e9e, des ennemis suspects et une intol\u00e9rance croissante envers les mutants comblent le vide laiss\u00e9 par leur absence. <\/p>\n<p> Le principal m\u00e9chant que nous verrons est Apocalypse, et il semble que la saison soit fortement inspir\u00e9e de l&#039;histoire embl\u00e9matique des bandes dessin\u00e9es. <em>\u00abL&#039;\u00c8re de l&#039;Apocalypse\u00bb<\/em> , l&#039;une des intrigues les plus appr\u00e9ci\u00e9es et les plus brutales de l&#039;histoire des X-Men. <\/p>\n<p> Si vous n&#039;\u00eates pas familier avec cet \u00e9v\u00e9nement, alors <em>\u00abL&#039;\u00c8re de l&#039;Apocalypse\u00bb<\/em> \u2014 est un \u00e9v\u00e9nement marquant de l&#039;univers cin\u00e9matographique Marvel de 1995, dans lequel Apocalypse prend le contr\u00f4le de l&#039;Am\u00e9rique du Nord et les X-Men existent dans une chronologie alternative compl\u00e8tement plus sombre.<\/p>\n<p> La bande-annonce pr\u00e9sente \u00e9galement plus de trente mutants, nouveaux et anciens, ainsi que de nombreux clins d&#039;\u0153il aux fans de longue date, dont un aper\u00e7u de Weapon Plus. L&#039;ensemble des acteurs de doublage sont de retour, notamment Ray Chase, Jennifer Hale, Alison Seeley-Smith, Cal Dodd et bien d&#039;autres.<\/p>\n<h2> Que faut-il savoir d&#039;autre avant la premi\u00e8re de la deuxi\u00e8me saison de X-Men &#039;97 ? <\/h2>\n<p> Marvel\/Disney+<\/p>\n<p> Wolverine est revenu avec ses griffes en adamantium intactes, ce qui est significatif \u00e9tant donn\u00e9 que Magneto les lui avait arrach\u00e9es \u00e0 la fin de la premi\u00e8re saison dans une sc\u00e8ne tir\u00e9e directement des bandes dessin\u00e9es. <em>\u00abAttractions fatales\u00bb<\/em> 1993.<\/p>\n<p> Rogue est toujours inconsolable depuis la mort de Gambit, et la bande-annonce laisse \u00e9galement entrevoir une br\u00e8ve apparition de Deadpool, qui se r\u00e9v\u00e8le \u00eatre Morph prenant son apparence. Pendant ce temps, Bishop et Forge se lancent dans une mission pour ramener tout le monde dans les ann\u00e9es 90.<\/p>\n<p> Il y a d&#039;autres raisons de se r\u00e9jouir, puisque Marvel a \u00e9galement confirm\u00e9 que VisionQuest, le spin-off de WandaVision avec Paul Bettany, sera lanc\u00e9 sur Disney+ le 14 octobre.<\/p>","protected":false},"excerpt":{"rendered":"<p>Marvel vient de d\u00e9voiler la premi\u00e8re bande-annonce de la saison 2 de X-Men &#039;97, confirmant ainsi sa diffusion sur Disney+ le 1er juillet. La premi\u00e8re saison a \u00e9t\u00e9 diffus\u00e9e en mars\u2026<\/p>","protected":false},"author":1,"featured_media":2584,"comment_status":"open","ping_status":"closed","sticky":false,"template":"","format":"standard","meta":{"footnotes":""},"categories":[6],"tags":[],"class_list":["post-2583","post","type-post","status-publish","format-standard","has-post-thumbnail","hentry","category-kinoindustriya","hvn-theme-has-thumbnail"],"_links":{"self":[{"href":"https:\/\/imgist.ru\/fr\/wp-json\/wp\/v2\/posts\/2583","targetHints":{"allow":["GET"]}}],"collection":[{"href":"https:\/\/imgist.ru\/fr\/wp-json\/wp\/v2\/posts"}],"about":[{"href":"https:\/\/imgist.ru\/fr\/wp-json\/wp\/v2\/types\/post"}],"author":[{"embeddable":true,"href":"https:\/\/imgist.ru\/fr\/wp-json\/wp\/v2\/users\/1"}],"replies":[{"embeddable":true,"href":"https:\/\/imgist.ru\/fr\/wp-json\/wp\/v2\/comments?post=2583"}],"version-history":[{"count":1,"href":"https:\/\/imgist.ru\/fr\/wp-json\/wp\/v2\/posts\/2583\/revisions"}],"predecessor-version":[{"id":145492,"href":"https:\/\/imgist.ru\/fr\/wp-json\/wp\/v2\/posts\/2583\/revisions\/145492"}],"wp:featuredmedia":[{"embeddable":true,"href":"https:\/\/imgist.ru\/fr\/wp-json\/wp\/v2\/media\/2584"}],"wp:attachment":[{"href":"https:\/\/imgist.ru\/fr\/wp-json\/wp\/v2\/media?parent=2583"}],"wp:term":[{"taxonomy":"category","embeddable":true,"href":"https:\/\/imgist.ru\/fr\/wp-json\/wp\/v2\/categories?post=2583"},{"taxonomy":"post_tag","embeddable":true,"href":"https:\/\/imgist.ru\/fr\/wp-json\/wp\/v2\/tags?post=2583"}],"curies":[{"name":"wp","href":"https:\/\/api.w.org\/{rel}","templated":true}]}}