{"id":306,"date":"2026-05-29T17:32:12","date_gmt":"2026-05-29T14:32:12","guid":{"rendered":"https:\/\/imgist.ru\/gazeta-the-guardian-poluchila-premiyu-emmi-v-kategorii-novostnye-i-dokumentalnye-filmy-za-film-vdol-zelenoj-linii\/"},"modified":"2026-05-29T17:32:12","modified_gmt":"2026-05-29T14:32:12","slug":"le-guardian-a-remporte-un-emmy-award-dans-la-categorie-actualites-et-documentaires-pour-son-film-down-the-green-line","status":"publish","type":"post","link":"https:\/\/imgist.ru\/fr\/gazeta-the-guardian-poluchila-premiyu-emmi-v-kategorii-novostnye-i-dokumentalnye-filmy-za-film-vdol-zelenoj-linii\/","title":{"rendered":"Le journal The Guardian a remport\u00e9 un Emmy Award dans la cat\u00e9gorie Actualit\u00e9s et documentaires pour son film Along the Green Line."},"content":{"rendered":"<p>Le Guardian a remport\u00e9 un Emmy Award dans la cat\u00e9gorie Actualit\u00e9s et Documentaires pour sa couverture exceptionnelle et continue de long format, \u00ab Along the Green Line \u00bb, r\u00e9compensant l&#039;investissement constant du journal dans des reportages multim\u00e9dias de grande envergure sur certaines des crises mondiales les plus urgentes de notre \u00e9poque.<\/p>\n<p> Cr\u00e9\u00e9e par une \u00e9quipe diversifi\u00e9e de cin\u00e9astes isra\u00e9liens, palestiniens et internationaux, dont le journaliste Matthew Kassell, la productrice et monteuse Kiri Evangelou, le directeur de la photographie Ayman Abu Ramuz, le coordinateur Guy Barak et la monteuse Frances Rankin, la s\u00e9rie explore le v\u00e9cu des personnes vivant de part et d&#039;autre de la Ligne verte \u2013 la fronti\u00e8re \u00e9tablie dans le cadre des accords d&#039;Oslo en 1949 \u2013 et la mani\u00e8re dont les barri\u00e8res physiques, la rh\u00e9torique d\u00e9shumanisante et le traumatisme \u00e9motionnel du conflit ont affect\u00e9 leur vie.<\/p>\n<p> Film\u00e9e sur fond d&#039;incursions militaires, de points de contr\u00f4le et de violences persistantes, cette s\u00e9rie en trois parties r\u00e9v\u00e8le finalement comment la propagande et la peur ont conduit \u00e0 une d\u00e9connexion croissante entre les aspirations historiques \u00e0 la paix et la r\u00e9alit\u00e9 v\u00e9cue sur le terrain. <\/p>\n<p> Ce prix est le quatri\u00e8me remport\u00e9 par le Guardian dans la cat\u00e9gorie Actualit\u00e9s et Documentaires aux Emmy Awards. Le Guardian a d\u00e9j\u00e0 \u00e9t\u00e9 r\u00e9compens\u00e9 pour sa couverture novatrice des r\u00e9v\u00e9lations d&#039;Edward Snowden sur la NSA en 2014, de la crise migratoire meurtri\u00e8re aux \u00c9tats-Unis en 2015 et du sort tragique des r\u00e9fugi\u00e9s libyens cherchant \u00e0 rejoindre l&#039;Europe en 2022. Le documentaire \u00ab Give Me Shelter \u00bb de Guardian Documentaries, qui explore le lien croissant entre exploitation des enfants et r\u00e9seaux sociaux, avait \u00e9galement \u00e9t\u00e9 nomm\u00e9 dans la cat\u00e9gorie Meilleur court m\u00e9trage documentaire en 2026.<\/p>\n<p> <strong>Temujin Doran, responsable par int\u00e9rim de la section vid\u00e9o du Guardian, a d\u00e9clar\u00e9 :<\/strong> \u00ab Le documentaire \u00ab Along the Green Line \u00bb a \u00e9t\u00e9 r\u00e9alis\u00e9 dans des conditions extr\u00eamement difficiles par des \u00e9quipes totalement d\u00e9vou\u00e9es \u00e0 raconter une histoire vraie et humaine. Cette reconnaissance aux Emmy Awards, sur la sc\u00e8ne internationale, est d&#039;une importance capitale et t\u00e9moigne de l&#039;engagement du Guardian \u00e0 cr\u00e9er un espace pour un journalisme perspicace en cette p\u00e9riode de profonds conflits. \u00ab.<\/p>\n<p> <strong>La r\u00e9dactrice en chef du Guardian, Catherine Viner, a d\u00e9clar\u00e9 :<\/strong> \u00abAu Guardian, nous sommes convaincus que les documentaires sont un moyen puissant de toucher un public international et d&#039;\u00e9clairer des probl\u00e9matiques complexes avec profondeur, humanit\u00e9 et nuance. \u00ab\u00a0Along the Green Line\u00a0\u00bb incarne parfaitement cette mission, alliant un journalisme d&#039;investigation rigoureux \u00e0 une audacieuse innovation multim\u00e9dia. Toutes mes f\u00e9licitations \u00e0 Temujin Doran, Matthew Cassell, Krii Evangelou, Ayman Abu Ramuz et \u00e0 toute l&#039;\u00e9quipe pour ce magnifique Emmy Award dans la cat\u00e9gorie Actualit\u00e9s et Documentaires.<\/p>\n<p> La liste compl\u00e8te des laur\u00e9ats des Emmy Awards dans les cat\u00e9gories Actualit\u00e9s et Documentaires est disponible ici. .<\/p>\n<p> <strong>***<\/strong><\/p>\n<p> <strong>\u00c0 propos de Guardian News &amp; Media<\/strong><\/p>\n<p> Guardian Media Group est l&#039;un des plus grands et des plus respect\u00e9s groupes de presse au monde, publiant le journal Guardian, le site web theguardian.com et l&#039;application Guardian. <\/p>\n<p> Fond\u00e9 il y a plus de 200 ans, le journal The Guardian est aujourd&#039;hui publi\u00e9 en cinq versions\u00a0: australienne, europ\u00e9enne, internationale, britannique et am\u00e9ricaine. Sans propri\u00e9taire milliardaire, The Guardian est reconnu pour son journalisme engag\u00e9, qui demande des comptes aux puissants et couvre les sujets importants. Son ind\u00e9pendance lui permet d&#039;\u00eatre \u00e0 l&#039;abri de toute influence politique ou commerciale.<\/p>\n<p> Aujourd&#039;hui, des millions de personnes \u00e0 travers le monde choisissent chaque jour le journalisme du Guardian, et plus de deux millions de lecteurs dans 180 pays soutiennent le travail du Guardian.<\/p>\n<p> Les auditeurs peuvent \u00e9couter les meilleurs podcasts du Guardian, regarder des documentaires prim\u00e9s et interagir avec le portefeuille num\u00e9rique en constante expansion de la publication, allant de son application d&#039;actualit\u00e9s en direct premium \u00e0 son application de recettes Feast.<\/p>","protected":false},"excerpt":{"rendered":"<p>Le journal The Guardian a remport\u00e9 un Emmy Award dans la cat\u00e9gorie Actualit\u00e9s et Documentaires pour son reportage documentaire exceptionnel de longue dur\u00e9e, Along the Green Line,\u2026<\/p>","protected":false},"author":1,"featured_media":307,"comment_status":"open","ping_status":"closed","sticky":false,"template":"","format":"standard","meta":{"footnotes":""},"categories":[6],"tags":[],"class_list":["post-306","post","type-post","status-publish","format-standard","has-post-thumbnail","hentry","category-kinoindustriya","hvn-theme-has-thumbnail"],"_links":{"self":[{"href":"https:\/\/imgist.ru\/fr\/wp-json\/wp\/v2\/posts\/306","targetHints":{"allow":["GET"]}}],"collection":[{"href":"https:\/\/imgist.ru\/fr\/wp-json\/wp\/v2\/posts"}],"about":[{"href":"https:\/\/imgist.ru\/fr\/wp-json\/wp\/v2\/types\/post"}],"author":[{"embeddable":true,"href":"https:\/\/imgist.ru\/fr\/wp-json\/wp\/v2\/users\/1"}],"replies":[{"embeddable":true,"href":"https:\/\/imgist.ru\/fr\/wp-json\/wp\/v2\/comments?post=306"}],"version-history":[{"count":0,"href":"https:\/\/imgist.ru\/fr\/wp-json\/wp\/v2\/posts\/306\/revisions"}],"wp:featuredmedia":[{"embeddable":true,"href":"https:\/\/imgist.ru\/fr\/wp-json\/wp\/v2\/media\/307"}],"wp:attachment":[{"href":"https:\/\/imgist.ru\/fr\/wp-json\/wp\/v2\/media?parent=306"}],"wp:term":[{"taxonomy":"category","embeddable":true,"href":"https:\/\/imgist.ru\/fr\/wp-json\/wp\/v2\/categories?post=306"},{"taxonomy":"post_tag","embeddable":true,"href":"https:\/\/imgist.ru\/fr\/wp-json\/wp\/v2\/tags?post=306"}],"curies":[{"name":"wp","href":"https:\/\/api.w.org\/{rel}","templated":true}]}}