{"id":38293,"date":"2026-01-27T20:29:14","date_gmt":"2026-01-27T18:29:14","guid":{"rendered":"http:\/\/aleksawn.bget.ru\/?p=38293"},"modified":"2026-08-30T13:03:45","modified_gmt":"2026-08-30T10:03:45","slug":"bmw-serie-1-2026","status":"publish","type":"post","link":"https:\/\/imgist.ru\/fr\/bmw-1-series-2026\/","title":{"rendered":"BMW S\u00e9rie 1 2026\u00a0: Essai d\u2019une citadine compacte"},"content":{"rendered":"<p><img loading=\"lazy\" decoding=\"async\" class=\"aligncenter size-full wp-image-14816\" src=\"https:\/\/imgist.ru\/wp-content\/uploads\/2022\/06\/bmw-1-series-2022-bavarskaya-edinichka-v-novoj-interpretaczii_62bae0ffd8c1e.jpeg\" alt=\"BMW S\u00e9rie 1 cinq portes (2026), vue de face\" width=\"1000\" height=\"672\" \/><\/p>\n<p>Les compactes \u00e0 hayon font leur grand retour\u00a0: pratiques en ville, faciles \u00e0 garer, elles restent de v\u00e9ritables voitures du quotidien. La BMW S\u00e9rie 1 de 2026 s\u2019inscrit dans cette lign\u00e9e, tout en privil\u00e9giant un design plus affirm\u00e9, une architecture int\u00e9rieure num\u00e9rique et un ensemble complet de syst\u00e8mes d\u2019assistance \u00e0 la conduite, sans pour autant la r\u00e9duire \u00e0 un simple gadget impersonnel.<\/p>\n<p>Il est important de comprendre le contexte de ce mod\u00e8le\u00a0: il s\u2019agit d\u2019une berline \u00e0 hayon cinq portes privil\u00e9giant la tenue de route et la qualit\u00e9 de fabrication, et non d\u2019un crossover polyvalent. Par cons\u00e9quent, les points cl\u00e9s de cet essai sont le design ext\u00e9rieur, la praticit\u00e9 de l\u2019habitacle, le choix judicieux des motorisations et le comportement routier attendu.<\/p>\n<h2>Ext\u00e9rieur<\/h2>\n<p>L&#039;ext\u00e9rieur de la BMW S\u00e9rie 1 2026 allie une allure \u00e9l\u00e9gante et professionnelle \u00e0 des accents sportifs. Sa silhouette reste caract\u00e9ristique de sa cat\u00e9gorie\u00a0: porte-\u00e0-faux courts, proportions sculpt\u00e9es, arri\u00e8re sculpt\u00e9 et ligne de vitrage pro\u00e9minente.<\/p>\n<p>L&#039;avant para\u00eet plus harmonieux gr\u00e2ce \u00e0 la g\u00e9om\u00e9trie des phares et aux prises d&#039;air du pare-chocs inf\u00e9rieur. Cependant, la cl\u00e9 du design ne r\u00e9side pas dans les \u00e9l\u00e9ments pris individuellement, mais dans l&#039;impression d&#039;ensemble\u00a0: la voiture semble plus large et plus affirm\u00e9e qu&#039;on ne le croirait de par sa taille compacte.<\/p>\n<p><img loading=\"lazy\" decoding=\"async\" class=\"aligncenter size-full wp-image-14817\" src=\"https:\/\/imgist.ru\/wp-content\/uploads\/2022\/06\/bmw-1-series-2022-bavarskaya-edinichka-v-novoj-interpretaczii_62bae10022364.jpeg\" alt=\"Gros plan sur les phares et la calandre de la BMW S\u00e9rie 1 2026.\" width=\"1000\" height=\"739\" \/><\/p>\n<h3>Ce qui attire le regard de face<\/h3>\n<ul>\n<li>Un capot sculpt\u00e9 aux ar\u00eates marqu\u00e9es plaque visuellement l&#039;avant de la voiture contre la route.<\/li>\n<li>La calandre embl\u00e9matique pr\u00e9sente un design moderne et des finitions soign\u00e9es.<\/li>\n<li>Optiques \u00e0 LED avec une signature lumineuse diurne distinctive\u00a0; les versions plus \u00e9quip\u00e9es disposent g\u00e9n\u00e9ralement de fonctionnalit\u00e9s d\u2019\u00e9clairage am\u00e9lior\u00e9es.<\/li>\n<li>La partie inf\u00e9rieure du pare-chocs met en valeur les conduits d&#039;air et les \u00e9l\u00e9ments a\u00e9rodynamiques, ce qui donne \u00e0 l&#039;avant un aspect plus agressif sans \u00eatre trop th\u00e9\u00e2tral.<\/li>\n<\/ul>\n<p><img loading=\"lazy\" decoding=\"async\" class=\"aligncenter size-full wp-image-14818\" src=\"https:\/\/imgist.ru\/wp-content\/uploads\/2022\/06\/bmw-1-series-2022-bavarskaya-edinichka-v-novoj-interpretaczii_62bae1005c248.jpeg\" alt=\"Profil lat\u00e9ral et lignes de carrosserie de la BMW S\u00e9rie 1 (2026)\" width=\"1000\" height=\"669\" \/><\/p>\n<p>De profil, le mod\u00e8le affiche une allure dynamique\u00a0: le montant de pare-brise pr\u00e9sente une inclinaison mod\u00e9r\u00e9e, le toit plonge harmonieusement vers l\u2019arri\u00e8re et les flancs sont sculpt\u00e9s, avec des lignes muscl\u00e9es marqu\u00e9es autour des passages de roues. La taille des ouvertures de portes est un atout pratique\u00a0: l\u2019acc\u00e8s est ais\u00e9 et les portes sont suffisamment larges pour les d\u00e9placements quotidiens.<\/p>\n<ul>\n<li>Le toit panoramique (selon la version) apporte de la lumi\u00e8re et \u00ab all\u00e8ge \u00bb visuellement la partie sup\u00e9rieure de la carrosserie.<\/li>\n<li>Les moulures d\u00e9coratives et les d\u00e9tails contrast\u00e9s des montants donnent l&#039;impression d&#039;une voiture plus ch\u00e8re.<\/li>\n<li>Les roues aux dimensions courantes ont une apparence proportionn\u00e9e et ne \u00ab d\u00e9vorent \u00bb pas le profil, sauf si vous recherchez le diam\u00e8tre maximal.<\/li>\n<\/ul>\n<p><img loading=\"lazy\" decoding=\"async\" class=\"aligncenter size-full wp-image-14819\" src=\"https:\/\/imgist.ru\/wp-content\/uploads\/2022\/06\/bmw-1-series-2022-bavarskaya-edinichka-v-novoj-interpretaczii_62bae1009346c.jpeg\" alt=\"Arri\u00e8re et feux de la BMW S\u00e9rie 1 2026\" width=\"1000\" height=\"754\" \/><\/p>\n<p>Le design arri\u00e8re est g\u00e9n\u00e9ralement per\u00e7u comme plus sobre que l&#039;avant\u00a0: feux arri\u00e8re aux formes complexes, aileron de toit discret et bas de caisse imposant qui ancre visuellement la voiture au sol. Il ne s&#039;agit pas uniquement d&#039;une question de style\u00a0: la forme de l&#039;arri\u00e8re et du bord du hayon, sur cette carrosserie, contribue \u00e0 l&#039;a\u00e9rodynamisme et assure une bonne visibilit\u00e9 arri\u00e8re par mauvais temps.<\/p>\n<h2>Am\u00e9nagement int\u00e9rieur et ergonomie<\/h2>\n<p><img loading=\"lazy\" decoding=\"async\" class=\"aligncenter size-full wp-image-14824\" src=\"https:\/\/imgist.ru\/wp-content\/uploads\/2022\/06\/bmw-1-series-2022-bavarskaya-edinichka-v-novoj-interpretaczii_62bae100d0f5f.jpeg\" alt=\"Int\u00e9rieur de la BMW S\u00e9rie 1 2026\u00a0: Tableau de bord et \u00e9crans\" width=\"1000\" height=\"667\" \/><\/p>\n<p>La principale nouveaut\u00e9 qui saute aux yeux sur la BMW S\u00e9rie 1 2026 est l&#039;architecture num\u00e9rique du poste de conduite. Contrairement \u00e0 <a href=\"https:\/\/avtomancar.ru\/publ\/evropejskie_avtomobili\/bmw\/kitajskij_bmv_1_serii_2017_2018\/23-1-0-1755\" target=\"_blank\" rel=\"noopener\">Versions chinoises de la BMW S\u00e9rie 1<\/a> Ce mod\u00e8le utilise un \u00e9cran incurv\u00e9 unique (BMW Curved Display), qui combine le combin\u00e9 d&#039;instruments et l&#039;\u00e9cran central en un seul plan visuel ; cette approche simplifie la perception et r\u00e9duit le \u00ab bruit visuel \u00bb provenant des \u00e9crans individuels.<\/p>\n<p>Globalement, l&#039;int\u00e9rieur est con\u00e7u autour du minimalisme sans \u00eatre aust\u00e8re\u00a0: la profusion de mat\u00e9riaux et de textures s&#039;harmonise parfaitement. Le confort de conduite est particuli\u00e8rement remarquable\u00a0: les si\u00e8ges avant offrent de nombreux r\u00e9glages et leur profil est pens\u00e9 pour assurer un confort optimal lors des longs trajets.<\/p>\n<h3>\u00e9quipement du panneau avant<\/h3>\n<ul>\n<li>Le tableau de bord num\u00e9rique et l&#039;\u00e9cran central sont con\u00e7us dans un style unifi\u00e9, avec des graphismes logiques et un acc\u00e8s rapide aux fonctions cl\u00e9s.<\/li>\n<li>Un syst\u00e8me multim\u00e9dia dot\u00e9 d&#039;une interface moderne et de la possibilit\u00e9 de mises \u00e0 jour \u00e0 distance (si inclus dans le forfait).<\/li>\n<li>Les commandes physiques sont plac\u00e9es l\u00e0 o\u00f9 elles sont r\u00e9ellement n\u00e9cessaires en d\u00e9placement\u00a0: pour les fonctions fr\u00e9quemment utilis\u00e9es, c\u2019est plus pratique que de parcourir des menus.<\/li>\n<\/ul>\n<p>Le tunnel central est agenc\u00e9 de mani\u00e8re optimale\u00a0: rangements pour petits objets, porte-gobelets, zone de recharge (selon la version) et s\u00e9lecteur de vitesses clair. Compar\u00e9 aux mod\u00e8les pr\u00e9c\u00e9dents, il comporte moins de boutons et une navigation plus intuitive\u00a0: de nombreux r\u00e9glages sont d\u00e9sormais accessibles via des raccourcis et des profils personnalis\u00e9s.<\/p>\n<p><img loading=\"lazy\" decoding=\"async\" class=\"aligncenter size-full wp-image-14827\" src=\"https:\/\/imgist.ru\/wp-content\/uploads\/2022\/06\/bmw-1-series-2022-bavarskaya-edinichka-v-novoj-interpretaczii_62bae101346f1.jpeg\" alt=\"Garniture des si\u00e8ges avant et du tunnel central de la BMW S\u00e9rie 1 2026\" width=\"1000\" height=\"667\" \/><\/p>\n<h3>Si\u00e8ges et deuxi\u00e8me rang\u00e9e<\/h3>\n<p>Les si\u00e8ges avant de la BMW S\u00e9rie 1 2026 offrent des sensations proches de celles des mod\u00e8les haut de gamme de la marque\u00a0: rembourrage dense, profil adh\u00e9rent et bon maintien lat\u00e9ral. Selon la finition, des si\u00e8ges sport avec un maintien lat\u00e9ral renforc\u00e9, ainsi que le chauffage et des r\u00e9glages suppl\u00e9mentaires, peuvent \u00eatre propos\u00e9s.<\/p>\n<p>La banquette arri\u00e8re est conforme \u00e0 sa cat\u00e9gorie\u00a0: deux adultes y sont confortablement install\u00e9s, mais trois y sont \u00e0 l\u2019\u00e9troit, notamment au niveau des \u00e9paules et de l\u2019assise. Elle convient pour une famille ou un groupe lors de courts trajets, mais si l\u2019espace \u00e0 l\u2019arri\u00e8re est une priorit\u00e9, il faudra faire quelques compromis dans le segment des compactes.<\/p>\n<h3>Espace du coffre et praticit\u00e9<\/h3>\n<p>Le coffre r\u00e9v\u00e8le toute sa praticit\u00e9\u00a0: son ouverture bien con\u00e7ue et la possibilit\u00e9 de rabattre rapidement la banquette arri\u00e8re facilitent le quotidien. \u00c0 titre indicatif, la version 2026 offre un volume de coffre d&#039;environ 380 litres, et, si\u00e8ges rabattus, ce volume peut atteindre environ 1\u00a0200 litres (selon le mod\u00e8le et la m\u00e9thode de mesure).<\/p>\n<h2>Dimensions et plateforme<\/h2>\n<p>Le format compact est le principal atout de la S\u00e9rie 1\u00a0: elle reste confortable en ville, mais son habitacle n\u2019est plus exigu. \u00c0 titre indicatif, les dimensions du mod\u00e8le 2026 sont d\u2019environ 4\u00a0361\u00a0mm de long, 1\u00a0800\u00a0mm de large et 1\u00a0459\u00a0mm de haut, avec un empattement d\u2019environ 2\u00a0670\u00a0mm.<\/p>\n<p>Cette g\u00e9om\u00e9trie offre g\u00e9n\u00e9ralement un bon compromis\u00a0: stabilit\u00e9 \u00e0 haute vitesse et maniabilit\u00e9 ad\u00e9quate en conditions difficiles. Le choix des roues est \u00e9galement important\u00a0: un profil trop bas am\u00e9liore l\u2019esth\u00e9tique et la r\u00e9activit\u00e9, mais il augmente aussi la transmission des petites irr\u00e9gularit\u00e9s de la route.<\/p>\n<h2>Technique et comportement routier<\/h2>\n<p><img loading=\"lazy\" decoding=\"async\" class=\"aligncenter size-full wp-image-14830\" src=\"https:\/\/imgist.ru\/wp-content\/uploads\/2022\/06\/bmw-1-series-2022-bavarskaya-edinichka-v-novoj-interpretaczii_62bae10193487.jpeg\" alt=\"Groupe motopropulseur de la BMW S\u00e9rie 1 2026\u00a0: Sous le capot\" width=\"1000\" height=\"667\" \/><\/p>\n<p>La philosophie technique de la BMW S\u00e9rie 1 2026 vise \u00e0 offrir un confort optimal au quotidien tout en pr\u00e9servant le caract\u00e8re embl\u00e9matique de la marque\u00a0: une direction pr\u00e9cise, une r\u00e9activit\u00e9 exemplaire et un ch\u00e2ssis \u00e9quilibr\u00e9. La suspension, typique de cette cat\u00e9gorie, repose sur une conception classique avec des jambes de force \u00e0 l&#039;avant et un essieu arri\u00e8re ind\u00e9pendant, contribuant ainsi \u00e0 un bon compromis entre confort et stabilit\u00e9.<\/p>\n<h3>Moteurs et transmissions\u00a0: comment choisir<\/h3>\n<p>Dans le segment des berlines compactes haut de gamme, la gamme de motorisations se compose g\u00e9n\u00e9ralement de moteurs essence et diesel turbocompress\u00e9s, ainsi que de versions hybrides l\u00e9g\u00e8res sur certaines finitions. L&#039;objectif pratique de cette \u00e9lectrification est d&#039;adoucir la r\u00e9ponse \u00e0 l&#039;acc\u00e9l\u00e9rateur en ville, de r\u00e9duire l\u00e9g\u00e8rement la charge du moteur dans les embouteillages et d&#039;am\u00e9liorer les performances du syst\u00e8me Stop &amp; Start.<\/p>\n<ul>\n<li>Si vous recherchez une exp\u00e9rience de conduite urbaine d\u00e9tendue, les versions essence de base offrent g\u00e9n\u00e9ralement une traction suffisante et une consommation de carburant pr\u00e9visible, surtout lorsqu&#039;elles sont associ\u00e9es \u00e0 une transmission automatique.<\/li>\n<li>Si vous conduisez fr\u00e9quemment sur l&#039;autoroute avec une charge compl\u00e8te, les versions plus puissantes permettent de maintenir plus facilement son allure lors des d\u00e9passements et sont moins d\u00e9pendantes du terrain.<\/li>\n<li>Si l&#039;\u00e9motion est importante\u00a0: les versions \u00ab\u00a0charg\u00e9es\u00a0\u00bb (selon leur disponibilit\u00e9 dans la gamme) offrent une traction puissante et des r\u00e9glages de ch\u00e2ssis plus agressifs, mais n\u00e9cessitent souvent une s\u00e9lection minutieuse des pneus et des jantes pour plus de confort.<\/li>\n<\/ul>\n<h3>Contr\u00f4labilit\u00e9 et confort<\/h3>\n<p>Sur un rev\u00eatement en bon \u00e9tat, une berline compacte de ce type r\u00e9v\u00e8le tout son potentiel\u00a0: changements de voie rapides, tenue de route irr\u00e9prochable et grande stabilit\u00e9. Sur chauss\u00e9e irr\u00e9guli\u00e8re, tout d\u00e9pend des r\u00e9glages de suspension et du profil des pneus\u00a0: avec de belles jantes de grand diam\u00e8tre, le confort de conduite peut \u00eatre sensiblement moins ferme, mais la pr\u00e9cision de la direction sera accrue.<\/p>\n<p>L&#039;insonorisation des versions modernes est g\u00e9n\u00e9ralement suffisante pour une utilisation quotidienne\u00a0: en ville, la voiture est silencieuse, tandis que sur autoroute, le choix des pneus et la qualit\u00e9 de la chauss\u00e9e sont primordiaux. La stabilit\u00e9 \u00e0 haute vitesse est particuli\u00e8rement remarquable\u00a0: l&#039;empattement long, associ\u00e9 aux syst\u00e8mes d&#039;assistance \u00e9lectronique modernes, assure une tenue de route pr\u00e9visible.<\/p>\n<h2>S\u00e9curit\u00e9 et assistants<\/h2>\n<p>La BMW S\u00e9rie 1 de 2026 est logiquement per\u00e7ue comme une voiture o\u00f9 l&#039;assistance \u00e9lectronique \u00e0 la conduite devient une comp\u00e9tence de base. Selon la version, elle propose des syst\u00e8mes de s\u00e9curit\u00e9 active\u00a0: alerte de franchissement de ligne, alerte de collision, r\u00e9gulateur de vitesse adaptatif, surveillance des angles morts, ainsi que des cam\u00e9ras et des capteurs de stationnement.<\/p>\n<p>Un conseil pratique pour choisir votre niveau de finition\u00a0: si vous conduisez et vous garez souvent en ville, les options les plus utiles sont les cam\u00e9ras, la cam\u00e9ra \u00e0 360\u00b0 (si disponible) et les syst\u00e8mes d\u2019aide au stationnement avanc\u00e9s. Si vous privil\u00e9giez les longs trajets sur autoroute, le r\u00e9gulateur de vitesse adaptatif et l\u2019assistance au maintien de voie seront plus appr\u00e9ciables, car ils r\u00e9duiront la fatigue lors des longs trajets.<\/p>\n<h2>Concurrents et positionnement<\/h2>\n<p>La concurrence est traditionnellement f\u00e9roce dans le segment des berlines compactes premium\u00a0: les mod\u00e8les concurrents proposent g\u00e9n\u00e9ralement des \u00e9quipements technologiques similaires, des \u00e9l\u00e9ments de design distinctifs et des r\u00e9glages de ch\u00e2ssis l\u00e9g\u00e8rement diff\u00e9rents. La BMW S\u00e9rie 1 de 2026 se distingue par ses efforts pour pr\u00e9server un caract\u00e8re ax\u00e9 sur le conducteur, malgr\u00e9 la tendance g\u00e9n\u00e9rale \u00e0 la digitalisation de l\u2019habitacle et \u00e0 la multiplication des syst\u00e8mes d\u2019assistance \u00e0 la conduite.<\/p>\n<p>Cette voiture est id\u00e9ale pour ceux qui recherchent des dimensions compactes sans pour autant donner l&#039;impression d&#039;\u00eatre trop profil\u00e9e. Si la qualit\u00e9 des mat\u00e9riaux, la pr\u00e9cision de la conduite et un syst\u00e8me d&#039;infodivertissement moderne sont des crit\u00e8res importants, la S\u00e9rie 1 demeure l&#039;une des options les plus pertinentes pour acc\u00e9der au segment des berlines compactes premium.<\/p>","protected":false},"excerpt":{"rendered":"<p>Les berlines compactes \u00e0 hayon font leur grand retour\u00a0: pratiques en ville, plus faciles \u00e0 garer, elles peuvent parfaitement servir de voiture au quotidien. La BMW S\u00e9rie 1\u2026<\/p>","protected":false},"author":1,"featured_media":38294,"comment_status":"open","ping_status":"closed","sticky":false,"template":"","format":"standard","meta":{"footnotes":""},"categories":[60],"tags":[],"class_list":["post-38293","post","type-post","status-publish","format-standard","has-post-thumbnail","hentry","category-avtomobili","hvn-theme-has-thumbnail"],"_links":{"self":[{"href":"https:\/\/imgist.ru\/fr\/wp-json\/wp\/v2\/posts\/38293","targetHints":{"allow":["GET"]}}],"collection":[{"href":"https:\/\/imgist.ru\/fr\/wp-json\/wp\/v2\/posts"}],"about":[{"href":"https:\/\/imgist.ru\/fr\/wp-json\/wp\/v2\/types\/post"}],"author":[{"embeddable":true,"href":"https:\/\/imgist.ru\/fr\/wp-json\/wp\/v2\/users\/1"}],"replies":[{"embeddable":true,"href":"https:\/\/imgist.ru\/fr\/wp-json\/wp\/v2\/comments?post=38293"}],"version-history":[{"count":1,"href":"https:\/\/imgist.ru\/fr\/wp-json\/wp\/v2\/posts\/38293\/revisions"}],"predecessor-version":[{"id":162366,"href":"https:\/\/imgist.ru\/fr\/wp-json\/wp\/v2\/posts\/38293\/revisions\/162366"}],"wp:featuredmedia":[{"embeddable":true,"href":"https:\/\/imgist.ru\/fr\/wp-json\/wp\/v2\/media\/38294"}],"wp:attachment":[{"href":"https:\/\/imgist.ru\/fr\/wp-json\/wp\/v2\/media?parent=38293"}],"wp:term":[{"taxonomy":"category","embeddable":true,"href":"https:\/\/imgist.ru\/fr\/wp-json\/wp\/v2\/categories?post=38293"},{"taxonomy":"post_tag","embeddable":true,"href":"https:\/\/imgist.ru\/fr\/wp-json\/wp\/v2\/tags?post=38293"}],"curies":[{"name":"wp","href":"https:\/\/api.w.org\/{rel}","templated":true}]}}