{"id":39877,"date":"2023-04-04T21:39:42","date_gmt":"2023-04-04T19:39:42","guid":{"rendered":"http:\/\/aleksawn.bget.ru\/?p=39877"},"modified":"2023-04-04T21:39:42","modified_gmt":"2023-04-04T19:39:42","slug":"tendances-coiffure-feminines-pour-la-saison-printemps-ete-2024","status":"publish","type":"post","link":"https:\/\/imgist.ru\/fr\/zhenskie-strizhki-trendy-sezona-vesna-leto-2024\/","title":{"rendered":"Coupes de cheveux pour femmes : Tendances printemps\/\u00e9t\u00e9 2026"},"content":{"rendered":"<p>Nombreuses sont les femmes qui souhaitent modifier l\u00e9g\u00e8rement leur coiffure habituelle, mais qui h\u00e9sitent depuis des ann\u00e9es \u00e0 franchir le pas. Si vous \u00eates dans ce cas, nous vous recommandons de surmonter vos appr\u00e9hensions et de vous offrir enfin une transformation, car la saison printemps-\u00e9t\u00e9 est id\u00e9ale. De plus, cette ann\u00e9e, les coiffeurs proposent une grande vari\u00e9t\u00e9 de coupes, vous permettant ainsi de trouver facilement celle qui vous mettra en valeur en photo et qui s&#039;harmonisera parfaitement avec la forme de votre visage.<\/p>\n<p><img loading=\"lazy\" decoding=\"async\" class=\"td-modal-image aligncenter wp-image-26369 size-full\" src=\"https:\/\/imgist.ru\/wp-content\/uploads\/2023\/11\/zhenskie-strizhki-trendy-sezona-vesna-leto_654ac4f3dee44.jpeg\" alt=\"\" width=\"564\" height=\"846\" \/> <img loading=\"lazy\" decoding=\"async\" class=\"td-modal-image aligncenter wp-image-26370 size-full\" src=\"https:\/\/imgist.ru\/wp-content\/uploads\/2023\/11\/zhenskie-strizhki-trendy-sezona-vesna-leto_654ac4f460933.jpeg\" alt=\"\" width=\"540\" height=\"704\" \/><img loading=\"lazy\" decoding=\"async\" class=\"td-modal-image aligncenter wp-image-26374 size-full\" src=\"https:\/\/imgist.ru\/wp-content\/uploads\/2023\/11\/zhenskie-strizhki-trendy-sezona-vesna-leto_654ac4f55e440.jpeg\" alt=\"\" width=\"500\" height=\"700\" \/><\/p>\n<p><img loading=\"lazy\" decoding=\"async\" class=\"td-modal-image aligncenter wp-image-26372 size-full\" src=\"https:\/\/imgist.ru\/wp-content\/uploads\/2023\/11\/zhenskie-strizhki-trendy-sezona-vesna-leto_654ac4f65f744.jpeg\" alt=\"\" width=\"564\" height=\"845\" \/><\/p>\n<p>&nbsp;<\/p>\n<h2>Coupes de cheveux courtes tendance pour le printemps et l&#039;\u00e9t\u00e9<\/h2>\n<p>Les coupes courtes sont tr\u00e8s tendance cette ann\u00e9e, et elles sont surtout pl\u00e9biscit\u00e9es par les femmes s\u00fbres d&#039;elles. Bien s\u00fbr, elles ne conviennent pas \u00e0 toutes les morphologies, il est donc important de prendre en compte certains crit\u00e8res. Les femmes aux formes g\u00e9n\u00e9reuses devraient \u00e9viter les coupes trop courtes, car cela risque de cr\u00e9er une silhouette disproportionn\u00e9e. Celles qui ont les cheveux fins et clairsem\u00e9s devraient \u00e9galement \u00e9viter les coupes courtes. C&#039;est pourquoi nous recommandons d&#039;explorer d&#039;autres options. Nous allons examiner plus en d\u00e9tail les diff\u00e9rents types de coupes pour cette longueur.<\/p>\n<p><img loading=\"lazy\" decoding=\"async\" class=\"td-modal-image aligncenter wp-image-26307 size-full\" src=\"https:\/\/imgist.ru\/wp-content\/uploads\/2023\/11\/zhenskie-strizhki-trendy-sezona-vesna-leto_654ac4f8d2247.jpeg\" alt=\"\" width=\"500\" height=\"627\" \/> <img loading=\"lazy\" decoding=\"async\" class=\"td-modal-image aligncenter wp-image-26308 size-full\" src=\"https:\/\/imgist.ru\/wp-content\/uploads\/2023\/11\/zhenskie-strizhki-trendy-sezona-vesna-leto_654ac4f9419e9.jpeg\" alt=\"\" width=\"564\" height=\"670\" \/><\/p>\n<p><img loading=\"lazy\" decoding=\"async\" class=\"td-modal-image aligncenter wp-image-26310 size-full\" src=\"https:\/\/imgist.ru\/wp-content\/uploads\/2023\/11\/zhenskie-strizhki-trendy-sezona-vesna-leto_654ac4fa83379.jpeg\" alt=\"\" width=\"500\" height=\"583\" \/><\/p>\n<h3>1. F\u00e9e<\/h3>\n<p>L&#039;une des coupes courtes les plus tendance est la coupe pixie. Les cheveux, dans cette coupe, ne sont g\u00e9n\u00e9ralement pas coiff\u00e9s dans une direction pr\u00e9cise, mais plut\u00f4t \u00e9bouriff\u00e9s, d\u00e9gageant la nuque et les oreilles. Les plus audacieuses associent m\u00eame cette coupe \u00e0 des c\u00f4t\u00e9s ras\u00e9s. Le r\u00e9sultat est tr\u00e8s styl\u00e9 et original. La coupe pixie est aussi souvent agr\u00e9ment\u00e9e d&#039;une frange, qui peut se d\u00e9cliner en de nombreuses formes. Les franges asym\u00e9triques et effil\u00e9es restent les plus populaires. Chacune de ces options est tendance, vous serez donc assur\u00e9ment \u00e0 la pointe de la mode.<\/p>\n<p><img loading=\"lazy\" decoding=\"async\" class=\"td-modal-image aligncenter wp-image-26284 size-full\" src=\"https:\/\/imgist.ru\/wp-content\/uploads\/2023\/11\/zhenskie-strizhki-trendy-sezona-vesna-leto_654ac4faceaa5.jpeg\" alt=\"\" width=\"564\" height=\"734\" \/> <img loading=\"lazy\" decoding=\"async\" class=\"td-modal-image aligncenter wp-image-26286 size-full\" src=\"https:\/\/imgist.ru\/wp-content\/uploads\/2023\/11\/zhenskie-strizhki-trendy-sezona-vesna-leto_654ac4fbc9906.jpeg\" alt=\"\" width=\"425\" height=\"640\" \/><\/p>\n<h3>2. Gar\u00e7on<\/h3>\n<p>Autre coupe tr\u00e8s en vogue ce printemps\/\u00e9t\u00e9\u00a0: la coupe gar\u00e7onne. Malgr\u00e9 sa simplicit\u00e9, elle d\u00e9gage \u00e9l\u00e9gance et f\u00e9minit\u00e9. Cet effet est obtenu gr\u00e2ce \u00e0 la frange, dont la forme peut \u00eatre choisie individuellement.<\/p>\n<p><img loading=\"lazy\" decoding=\"async\" class=\"td-modal-image aligncenter wp-image-26287 size-full\" src=\"https:\/\/imgist.ru\/wp-content\/uploads\/2023\/11\/zhenskie-strizhki-trendy-sezona-vesna-leto_654ac4fc3ae1b.jpeg\" alt=\"\" width=\"564\" height=\"668\" \/> <img loading=\"lazy\" decoding=\"async\" class=\"td-modal-image aligncenter wp-image-26289 size-full\" src=\"https:\/\/imgist.ru\/wp-content\/uploads\/2023\/11\/zhenskie-strizhki-trendy-sezona-vesna-leto_654ac4fd26258.jpeg\" alt=\"\" width=\"500\" height=\"650\" \/><\/p>\n<p>D&#039;ailleurs, la coupe gar\u00e7onne ne convient pas \u00e0 toutes les femmes. Elle met particuli\u00e8rement en valeur la beaut\u00e9 d&#039;un visage ovale\u00a0; alors si vous avez ce type de visage, n&#039;h\u00e9sitez pas \u00e0 l&#039;essayer.<\/p>\n<p><img loading=\"lazy\" decoding=\"async\" class=\"td-modal-image aligncenter wp-image-26292 size-full\" src=\"https:\/\/imgist.ru\/wp-content\/uploads\/2023\/11\/zhenskie-strizhki-trendy-sezona-vesna-leto_654ac4fddbc0a.jpeg\" alt=\"\" width=\"550\" height=\"817\" \/> <img loading=\"lazy\" decoding=\"async\" class=\"td-modal-image aligncenter wp-image-26293 size-full\" src=\"https:\/\/imgist.ru\/wp-content\/uploads\/2023\/11\/zhenskie-strizhki-trendy-sezona-vesna-leto_654ac4fe4f05e.jpeg\" alt=\"\" width=\"500\" height=\"662\" \/><\/p>\n<h3>3. Carr\u00e9 f\u00e9minin<\/h3>\n<p>Le carr\u00e9 est une excellente option de coupe pour les cheveux courts, offrant de nombreuses possibilit\u00e9s de coiffage. Ainsi, chaque femme peut trouver la coupe id\u00e9ale, quels que soient ses pr\u00e9f\u00e9rences, la forme de son visage ou l&#039;\u00e9paisseur de ses cheveux.<\/p>\n<p><img loading=\"lazy\" decoding=\"async\" class=\"td-modal-image aligncenter wp-image-26302 size-full\" src=\"https:\/\/imgist.ru\/wp-content\/uploads\/2023\/11\/zhenskie-strizhki-trendy-sezona-vesna-leto_654ac4ff43d32.jpeg\" alt=\"\" width=\"546\" height=\"700\" \/><\/p>\n<p><img loading=\"lazy\" decoding=\"async\" class=\"td-modal-image aligncenter wp-image-26299 size-full\" src=\"https:\/\/imgist.ru\/wp-content\/uploads\/2023\/11\/zhenskie-strizhki-trendy-sezona-vesna-leto_654ac4ffb7efc.jpeg\" alt=\"\" width=\"436\" height=\"654\" \/><\/p>\n<p>D&#039;ailleurs, si vous avez les cheveux raides, nous vous recommandons d&#039;opter pour un carr\u00e9 classique avec une frange \u00e9paisse. Cela apporte une touche de charme et d&#039;\u00e9l\u00e9gance \u00e0 votre coiffure. Celles qui ont les cheveux ondul\u00e9s devraient privil\u00e9gier les coupes asym\u00e9triques. Cela donnera du volume \u00e0 votre coiffure et un style unique.<\/p>\n<p><img loading=\"lazy\" decoding=\"async\" class=\"td-modal-image aligncenter wp-image-26303 size-full\" src=\"https:\/\/imgist.ru\/wp-content\/uploads\/2023\/11\/zhenskie-strizhki-trendy-sezona-vesna-leto_654ac5010269d.jpeg\" alt=\"\" width=\"564\" height=\"735\" \/> <img loading=\"lazy\" decoding=\"async\" class=\"td-modal-image aligncenter wp-image-26304 size-full\" src=\"https:\/\/imgist.ru\/wp-content\/uploads\/2023\/11\/zhenskie-strizhki-trendy-sezona-vesna-leto_654ac50167206.jpeg\" alt=\"\" width=\"564\" height=\"734\" \/><\/p>\n<h3>4. Un carr\u00e9 \u00e9l\u00e9gant<\/h3>\n<p>Une autre tendance actuelle \u00e0 mentionner est la coupe au carr\u00e9. Contrairement au carr\u00e9 classique, le carr\u00e9 court exige une bonne ma\u00eetrise de la technique pour \u00eatre r\u00e9ussi. Les cheveux sont toujours coup\u00e9s en d\u00e9grad\u00e9 pour cr\u00e9er du volume. Ce d\u00e9grad\u00e9 all\u00e8ge les cheveux \u00e9pais et donne du volume aux cheveux fins.<\/p>\n<p><img loading=\"lazy\" decoding=\"async\" class=\"td-modal-image aligncenter wp-image-26296 size-full\" src=\"https:\/\/imgist.ru\/wp-content\/uploads\/2023\/11\/zhenskie-strizhki-trendy-sezona-vesna-leto_654ac50329fcb.jpeg\" alt=\"\" width=\"564\" height=\"845\" \/><img loading=\"lazy\" decoding=\"async\" class=\"td-modal-image aligncenter wp-image-26298 size-full\" src=\"https:\/\/imgist.ru\/wp-content\/uploads\/2023\/11\/zhenskie-strizhki-trendy-sezona-vesna-leto_654ac50412848.jpeg\" alt=\"\" width=\"564\" height=\"699\" \/><\/p>\n<h2>Coupes de cheveux pour cheveux mi-longs<\/h2>\n<p>Toutes les filles n&#039;appr\u00e9cient pas les cheveux courts, c&#039;est pourquoi la plupart optent pour une longueur mi-longue, consid\u00e9r\u00e9e comme id\u00e9ale. Apr\u00e8s tout, cette longueur permet de r\u00e9aliser non seulement de jolies coupes, mais aussi une grande vari\u00e9t\u00e9 de styles et de coiffures. Et vous en conviendrez, c&#039;est tr\u00e8s important pour beaucoup de filles.<\/p>\n<p><img loading=\"lazy\" decoding=\"async\" class=\"td-modal-image aligncenter wp-image-26335 size-full\" src=\"https:\/\/imgist.ru\/wp-content\/uploads\/2023\/11\/zhenskie-strizhki-trendy-sezona-vesna-leto_654ac50489264.jpeg\" alt=\"\" width=\"564\" height=\"846\" \/><\/p>\n<p><img loading=\"lazy\" decoding=\"async\" class=\"td-modal-image aligncenter wp-image-26386 size-full\" src=\"https:\/\/imgist.ru\/wp-content\/uploads\/2023\/11\/zhenskie-strizhki-trendy-sezona-vesna-leto_654ac50658d2e.jpeg\" alt=\"\" width=\"564\" height=\"564\" \/><\/p>\n<p><img loading=\"lazy\" decoding=\"async\" class=\"td-modal-image aligncenter wp-image-26341 size-full\" src=\"https:\/\/imgist.ru\/wp-content\/uploads\/2023\/11\/zhenskie-strizhki-trendy-sezona-vesna-leto_654ac50781367.jpeg\" alt=\"\" width=\"564\" height=\"788\" \/> <img loading=\"lazy\" decoding=\"async\" class=\"td-modal-image aligncenter wp-image-26343 size-full\" src=\"https:\/\/imgist.ru\/wp-content\/uploads\/2023\/11\/zhenskie-strizhki-trendy-sezona-vesna-leto_654ac5088ea39.jpeg\" alt=\"\" width=\"564\" height=\"564\" \/><\/p>\n<h3>1. Kare<\/h3>\n<p>Sur cheveux mi-longs, un carr\u00e9 est vraiment chic. Et gr\u00e2ce \u00e0 diff\u00e9rentes techniques de coiffage, vous pouvez facilement changer de look. Par exemple, en lissant les cheveux, la coupe aura un aspect strict et discret, parfait pour le bureau.<\/p>\n<p><img loading=\"lazy\" decoding=\"async\" class=\"td-modal-image aligncenter wp-image-26321 size-full\" src=\"https:\/\/imgist.ru\/wp-content\/uploads\/2023\/11\/zhenskie-strizhki-trendy-sezona-vesna-leto_654ac5093733c.jpeg\" alt=\"\" width=\"564\" height=\"751\" \/> <img loading=\"lazy\" decoding=\"async\" class=\"td-modal-image aligncenter wp-image-26322 size-full\" src=\"https:\/\/imgist.ru\/wp-content\/uploads\/2023\/11\/zhenskie-strizhki-trendy-sezona-vesna-leto_654ac509a7554.jpeg\" alt=\"\" width=\"564\" height=\"752\" \/> <img loading=\"lazy\" decoding=\"async\" class=\"td-modal-image aligncenter wp-image-26324 size-full\" src=\"https:\/\/imgist.ru\/wp-content\/uploads\/2023\/11\/zhenskie-strizhki-trendy-sezona-vesna-leto_654ac50a85073.jpeg\" alt=\"\" width=\"422\" height=\"600\" \/><\/p>\n<p>Cr\u00e9er des boucles l\u00e9g\u00e8rement d\u00e9coiff\u00e9es avec une mousse texturisante sp\u00e9ciale permettra d&#039;obtenir un look plus romantique et d\u00e9licat, une solution parfaite pour le quotidien.<\/p>\n<p><img loading=\"lazy\" decoding=\"async\" class=\"td-modal-image aligncenter wp-image-26328 size-full\" src=\"https:\/\/imgist.ru\/wp-content\/uploads\/2023\/11\/zhenskie-strizhki-trendy-sezona-vesna-leto_654ac50d11059.jpeg\" alt=\"\" width=\"564\" height=\"789\" \/> <img loading=\"lazy\" decoding=\"async\" class=\"td-modal-image aligncenter wp-image-26330 size-full\" src=\"https:\/\/imgist.ru\/wp-content\/uploads\/2023\/11\/zhenskie-strizhki-trendy-sezona-vesna-leto_654ac50e083da.jpeg\" alt=\"\" width=\"564\" height=\"847\" \/><\/p>\n<p><img loading=\"lazy\" decoding=\"async\" class=\"td-modal-image aligncenter wp-image-26383 size-full\" src=\"https:\/\/imgist.ru\/wp-content\/uploads\/2023\/11\/zhenskie-strizhki-trendy-sezona-vesna-leto_654ac50eef973.jpeg\" alt=\"\" width=\"564\" height=\"844\" \/><\/p>\n<p>Avec des boucles naturelles et volumineuses, vous aurez une allure audacieuse, dynamique et positive. Alors, choisissez une coiffure en fonction de votre humeur et de l&#039;\u00e9v\u00e9nement \u00e0 venir, et vous serez au top\u00a0!<\/p>\n<p><img loading=\"lazy\" decoding=\"async\" class=\"td-modal-image aligncenter wp-image-26331 size-full\" src=\"https:\/\/imgist.ru\/wp-content\/uploads\/2023\/11\/zhenskie-strizhki-trendy-sezona-vesna-leto_654ac50f8793f.jpeg\" alt=\"\" width=\"564\" height=\"733\" \/> <img loading=\"lazy\" decoding=\"async\" class=\"td-modal-image aligncenter wp-image-26333 size-full\" src=\"https:\/\/imgist.ru\/wp-content\/uploads\/2023\/11\/zhenskie-strizhki-trendy-sezona-vesna-leto_654ac5107c0b9.jpeg\" alt=\"\" width=\"564\" height=\"898\" \/> <img loading=\"lazy\" decoding=\"async\" class=\"td-modal-image aligncenter wp-image-26334 size-full\" src=\"https:\/\/imgist.ru\/wp-content\/uploads\/2023\/11\/zhenskie-strizhki-trendy-sezona-vesna-leto_654ac510f3c08.jpeg\" alt=\"\" width=\"564\" height=\"752\" \/><\/p>\n<h3>2. Cascade<\/h3>\n<p>Pour transformer une chevelure mi-longue sans changer radicalement de coiffure, optez pour une coupe d\u00e9grad\u00e9e. Elle mettra en valeur vos yeux et apportera une touche romantique.<\/p>\n<p><img loading=\"lazy\" decoding=\"async\" class=\"td-modal-image aligncenter wp-image-26316 size-full\" src=\"https:\/\/imgist.ru\/wp-content\/uploads\/2023\/11\/zhenskie-strizhki-trendy-sezona-vesna-leto_654ac51176001.jpeg\" alt=\"\" width=\"564\" height=\"842\" \/> <img loading=\"lazy\" decoding=\"async\" class=\"td-modal-image aligncenter wp-image-26320 size-full\" src=\"https:\/\/imgist.ru\/wp-content\/uploads\/2023\/11\/zhenskie-strizhki-trendy-sezona-vesna-leto_654ac5132730a.jpeg\" alt=\"\" width=\"564\" height=\"845\" \/><\/p>\n<p><img loading=\"lazy\" decoding=\"async\" class=\"td-modal-image aligncenter wp-image-26384 size-full\" src=\"https:\/\/imgist.ru\/wp-content\/uploads\/2023\/11\/zhenskie-strizhki-trendy-sezona-vesna-leto_654ac5138edf2.jpeg\" alt=\"\" width=\"550\" height=\"802\" \/><\/p>\n<p>Cependant, une coupe de cheveux professionnelle exige des connaissances approfondies, non seulement en mati\u00e8re de coupes, mais aussi en ce qui concerne les proportions du visage et le choix de la coiffure adapt\u00e9e. Par cons\u00e9quent, \u00e9vitez de r\u00e9aliser une coupe d\u00e9grad\u00e9e vous-m\u00eame\u00a0; il est pr\u00e9f\u00e9rable de consulter un coiffeur de confiance.<\/p>\n<p><img loading=\"lazy\" decoding=\"async\" class=\"td-modal-image aligncenter wp-image-26313 size-full\" src=\"https:\/\/imgist.ru\/wp-content\/uploads\/2023\/11\/zhenskie-strizhki-trendy-sezona-vesna-leto_654ac514f36fb.jpeg\" alt=\"\" width=\"462\" height=\"640\" \/><img loading=\"lazy\" decoding=\"async\" class=\"td-modal-image aligncenter wp-image-26315 size-full\" src=\"https:\/\/imgist.ru\/wp-content\/uploads\/2023\/11\/zhenskie-strizhki-trendy-sezona-vesna-leto_654ac515d550c.jpeg\" alt=\"\" width=\"500\" height=\"600\" \/><\/p>\n<h2>Coupes de cheveux pour cheveux longs<\/h2>\n<p>Les cheveux longs sont un luxe que toutes les femmes ne peuvent s&#039;offrir. Ils n\u00e9cessitent non seulement une chevelure naturellement \u00e9paisse, mais aussi des soins r\u00e9guliers et adapt\u00e9s, avec des produits de qualit\u00e9. C&#039;est pourquoi il existe moins de coupes pour les cheveux longs et somptueux que pour les cheveux courts.<\/p>\n<p><img loading=\"lazy\" decoding=\"async\" class=\"td-modal-image aligncenter wp-image-26364 size-full\" src=\"https:\/\/imgist.ru\/wp-content\/uploads\/2023\/11\/zhenskie-strizhki-trendy-sezona-vesna-leto_654ac51723981.jpeg\" alt=\"\" width=\"529\" height=\"550\" \/> <img loading=\"lazy\" decoding=\"async\" class=\"td-modal-image aligncenter wp-image-26366 size-full\" src=\"https:\/\/imgist.ru\/wp-content\/uploads\/2023\/11\/zhenskie-strizhki-trendy-sezona-vesna-leto_654ac517ec88c.jpeg\" alt=\"\" width=\"564\" height=\"846\" \/> <img loading=\"lazy\" decoding=\"async\" class=\"td-modal-image aligncenter wp-image-26367 size-full\" src=\"https:\/\/imgist.ru\/wp-content\/uploads\/2023\/11\/zhenskie-strizhki-trendy-sezona-vesna-leto_654ac518714d4.jpeg\" alt=\"\" width=\"564\" height=\"792\" \/><\/p>\n<p>La coupe d\u00e9grad\u00e9e est la plus populaire et convient \u00e0 toutes les femmes, quelle que soit l&#039;\u00e9paisseur de leurs cheveux. De plus, elle est tr\u00e8s facile \u00e0 coiffer avec un simple s\u00e8che-cheveux et un peigne.<\/p>\n<p><img loading=\"lazy\" decoding=\"async\" class=\"td-modal-image aligncenter wp-image-26345 size-full\" src=\"https:\/\/imgist.ru\/wp-content\/uploads\/2023\/11\/zhenskie-strizhki-trendy-sezona-vesna-leto_654ac51964125.jpeg\" alt=\"\" width=\"500\" height=\"600\" \/><img loading=\"lazy\" decoding=\"async\" class=\"td-modal-image aligncenter wp-image-26349 size-full\" src=\"https:\/\/imgist.ru\/wp-content\/uploads\/2023\/11\/zhenskie-strizhki-trendy-sezona-vesna-leto_654ac51b257f2.jpeg\" alt=\"\" width=\"480\" height=\"684\" \/> <img loading=\"lazy\" decoding=\"async\" class=\"td-modal-image aligncenter wp-image-26350 size-full\" src=\"https:\/\/imgist.ru\/wp-content\/uploads\/2023\/11\/zhenskie-strizhki-trendy-sezona-vesna-leto_654ac51b97814.jpeg\" alt=\"\" width=\"564\" height=\"845\" \/><\/p>\n<p>Les coupes d\u00e9grad\u00e9es sur cheveux longs sont \u00e9galement tr\u00e8s \u00e9l\u00e9gantes. Elles donnent aux cheveux la forme souhait\u00e9e, \u00e9vitant ainsi un coiffage quotidien.<\/p>\n<p><img loading=\"lazy\" decoding=\"async\" class=\"td-modal-image aligncenter wp-image-26351 size-full\" src=\"https:\/\/imgist.ru\/wp-content\/uploads\/2023\/11\/zhenskie-strizhki-trendy-sezona-vesna-leto_654ac51c08627.jpeg\" alt=\"\" width=\"564\" height=\"726\" \/> <img loading=\"lazy\" decoding=\"async\" class=\"td-modal-image aligncenter wp-image-26352 size-full\" src=\"https:\/\/imgist.ru\/wp-content\/uploads\/2023\/11\/zhenskie-strizhki-trendy-sezona-vesna-leto_654ac51c7f87d.jpeg\" alt=\"\" width=\"533\" height=\"800\" \/><img loading=\"lazy\" decoding=\"async\" class=\"td-modal-image aligncenter wp-image-26355 size-full\" src=\"https:\/\/imgist.ru\/wp-content\/uploads\/2023\/11\/zhenskie-strizhki-trendy-sezona-vesna-leto_654ac51dc0e99.jpeg\" alt=\"\" width=\"564\" height=\"656\" \/><\/p>\n<p>Pour les grandes occasions, vous pouvez cr\u00e9er de jolies boucles souples \u00e0 l&#039;aide d&#039;une mousse texturisante, d&#039;une grosse brosse ronde et d&#039;un s\u00e8che-cheveux. Vous obtiendrez ainsi du volume aux racines et des boucles naturelles. Si vous optez pour cette coupe, nous vous conseillons de bien choisir votre coiffeur, qui tiendra compte des traits et des proportions de votre visage.<\/p>\n<p><img loading=\"lazy\" decoding=\"async\" class=\"td-modal-image aligncenter wp-image-26356 size-full\" src=\"https:\/\/imgist.ru\/wp-content\/uploads\/2023\/11\/zhenskie-strizhki-trendy-sezona-vesna-leto_654ac51e4426d.jpeg\" alt=\"\" width=\"564\" height=\"845\" \/> <img loading=\"lazy\" decoding=\"async\" class=\"td-modal-image aligncenter wp-image-26357 size-full\" src=\"https:\/\/imgist.ru\/wp-content\/uploads\/2023\/11\/zhenskie-strizhki-trendy-sezona-vesna-leto_654ac51ec6c95.jpeg\" alt=\"\" width=\"564\" height=\"689\" \/> <img loading=\"lazy\" decoding=\"async\" class=\"td-modal-image aligncenter wp-image-26358 size-full\" src=\"https:\/\/imgist.ru\/wp-content\/uploads\/2023\/11\/zhenskie-strizhki-trendy-sezona-vesna-leto_654ac51f4fb59.jpeg\" alt=\"\" width=\"564\" height=\"910\" \/><\/p>\n<p>Chaque coupe pr\u00e9sent\u00e9e ici poss\u00e8de son propre charme et son style uniques. Choisissez donc celle qui vous convient le mieux. N&#039;oubliez pas non plus qu&#039;au printemps et en \u00e9t\u00e9, le soleil est particuli\u00e8rement fort et que les cheveux, quelle que soit leur longueur, n\u00e9cessitent des soins particuliers.<\/p>\n<p>Changez-vous de coupe de cheveux en fonction des tendances de la mode\u00a0? Ou pr\u00e9f\u00e9rez-vous conserver votre look actuel\u00a0?<\/p>","protected":false},"excerpt":{"rendered":"<p>Nombreuses sont les femmes qui souhaitent modifier l\u00e9g\u00e8rement leur coupe de cheveux habituelle, mais qui h\u00e9sitent \u00e0 franchir le pas depuis des ann\u00e9es. Si vous \u00eates dans ce cas, nous vous recommandons de surmonter vos craintes\u2026<\/p>","protected":false},"author":1,"featured_media":39878,"comment_status":"open","ping_status":"closed","sticky":false,"template":"","format":"standard","meta":{"footnotes":""},"categories":[23],"tags":[],"class_list":["post-39877","post","type-post","status-publish","format-standard","has-post-thumbnail","hentry","category-moda","hvn-theme-has-thumbnail"],"_links":{"self":[{"href":"https:\/\/imgist.ru\/fr\/wp-json\/wp\/v2\/posts\/39877","targetHints":{"allow":["GET"]}}],"collection":[{"href":"https:\/\/imgist.ru\/fr\/wp-json\/wp\/v2\/posts"}],"about":[{"href":"https:\/\/imgist.ru\/fr\/wp-json\/wp\/v2\/types\/post"}],"author":[{"embeddable":true,"href":"https:\/\/imgist.ru\/fr\/wp-json\/wp\/v2\/users\/1"}],"replies":[{"embeddable":true,"href":"https:\/\/imgist.ru\/fr\/wp-json\/wp\/v2\/comments?post=39877"}],"version-history":[{"count":0,"href":"https:\/\/imgist.ru\/fr\/wp-json\/wp\/v2\/posts\/39877\/revisions"}],"wp:featuredmedia":[{"embeddable":true,"href":"https:\/\/imgist.ru\/fr\/wp-json\/wp\/v2\/media\/39878"}],"wp:attachment":[{"href":"https:\/\/imgist.ru\/fr\/wp-json\/wp\/v2\/media?parent=39877"}],"wp:term":[{"taxonomy":"category","embeddable":true,"href":"https:\/\/imgist.ru\/fr\/wp-json\/wp\/v2\/categories?post=39877"},{"taxonomy":"post_tag","embeddable":true,"href":"https:\/\/imgist.ru\/fr\/wp-json\/wp\/v2\/tags?post=39877"}],"curies":[{"name":"wp","href":"https:\/\/api.w.org\/{rel}","templated":true}]}}