{"id":4231,"date":"2026-06-01T03:18:52","date_gmt":"2026-06-01T00:18:52","guid":{"rendered":"https:\/\/imgist.ru\/dzhenku-ujguru-iz-organizaczii-molodye-turki-zapreshhen-vezd-v-velikobritaniyu\/"},"modified":"2026-06-01T03:18:52","modified_gmt":"2026-06-01T00:18:52","slug":"jenku-ujguru-membre-de-lorganisation-young-turks-est-interdit-dentree-au-royaume-uni","status":"publish","type":"post","link":"https:\/\/imgist.ru\/fr\/dzhenku-ujguru-iz-organizaczii-molodye-turki-zapreshhen-vezd-v-velikobritaniyu\/","title":{"rendered":"Cenk Uygur, membre de l&#039;organisation Young Turks, s&#039;est vu interdire l&#039;entr\u00e9e au Royaume-Uni."},"content":{"rendered":"<p>(Photo reproduite avec l&#039;aimable autorisation de la cha\u00eene YouTube The Young Turks)<\/p>\n<p> Comme l&#039;a rapport\u00e9 le journal dimanche, <em>Fois<\/em> , expert principal et cofondateur de The Young Turks <strong>Jenku Ou\u00efghour<\/strong> Il s&#039;est vu interdire l&#039;entr\u00e9e au Royaume-Uni en raison des craintes du gouvernement selon lesquelles sa pr\u00e9sence ne serait pas \u00ab propice au bien public \u00bb.<\/p>\n<p> Uyghur devait se produire au festival SXSW de Londres cette semaine, mais le ministre de l&#039;Int\u00e9rieur britannique a annonc\u00e9 que\u2026 <strong>Shabana Mahmud<\/strong> Le gouvernement a jug\u00e9 que le commentateur de gauche n&#039;\u00e9tait pas apte \u00e0 entrer dans le pays, notamment en raison de ses propos virulents \u00e0 l&#039;\u00e9gard d&#039;Isra\u00ebl.<\/p>\n<p> <em>Le journal The Times<\/em> signal\u00e9 :<\/p>\n<blockquote>\n<p> La d\u00e9cision d&#039;interdire l&#039;entr\u00e9e au Royaume-Uni \u00e0 Ou\u00efghour aurait \u00e9t\u00e9 fond\u00e9e sur plusieurs raisons, notamment la crainte que sa pr\u00e9sence n&#039;exacerbe l&#039;antis\u00e9mitisme en raison de ses propos tenus apr\u00e8s les attentats du 7 octobre 2023.<\/p>\n<p> Cela comprenait la reprise de clich\u00e9s antis\u00e9mites classiques, comme l&#039;affirmation selon laquelle Isra\u00ebl contr\u00f4le l&#039;Am\u00e9rique. En juillet dernier, dans son podcast, il a faussement pr\u00e9tendu que le lobby isra\u00e9lien avait vers\u00e9 plus de fonds au Congr\u00e8s que tout autre groupe.<\/p>\n<\/blockquote>\n<p> Dimanche, Uyghur a confirm\u00e9 sur X-Stop avoir \u00e9t\u00e9 interdit d&#039;entr\u00e9e au Royaume-Uni. Il a affirm\u00e9 que cette interdiction \u00e9tait due \u00e0 ses \u00ab critiques envers Isra\u00ebl \u00bb.<\/p>\n<p> \u00ab Sommes-nous encore libres ? \u00bb a-t-il poursuivi. \u00ab C\u2019est l\u2019oppression de citoyens occidentaux par nos propres gouvernements au nom d\u2019un autre pays ! \u00bb<\/p>\n<p> Son neveu, un streamer populaire et ancien commentateur de TYT <strong>Hasan Payker<\/strong> , Il a d\u00e9clar\u00e9 dimanche, lors d&#039;une \u00e9mission en direct, qu&#039;il \u00e9tait \u00e9galement interdit d&#039;entr\u00e9e au Royaume-Uni.<\/p>\n<p> \u00ab Je ne voulais pas en parler, mais euh, mon visa a \u00e9t\u00e9 annul\u00e9 lui aussi \u00bb, a d\u00e9clar\u00e9 Piker. \u00ab On vient de l&#039;apprendre\u2026 Je ne sais pas \u00e0 qui en parler. \u00bb.<\/p>\n<p> Au fil des ans, Piker a fait la une des journaux pour un certain nombre de d\u00e9clarations, notamment celle selon laquelle l&#039;Am\u00e9rique \u00ab m\u00e9ritait \u00bb les attentats du 11 septembre.<\/p>\n<p> Il a \u00e9galement qualifi\u00e9 le Hamas de \u00ab moindre mal \u00bb, comparant cette organisation terroriste \u00e0 Isra\u00ebl. Le mois dernier, lors d&#039;une intervention dans le podcast Pod Save America, Piker a qualifi\u00e9 le Parti r\u00e9publicain de \u00ab plus grande organisation terroriste int\u00e9rieure au monde \u00bb et de \u00ab plus grande organisation terroriste internationale au monde \u00bb.<\/p>\n<p> L&#039;article \u00ab Cenk Uygur, du groupe The Young Turks, interdit d&#039;entr\u00e9e au Royaume-Uni \u00bb est paru initialement sur le site web Mediaite.<\/p>","protected":false},"excerpt":{"rendered":"<p>(Photo reproduite avec l&#039;aimable autorisation de la cha\u00eene YouTube The Young Turks) Comme l&#039;a rapport\u00e9 le Times dimanche, Cenk Uygur, expert en chef et cofondateur de The Young Turks\u2026<\/p>","protected":false},"author":1,"featured_media":4232,"comment_status":"open","ping_status":"closed","sticky":false,"template":"","format":"standard","meta":{"footnotes":""},"categories":[5],"tags":[],"class_list":["post-4231","post","type-post","status-publish","format-standard","has-post-thumbnail","hentry","category-selebriti","hvn-theme-has-thumbnail"],"_links":{"self":[{"href":"https:\/\/imgist.ru\/fr\/wp-json\/wp\/v2\/posts\/4231","targetHints":{"allow":["GET"]}}],"collection":[{"href":"https:\/\/imgist.ru\/fr\/wp-json\/wp\/v2\/posts"}],"about":[{"href":"https:\/\/imgist.ru\/fr\/wp-json\/wp\/v2\/types\/post"}],"author":[{"embeddable":true,"href":"https:\/\/imgist.ru\/fr\/wp-json\/wp\/v2\/users\/1"}],"replies":[{"embeddable":true,"href":"https:\/\/imgist.ru\/fr\/wp-json\/wp\/v2\/comments?post=4231"}],"version-history":[{"count":0,"href":"https:\/\/imgist.ru\/fr\/wp-json\/wp\/v2\/posts\/4231\/revisions"}],"wp:featuredmedia":[{"embeddable":true,"href":"https:\/\/imgist.ru\/fr\/wp-json\/wp\/v2\/media\/4232"}],"wp:attachment":[{"href":"https:\/\/imgist.ru\/fr\/wp-json\/wp\/v2\/media?parent=4231"}],"wp:term":[{"taxonomy":"category","embeddable":true,"href":"https:\/\/imgist.ru\/fr\/wp-json\/wp\/v2\/categories?post=4231"},{"taxonomy":"post_tag","embeddable":true,"href":"https:\/\/imgist.ru\/fr\/wp-json\/wp\/v2\/tags?post=4231"}],"curies":[{"name":"wp","href":"https:\/\/api.w.org\/{rel}","templated":true}]}}