{"id":4389,"date":"2026-06-01T07:03:27","date_gmt":"2026-06-01T04:03:27","guid":{"rendered":"https:\/\/imgist.ru\/ronald-lapred-basist-i-soosnovatel-gruppy-commodores-skonchalsya-v-vozraste-75-let\/"},"modified":"2026-08-29T11:41:24","modified_gmt":"2026-08-29T08:41:24","slug":"ronald-lapred-basset-cofondateur-du-groupe-comodores-est-decede-a-lage-de-75-ans","status":"publish","type":"post","link":"https:\/\/imgist.ru\/fr\/ronald-lapred-basist-i-soosnovatel-gruppy-commodores-skonchalsya-v-vozraste-75-let\/","title":{"rendered":"Ronald Lapred, bassiste et cofondateur des Commodores, est d\u00e9c\u00e9d\u00e9 \u00e0 l&#039;\u00e2ge de 75 ans."},"content":{"rendered":"<h3>Dispositions de base<\/h3>\n<ul>\n<li>\n<p> Ronald Lapred, ancien bassiste et cofondateur du groupe embl\u00e9matique de soul-funk The Commodores, est d\u00e9c\u00e9d\u00e9 \u00e0 l&#039;\u00e2ge de 75 ans.<\/p>\n<\/li>\n<li>\n<p> La fille de Lapreda, Soraya, a confirm\u00e9 son d\u00e9c\u00e8s sur les r\u00e9seaux sociaux, \u00e9crivant : \u00ab Je suis d\u00e9vast\u00e9e. Une partie de moi a quitt\u00e9 ce monde. \u00bb.<\/p>\n<\/li>\n<li>\n<p> Les cofondateurs des Commodores se sont rencontr\u00e9s \u00e0 l&#039;Institut Tuskegee en Alabama et ont par la suite remport\u00e9 des Grammy Awards.<\/p>\n<\/li>\n<\/ul>\n<p> Ronald Lapred, membre fondateur du groupe mythique de soul-funk The Commodores et bassiste sur nombre de leurs plus grands succ\u00e8s, est d\u00e9c\u00e9d\u00e9. Il avait 75 ans.<\/p>\n<p> La fille de Lapred, la musicienne de Los Angeles Soraya Lapred, a confirm\u00e9 le d\u00e9c\u00e8s de son p\u00e8re dans une publication d\u00e9sormais supprim\u00e9e de sa story Instagram samedi, \u00e9crivant : \u00ab C&#039;est le c\u0153ur lourd que je dois annoncer le d\u00e9c\u00e8s de mon p\u00e8re, Ronald Lapred. \u00bb.<\/p>\n<p> La cause et la date exacte du d\u00e9c\u00e8s de ce pionnier de la musique soul, laur\u00e9at d&#039;un Grammy Award, restent inconnues. Lapred avait longtemps v\u00e9cu en Nouvelle-Z\u00e9lande, o\u00f9 il s&#039;\u00e9tait install\u00e9 apr\u00e8s avoir quitt\u00e9 le groupe Commodores. Il est d\u00e9c\u00e9d\u00e9 \u00e0 Auckland, et sa disparition a profond\u00e9ment choqu\u00e9 ses amis, y compris l&#039;animateur de l&#039;\u00e9mission. <em>Newstalk ZB<\/em> et son ami proche Tim Roxborough, qui a fait remarquer : \u00ab Il avait toujours l&#039;air si beau et en si bonne sant\u00e9 \u00bb, a-t-elle d\u00e9clar\u00e9 samedi. <em>Journal New Zealand Herald<\/em> . <\/p>\n<p> Soraya Lapred sur Instagram en 2026. Photo : Soraya Lapred\/Instagram<\/p>\n<p> Dans un message publi\u00e9 dimanche, Soraya Lapred a rendu hommage \u00e0 son p\u00e8re avec un message touchant.<\/p>\n<p> \u00ab Nous formions le meilleur duo p\u00e8re-fille. Si vous me connaissez, vous connaissez mon p\u00e8re. Je suis an\u00e9antie. Une partie de moi s&#039;est envol\u00e9e. Je n&#039;ai jamais ressenti une telle douleur \u00bb, a-t-elle \u00e9crit. \u00ab Cette perte est indescriptible car il m&#039;aimait d&#039;un amour inconditionnel et profond. Priez pour mon p\u00e8re au ciel\u2026 Suivez son exemple et soyez bienveillants les uns envers les autres. \u00bb.<\/p>\n<p> La section des commentaires sous la derni\u00e8re publication de Ronald Lapreda sur la plateforme \u2014 une vid\u00e9o dans laquelle il \u00e9voque la prestation de Bob Marley en premi\u00e8re partie des Commodores au Madison Square Garden, publi\u00e9e deux jours seulement avant l&#039;annonce de sa mort \u2014 est rapidement devenue un forum o\u00f9 les fans pouvaient exprimer leur chagrin.<\/p>\n<p> \u00ab Merci pour tout monsieur\u2026 toutes mes applaudissements \u00bb, a \u00e9crit un fan, tandis qu\u2019un autre a ajout\u00e9 : \u00ab Rejoignez-nous et reposez en paix, Ron. \u00bb.<\/p>\n<p> <strong><em>Recevez chaque jour votre dose d&#039;actualit\u00e9s du divertissement, de mises \u00e0 jour sur les c\u00e9l\u00e9brit\u00e9s et de recommandations de programmes gr\u00e2ce \u00e0 notre<\/em><\/strong> <strong><em>Bulletins d&#039;information EW Dispatch<\/em><\/strong> <strong><em>.<\/em><\/strong> <\/p>\n<p> Lionel Richie, Thomas McClary, Walter Orange et Ronald La Preade des Commodores en concert en 1979. Photo\u00a0: Mike Prior\/Redferns<\/p>\n<p> LaPred est n\u00e9 \u00e0 Tuskegee, en Alabama, le 4 septembre 1950. C&#039;est dans cette ville, connue pour son universit\u00e9 historiquement noire de Tuskegee et sa riche histoire en mati\u00e8re de droits civiques, que LaPred a rencontr\u00e9 les futurs membres des Commodores.<\/p>\n<p> Les six membres fondateurs se sont rencontr\u00e9s \u00e0 l&#039;universit\u00e9, alors appel\u00e9e Tuskegee Institute, et jouaient dans deux groupes distincts\u00a0: les Mystics et les Jays. Ces groupes se produisaient dans les m\u00eames salles locales et lors d&#039;\u00e9v\u00e9nements sur le campus avant de fusionner pour former un supergroupe qui allait r\u00e9volutionner l&#039;histoire de la musique moderne. La formation originale comprenait Lapreda \u00e0 la basse, Lionel Richie au saxophone, Walter \u00ab\u00a0Clyde\u00a0\u00bb Orange \u00e0 la batterie, Thomas McClary \u00e0 la guitare, Milan Williams aux claviers et William King \u00e0 la trompette.<\/p>\n<p> Les jeunes passionn\u00e9s de jazz ont commenc\u00e9 \u00e0 se produire dans de petites salles de New York et de ses environs avant d&#039;\u00eatre rep\u00e9r\u00e9s par Suzanne de Passe, directrice de MoTown, qui les a invit\u00e9s \u00e0 faire la premi\u00e8re partie des Jackson 5. Sous la direction de LaPreda, qui s&#039;est termin\u00e9e en 1986, les Commodores ont sorti 12 albums studio, remport\u00e9 neuf Grammy Awards et encha\u00een\u00e9 les succ\u00e8s, notamment avec \u00ab Easy \u00bb, \u00ab Three Times a Lady \u00bb, \u00ab Nightshift \u00bb, \u00ab Brick House \u00bb et \u00ab Lady (You Bring Me Up) \u00bb.<\/p>\n<p> Ritchie avait quitt\u00e9 le groupe plus t\u00f4t pour poursuivre une carri\u00e8re solo, mais les Commodores se sont r\u00e9unis \u00e0 plusieurs reprises au cours des d\u00e9cennies suivantes, la derni\u00e8re prestation de Ritchie avec ses anciens camarades ayant eu lieu au Essence Music Festival en 2009.<\/p>\n<p> Lapred a v\u00e9cu avec sa femme Farideh \u00e0 Auckland pendant 40 ans, participant activement \u00e0 la sc\u00e8ne musicale locale, o\u00f9 il s&#039;est \u00e9galement distingu\u00e9 comme bassiste.<\/p>\n<p> Lisez l&#039;article original sur Entertainment Weekly.<\/p>","protected":false},"excerpt":{"rendered":"<p>Ronald Lapred, ancien bassiste et cofondateur du groupe embl\u00e9matique de soul-funk The Commodores, est d\u00e9c\u00e9d\u00e9 \u00e0 l&#039;\u00e2ge de 75 ans. Sa fille, Soraya, a confirm\u00e9 son d\u00e9c\u00e8s sur les r\u00e9seaux sociaux.<\/p>","protected":false},"author":1,"featured_media":4390,"comment_status":"open","ping_status":"closed","sticky":false,"template":"","format":"standard","meta":{"footnotes":""},"categories":[7],"tags":[],"class_list":["post-4389","post","type-post","status-publish","format-standard","has-post-thumbnail","hentry","category-muzyka","hvn-theme-has-thumbnail"],"_links":{"self":[{"href":"https:\/\/imgist.ru\/fr\/wp-json\/wp\/v2\/posts\/4389","targetHints":{"allow":["GET"]}}],"collection":[{"href":"https:\/\/imgist.ru\/fr\/wp-json\/wp\/v2\/posts"}],"about":[{"href":"https:\/\/imgist.ru\/fr\/wp-json\/wp\/v2\/types\/post"}],"author":[{"embeddable":true,"href":"https:\/\/imgist.ru\/fr\/wp-json\/wp\/v2\/users\/1"}],"replies":[{"embeddable":true,"href":"https:\/\/imgist.ru\/fr\/wp-json\/wp\/v2\/comments?post=4389"}],"version-history":[{"count":2,"href":"https:\/\/imgist.ru\/fr\/wp-json\/wp\/v2\/posts\/4389\/revisions"}],"predecessor-version":[{"id":148229,"href":"https:\/\/imgist.ru\/fr\/wp-json\/wp\/v2\/posts\/4389\/revisions\/148229"}],"wp:featuredmedia":[{"embeddable":true,"href":"https:\/\/imgist.ru\/fr\/wp-json\/wp\/v2\/media\/4390"}],"wp:attachment":[{"href":"https:\/\/imgist.ru\/fr\/wp-json\/wp\/v2\/media?parent=4389"}],"wp:term":[{"taxonomy":"category","embeddable":true,"href":"https:\/\/imgist.ru\/fr\/wp-json\/wp\/v2\/categories?post=4389"},{"taxonomy":"post_tag","embeddable":true,"href":"https:\/\/imgist.ru\/fr\/wp-json\/wp\/v2\/tags?post=4389"}],"curies":[{"name":"wp","href":"https:\/\/api.w.org\/{rel}","templated":true}]}}