{"id":4640,"date":"2026-06-01T11:18:59","date_gmt":"2026-06-01T08:18:59","guid":{"rendered":"https:\/\/imgist.ru\/dzho-rogan-hvalit-trampa-za-dikie-postupki-takie-kak-boi-ufc-v-belom-dome\/"},"modified":"2026-06-01T11:18:59","modified_gmt":"2026-06-01T08:18:59","slug":"joe-rogan-fait-leloge-de-trump-pour-son-comportement-excentrique-comme-le-combat-de-lufc-a-la-maison-blanche","status":"publish","type":"post","link":"https:\/\/imgist.ru\/fr\/dzho-rogan-hvalit-trampa-za-dikie-postupki-takie-kak-boi-ufc-v-belom-dome\/","title":{"rendered":"Joe Rogan fait l&#039;\u00e9loge de Trump pour des actions \" extravagantes \" comme l&#039;organisation de combats de l&#039;UFC \u00e0 la Maison Blanche."},"content":{"rendered":"<p>Avant le combat UFC de Donald Trump \u00e0 la Maison Blanche, Joe Rogan a salu\u00e9 une qualit\u00e9 de ce dernier\u00a0: sa d\u00e9termination \u00e0 obtenir des r\u00e9sultats, qualit\u00e9s qu&#039;il s&#039;appr\u00eate lui-m\u00eame \u00e0 mettre \u00e0 l&#039;\u00e9preuve dans l&#039;octogone le jour de son anniversaire. Au-del\u00e0 de ces \u00e9loges, Rogan a \u00e9galement exprim\u00e9 son inqui\u00e9tude quant \u00e0 la s\u00e9curit\u00e9 et estime que les combats de championnat devraient se d\u00e9rouler dans des conditions contr\u00f4l\u00e9es.<\/p>\n<h2> Joe Rogan f\u00e9licite Donald Trump pour son combat \u00e0 l&#039;UFC.<\/h2>\n<p> Dans un r\u00e9cent \u00e9pisode du podcast \u00ab The Joe Rogan Experience \u00bb, le commentateur de l&#039;UFC a partag\u00e9 son point de vue sur les combats organis\u00e9s \u00e0 la Maison Blanche en l&#039;honneur de l&#039;anniversaire de Trump et du 250e anniversaire des \u00c9tats-Unis. Il a d&#039;abord exprim\u00e9 des inqui\u00e9tudes quant \u00e0 la s\u00e9curit\u00e9 des lieux, avant de donner son avis sur le lieu id\u00e9al pour des combats de championnat.<\/p>\n<p> Il a d\u00e9clar\u00e9 : \u00ab Il y a un combat de l&#039;UFC sur la pelouse de la Maison Blanche. \u00c7a a l&#039;air d&#039;un endroit agr\u00e9able et s\u00fbr, non ? Tout le monde saura o\u00f9 se trouveront les dirigeants du monde. On sera tous assis l\u00e0 pendant six heures \u00e0 commenter les combats. Super s\u00fbr. Je me sens parfaitement en s\u00e9curit\u00e9. \u00bb Il a admis ne pas appr\u00e9cier l&#039;id\u00e9e de combats en ext\u00e9rieur. Il estime que les combats devraient se d\u00e9rouler dans un environnement contr\u00f4l\u00e9, en tenant compte de la vie professionnelle des athl\u00e8tes et de l&#039;impact que des drames inutiles peuvent avoir sur eux. L&#039;animateur du podcast a \u00e9galement soulign\u00e9 la difficult\u00e9 de combattre pour des titres mondiaux.<\/p>\n<p> Rogan a mis de c\u00f4t\u00e9 ses diff\u00e9rends et s&#039;est concentr\u00e9 sur les aspects positifs de l&#039;\u00e9v\u00e9nement, faisant l&#039;\u00e9loge du pr\u00e9sident. \u00ab Je dois dire que \u00e7a va \u00eatre un spectacle \u00bb, a-t-il ajout\u00e9. \u00ab Que je sois l\u00e0 ou non, je regarderai 100%. Je trouve \u00e7a g\u00e9nial que Trump, c&#039;est une des choses que j&#039;appr\u00e9cie chez lui, qu&#039;il se dise : &quot;Tant pis ! On y va !&quot; Il organise des combats en cage sur la pelouse de la Maison Blanche. C&#039;est dingue ! \u201e, a-t-il ajout\u00e9. Il a \u00e9galement d\u00e9clar\u00e9 appr\u00e9cier les \u201c excentricit\u00e9s \u00bb de Trump, mais a condamn\u00e9 la guerre contre l&#039;Iran.<\/p>\n<p> L&#039;article \u00ab Joe Rogan fait l&#039;\u00e9loge de Trump pour ses initiatives &quot;extravagantes&quot; comme l&#039;organisation de combats de l&#039;UFC \u00e0 la Maison Blanche \u00ab est paru initialement sur Reality Tea.<\/p>","protected":false},"excerpt":{"rendered":"<p>Avant le combat de Donald Trump \u00e0 l&#039;UFC \u00e0 la Maison Blanche, Joe Rogan a fait l&#039;\u00e9loge d&#039;une qualit\u00e9\u00a0: sa d\u00e9termination \u00e0 obtenir des r\u00e9sultats, semblable \u00e0 celle de\u2026<\/p>","protected":false},"author":1,"featured_media":4641,"comment_status":"open","ping_status":"closed","sticky":false,"template":"","format":"standard","meta":{"footnotes":""},"categories":[5],"tags":[],"class_list":["post-4640","post","type-post","status-publish","format-standard","has-post-thumbnail","hentry","category-selebriti","hvn-theme-has-thumbnail"],"_links":{"self":[{"href":"https:\/\/imgist.ru\/fr\/wp-json\/wp\/v2\/posts\/4640","targetHints":{"allow":["GET"]}}],"collection":[{"href":"https:\/\/imgist.ru\/fr\/wp-json\/wp\/v2\/posts"}],"about":[{"href":"https:\/\/imgist.ru\/fr\/wp-json\/wp\/v2\/types\/post"}],"author":[{"embeddable":true,"href":"https:\/\/imgist.ru\/fr\/wp-json\/wp\/v2\/users\/1"}],"replies":[{"embeddable":true,"href":"https:\/\/imgist.ru\/fr\/wp-json\/wp\/v2\/comments?post=4640"}],"version-history":[{"count":0,"href":"https:\/\/imgist.ru\/fr\/wp-json\/wp\/v2\/posts\/4640\/revisions"}],"wp:featuredmedia":[{"embeddable":true,"href":"https:\/\/imgist.ru\/fr\/wp-json\/wp\/v2\/media\/4641"}],"wp:attachment":[{"href":"https:\/\/imgist.ru\/fr\/wp-json\/wp\/v2\/media?parent=4640"}],"wp:term":[{"taxonomy":"category","embeddable":true,"href":"https:\/\/imgist.ru\/fr\/wp-json\/wp\/v2\/categories?post=4640"},{"taxonomy":"post_tag","embeddable":true,"href":"https:\/\/imgist.ru\/fr\/wp-json\/wp\/v2\/tags?post=4640"}],"curies":[{"name":"wp","href":"https:\/\/api.w.org\/{rel}","templated":true}]}}