{"id":4797,"date":"2026-06-01T14:19:58","date_gmt":"2026-06-01T11:19:58","guid":{"rendered":"https:\/\/imgist.ru\/plate-kamily-mendes-ot-roberto-cavalli-effektno-soskolznulo-na-premere\/"},"modified":"2026-06-01T14:19:58","modified_gmt":"2026-06-01T11:19:58","slug":"lassiette-de-camila-mendes-signee-roberto-cavalli-a-glisse-de-facon-inattendue-lors-de-la-premiere","status":"publish","type":"post","link":"https:\/\/imgist.ru\/fr\/plate-kamily-mendes-ot-roberto-cavalli-effektno-soskolznulo-na-premere\/","title":{"rendered":"La robe Roberto Cavalli de Camila Mendes a gliss\u00e9 de fa\u00e7on spectaculaire lors de la premi\u00e8re."},"content":{"rendered":"<p>Les robes classiques de Roberto Cavalli ont ce petit quelque chose d&#039;intemporel, et Camila Mendes l&#039;a une fois de plus prouv\u00e9 avec sa derni\u00e8re apparition. Lors de l&#039;avant-premi\u00e8re berlinoise de Masters of the Universe, l&#039;actrice a foul\u00e9 le tapis rouge dans une robe \u00e0 imprim\u00e9 l\u00e9opard des plus saisissantes.<\/p>\n<p> Cette robe somptueuse de la collection Roberto Cavalli Pr\u00e9-Automne 2010 \u00e9tait \u00e0 la fois glamour et r\u00e9solument th\u00e9\u00e2trale. Mais le d\u00e9tail le plus frappant r\u00e9sidait dans la fa\u00e7on dont elle semblait glisser sans effort d&#039;une \u00e9paule, apportant une touche unique \u00e0 cette pi\u00e8ce d&#039;archive.<\/p>\n<h2> La robe Roberto Cavalli de Camila Mendes a gliss\u00e9 d&#039;une \u00e9paule lors d&#039;une avant-premi\u00e8re \u00e0 Berlin.<\/h2>\n<p> La robe vintage de Camila Mendes, confectionn\u00e9e dans l&#039;imprim\u00e9 animal embl\u00e9matique de Roberto Cavalli, pr\u00e9sentait un d\u00e9collet\u00e9 asym\u00e9trique qui apportait une touche d&#039;audace \u00e0 sa tenue. La robe de Mendes \u00e9tait \u00e9galement dot\u00e9e d&#039;un corsage sculpt\u00e9, de baleines apparentes et d&#039;une silhouette moulante se prolongeant en une longue tra\u00eene. M\u00eame le drap\u00e9 sur les \u00e9paules cr\u00e9ait l&#039;illusion d&#039;une cascade spectaculaire.<\/p>\n<p> En r\u00e9alit\u00e9, ces \u00e9l\u00e9ments stylistiques ont apport\u00e9 une touche de dynamisme. De plus, le c\u00f4t\u00e9 dramatique du vieil Hollywood \u00e9tait sublim\u00e9 par l&#039;imprim\u00e9 l\u00e9opard, d\u00e9j\u00e0 saisissant, de la tenue moderne et captivante de Mendes. Ce look \u00e9tait \u00e9galement particuli\u00e8rement adapt\u00e9 \u00e0 la tourn\u00e9e promotionnelle du film. Mendes, qui incarne Tila dans cette \u00e9pop\u00e9e fantastique, a privil\u00e9gi\u00e9 une mode inspir\u00e9e de son personnage tout au long de la campagne, et la tenue Cavalli \u00e0 imprim\u00e9 animal a imm\u00e9diatement suscit\u00e9 des comparaisons avec l&#039;\u00e9nergie f\u00e9line de la franchise.<\/p>\n<p> Dans \u00ab Dangerous Lies \u00bb, l&#039;actrice portait une tenue cr\u00e9\u00e9e par la talentueuse styliste Molly Dixon. Des bijoux en argent superpos\u00e9s, \u00e0 la fois \u00e9l\u00e9gants et discrets, mettaient en valeur la robe vintage. Le choix judicieux des accessoires apportait une touche chic et audacieuse \u00e0 l&#039;ensemble, le rendant encore plus sophistiqu\u00e9. Son maquillage sublimait le glamour vintage. Ses cheveux bruns \u00e9taient coiff\u00e9s en arri\u00e8re avec une raie sur le c\u00f4t\u00e9, d\u00e9voilant ainsi le d\u00e9collet\u00e9 plongeant de la robe. L&#039;ensemble lui allait \u00e0 merveille.<\/p>\n<p> L&#039;article \u00ab La robe Roberto Cavalli de Camila Mendes glisse de fa\u00e7on spectaculaire lors de la premi\u00e8re \u00bb est paru initialement sur theFashionSpot.<\/p>","protected":false},"excerpt":{"rendered":"<p>Les cr\u00e9ations classiques de Roberto Cavalli ont ce petit quelque chose d&#039;intemporel, et Camila Mendes l&#039;a prouv\u00e9 une fois de plus avec son dernier look.<\/p>","protected":false},"author":1,"featured_media":4798,"comment_status":"open","ping_status":"closed","sticky":false,"template":"","format":"standard","meta":{"footnotes":""},"categories":[5],"tags":[],"class_list":["post-4797","post","type-post","status-publish","format-standard","has-post-thumbnail","hentry","category-selebriti","hvn-theme-has-thumbnail"],"_links":{"self":[{"href":"https:\/\/imgist.ru\/fr\/wp-json\/wp\/v2\/posts\/4797","targetHints":{"allow":["GET"]}}],"collection":[{"href":"https:\/\/imgist.ru\/fr\/wp-json\/wp\/v2\/posts"}],"about":[{"href":"https:\/\/imgist.ru\/fr\/wp-json\/wp\/v2\/types\/post"}],"author":[{"embeddable":true,"href":"https:\/\/imgist.ru\/fr\/wp-json\/wp\/v2\/users\/1"}],"replies":[{"embeddable":true,"href":"https:\/\/imgist.ru\/fr\/wp-json\/wp\/v2\/comments?post=4797"}],"version-history":[{"count":0,"href":"https:\/\/imgist.ru\/fr\/wp-json\/wp\/v2\/posts\/4797\/revisions"}],"wp:featuredmedia":[{"embeddable":true,"href":"https:\/\/imgist.ru\/fr\/wp-json\/wp\/v2\/media\/4798"}],"wp:attachment":[{"href":"https:\/\/imgist.ru\/fr\/wp-json\/wp\/v2\/media?parent=4797"}],"wp:term":[{"taxonomy":"category","embeddable":true,"href":"https:\/\/imgist.ru\/fr\/wp-json\/wp\/v2\/categories?post=4797"},{"taxonomy":"post_tag","embeddable":true,"href":"https:\/\/imgist.ru\/fr\/wp-json\/wp\/v2\/tags?post=4797"}],"curies":[{"name":"wp","href":"https:\/\/api.w.org\/{rel}","templated":true}]}}