{"id":4895,"date":"2026-06-01T15:20:42","date_gmt":"2026-06-01T12:20:42","guid":{"rendered":"https:\/\/imgist.ru\/dzhennifer-lopes-prishla-na-mezhdunarodnyj-latinoamerikanskij-kinofestival-v-los-andzhelese-v-naryade-ot-bronx-banco\/"},"modified":"2026-08-29T11:42:27","modified_gmt":"2026-08-29T08:42:27","slug":"jennifer-lopez-a-assiste-au-festival-international-du-film-latino-americain-de-los-angeles-deguisee-en-bronx-banco","status":"publish","type":"post","link":"https:\/\/imgist.ru\/fr\/dzhennifer-lopes-prishla-na-mezhdunarodnyj-latinoamerikanskij-kinofestival-v-los-andzhelese-v-naryade-ot-bronx-banco\/","title":{"rendered":"Jennifer Lopez a assist\u00e9 au Festival international du film latino de Los Angeles v\u00eatue d&#039;une tenue Bronx &amp; Banco."},"content":{"rendered":"<p>Jennifer Lopez a assist\u00e9 \u00e0 la c\u00e9r\u00e9monie d&#039;ouverture du 25e Festival international du film latino de Los Angeles, pour promouvoir son prochain film. <em>la com\u00e9die romantique &quot;Office Romance&quot;\u00ab<\/em> . <\/p>\n<p> Brianna Bryson\/FilmMagic<\/p>\n<p> L&#039;actrice portait une robe verte Bronx &amp; Banco orn\u00e9e de boutons de manchette dor\u00e9s et accessoiris\u00e9e d&#039;un blouson aviateur \u00e0 plumes, qui ajoutait texture et dimension \u00e0 l&#039;ensemble.<\/p>\n<p> Ce que j&#039;ai ador\u00e9 dans son r\u00e9cent look \u00e0 l&#039;avant-premi\u00e8re de Los Angeles, c&#039;est qu&#039;il \u00e9tait l\u00e9g\u00e8rement diff\u00e9rent tout en s&#039;int\u00e9grant parfaitement au style glamour habituel de Jennifer Lopez. Cependant, il a suscit\u00e9 une impression de d\u00e9j\u00e0-vu, ce qui n&#039;a pas vraiment aid\u00e9.<\/p>\n<p> Des plumes ? Jennifer en porte souvent. Des robes d\u00e9coup\u00e9es ? Fr\u00e9quemment. Des fentes jusqu&#039;aux cuisses ? C&#039;est aussi un incontournable. Mais ce n&#039;est pas une question d&#039;habitude. Le probl\u00e8me, c&#039;est la r\u00e9alisation. Le tissu froiss\u00e9, les finitions et la coupe g\u00e9n\u00e9rale de la robe manquaient de la sophistication que j&#039;attendrais d&#039;une femme de son rang. Le vert olive lui va bien, et les ornements sont cens\u00e9s ajouter de l&#039;\u00e9l\u00e9gance, mais le tissu fait bon march\u00e9 \u00e0 l&#039;\u00e9cran, ce qui donne une impression g\u00e9n\u00e9rale peu convaincante.<\/p>\n<p> <em>Stylistes : Rob Zangardi et Mariel Henn.<\/em><\/p>","protected":false},"excerpt":{"rendered":"<p>Jennifer Lopez a assist\u00e9 \u00e0 la c\u00e9r\u00e9monie d&#039;ouverture du 25e Festival international du film latino de Los Angeles, pour promouvoir sa prochaine com\u00e9die romantique \u00ab\u00a0Office Romance\u00a0\u00bb. Brianna Bryson\/FilmMagic. L&#039;actrice portait une robe verte\u2026<\/p>","protected":false},"author":1,"featured_media":4896,"comment_status":"open","ping_status":"closed","sticky":false,"template":"","format":"standard","meta":{"footnotes":""},"categories":[5],"tags":[],"class_list":["post-4895","post","type-post","status-publish","format-standard","has-post-thumbnail","hentry","category-selebriti","hvn-theme-has-thumbnail"],"_links":{"self":[{"href":"https:\/\/imgist.ru\/fr\/wp-json\/wp\/v2\/posts\/4895","targetHints":{"allow":["GET"]}}],"collection":[{"href":"https:\/\/imgist.ru\/fr\/wp-json\/wp\/v2\/posts"}],"about":[{"href":"https:\/\/imgist.ru\/fr\/wp-json\/wp\/v2\/types\/post"}],"author":[{"embeddable":true,"href":"https:\/\/imgist.ru\/fr\/wp-json\/wp\/v2\/users\/1"}],"replies":[{"embeddable":true,"href":"https:\/\/imgist.ru\/fr\/wp-json\/wp\/v2\/comments?post=4895"}],"version-history":[{"count":1,"href":"https:\/\/imgist.ru\/fr\/wp-json\/wp\/v2\/posts\/4895\/revisions"}],"predecessor-version":[{"id":148572,"href":"https:\/\/imgist.ru\/fr\/wp-json\/wp\/v2\/posts\/4895\/revisions\/148572"}],"wp:featuredmedia":[{"embeddable":true,"href":"https:\/\/imgist.ru\/fr\/wp-json\/wp\/v2\/media\/4896"}],"wp:attachment":[{"href":"https:\/\/imgist.ru\/fr\/wp-json\/wp\/v2\/media?parent=4895"}],"wp:term":[{"taxonomy":"category","embeddable":true,"href":"https:\/\/imgist.ru\/fr\/wp-json\/wp\/v2\/categories?post=4895"},{"taxonomy":"post_tag","embeddable":true,"href":"https:\/\/imgist.ru\/fr\/wp-json\/wp\/v2\/tags?post=4895"}],"curies":[{"name":"wp","href":"https:\/\/api.w.org\/{rel}","templated":true}]}}