{"id":5106,"date":"2026-06-01T17:20:29","date_gmt":"2026-06-01T14:20:29","guid":{"rendered":"https:\/\/imgist.ru\/princz-garri-opasaetsya-chto-ego-zatmyat-troe-detej-princza-uilyama-vsegda-bespokoilsya\/"},"modified":"2026-08-29T11:43:00","modified_gmt":"2026-08-29T08:43:00","slug":"le-prince-harry-craint-detre-eclipse-par-ses-trois-enfants-le-prince-harry-est-toujours-inquiet","status":"publish","type":"post","link":"https:\/\/imgist.ru\/fr\/princz-garri-opasaetsya-chto-ego-zatmyat-troe-detej-princza-uilyama-vsegda-bespokoilsya\/","title":{"rendered":"Le prince Harry craint d&#039;\u00eatre \u00ab\u00e9clips\u00e9\u00bb par les trois enfants du prince William : \u00abToujours inquiet.\u00bb."},"content":{"rendered":"<p>Le prince Harry craignait que les trois enfants de son fr\u00e8re, le prince William, ne lui fassent de l&#039;ombre, affirme un biographe royal.<\/p>\n<p> Les trois enfants du prince et de la princesse de Galles \u2014 le prince George, \u00e2g\u00e9 de 12 ans, la princesse Charlotte, \u00e2g\u00e9e de 11 ans, et le prince Louis, \u00e2g\u00e9 de 8 ans \u2014 ont grandi sous les feux des projecteurs, \u00e0 l&#039;instar de leur oncle. Mais ces derniers mois, George a \u00e9t\u00e9 au centre de l&#039;attention, puisqu&#039;il s&#039;appr\u00eate \u00e0 faire sa rentr\u00e9e scolaire en septembre dans un \u00e9tablissement secondaire dont le nom n&#039;a pas \u00e9t\u00e9 divulgu\u00e9.<\/p>\n<p> Alors que les sp\u00e9culations vont bon train quant \u00e0 l&#039;avenir scolaire du jeune prince, le biographe royal Andrew Morton affirme que le duc de Sussex s&#039;inqui\u00e8te depuis longtemps de l&#039;\u00e9ventualit\u00e9 que ses neveux et ni\u00e8ces lui fassent de l&#039;ombre. \u00ab\u00a0La crainte qui a toujours tourment\u00e9 le prince Harry \u2013 celle d&#039;\u00eatre \u00e9clips\u00e9 par les enfants de son fr\u00e8re \u2013 est en train de se r\u00e9aliser\u00a0\u00bb, a-t-il confi\u00e9 \u00e0 Palace Confidential du Daily Mail.<\/p>\n<p> Le biographe a \u00e9galement exprim\u00e9 son opinion sur l&#039;\u00e9cole d&#039;Oundle, dans le Northamptonshire, comme lieu possible pour la poursuite des \u00e9tudes de la jeune princesse. <\/p>\n<p> Le prince et les princes de Galles avec leurs trois enfants\u00a0: Louis, Charlotte et George (Samir Hussain\/WireImage)<\/p>\n<h3> Vous aimerez peut-\u00eatre aussi<\/h3>\n<ol>\n<li>\n<h3> Le prince William a accidentellement laiss\u00e9 \u00e9chapper en direct \u00e0 la t\u00e9l\u00e9vision un important reportage scolaire du prince George.<\/h3>\n<\/li>\n<li>\n<h3> Le prince William et la princesse Kate auraient r\u00e9serv\u00e9 plusieurs places dans diff\u00e9rentes \u00e9coles pour le prince George.<\/h3>\n<\/li>\n<\/ol>\n<h2> \u00c9cole George<\/h2>\n<p> Le prince William a r\u00e9cemment annonc\u00e9 que son fils a\u00een\u00e9 fr\u00e9quente actuellement le pensionnat de Lambrook, dans le Berkshire, o\u00f9 il termine sa derni\u00e8re ann\u00e9e avant de poursuivre ses \u00e9tudes dans un \u00e9tablissement secondaire dont le nom n&#039;a pas \u00e9t\u00e9 divulgu\u00e9. George est scolaris\u00e9 dans cette \u00e9cole pr\u00e9paratoire mixte avec ses deux fr\u00e8res et s\u0153urs, qui ont encore plusieurs ann\u00e9es de scolarit\u00e9 devant eux.<\/p>\n<p> On sp\u00e9culait beaucoup sur la question de savoir si le jeune prince irait \u00e0 Eton College, comme son p\u00e8re, qui \u00e9tait consid\u00e9r\u00e9 comme un candidat s\u00e9rieux, ou \u00e0 Marlborough College dans le Wiltshire, l&#039;alma mater de la princesse de Galles. <\/p>\n<p> Le prince George entrera bient\u00f4t au coll\u00e8ge (Getty Images)<\/p>\n<h2> Une d\u00e9cision importante approche.<\/h2>\n<p> Bien que l&#039;\u00e9tablissement secondaire pr\u00e9cis que fr\u00e9quentera George n&#039;ait pas encore \u00e9t\u00e9 confirm\u00e9, Melanie Sanderson, r\u00e9dactrice en chef du Good Schools Guide, a d\u00e9clar\u00e9 au podcast A Right Royal de HELLO! que Welsh pourrait \u00ab occuper plusieurs places dans diff\u00e9rents \u00e9tablissements \u00bb.<\/p>\n<p> Interrog\u00e9 sur la n\u00e9cessit\u00e9 pour les parents d&#039;accepter rapidement une place dans une \u00e9cole priv\u00e9e et sur les \u00e9ventuelles diff\u00e9rences de proc\u00e9dure pour les r\u00e9sidents gallois, Meaney a r\u00e9pondu\u00a0: \u00ab\u00a0Eh bien, les gens ordinaires doivent dire \u00aboui\u00bb assez rapidement pour que leurs enfants soient accept\u00e9s. Ceux qui se sont vu proposer une place devront confirmer leur inscription aupr\u00e8s de l&#039;\u00e9tablissement secondaire dans les prochaines semaines.\u00a0\u00bb.<\/p>\n<p> Bien qu&#039;il ne reste plus beaucoup de temps pour prendre une d\u00e9cision concernant l&#039;admission \u00e0 l&#039;\u00e9cole, M\u00e9lanie a d\u00e9clar\u00e9 qu&#039;elle soup\u00e7onnait que \u00ab les r\u00e8gles normales ne s&#039;appliquent peut-\u00eatre pas aux membres de la famille royale \u00bb.<\/p>\n<p> \u00ab Je pense que la famille galloise a peut-\u00eatre r\u00e9serv\u00e9 plusieurs places dans diff\u00e9rentes \u00e9coles. Il est probable que si elle avait pris une d\u00e9cision d\u00e9finitive, quelqu&#039;un l&#039;aurait su et l&#039;information se serait r\u00e9pandue \u00bb, a-t-elle expliqu\u00e9.<\/p>","protected":false},"excerpt":{"rendered":"<p>Selon un biographe royal, le prince Harry craignait d&#039;\u00eatre \u00ab\u00a0\u00e9clips\u00e9\u00a0\u00bb par les trois enfants de son fr\u00e8re, le prince William. Les trois enfants du prince et de la princesse de Galles \u2014 le prince Harry, \u00e2g\u00e9 de 12 ans\u2026<\/p>","protected":false},"author":1,"featured_media":5107,"comment_status":"open","ping_status":"closed","sticky":false,"template":"","format":"standard","meta":{"footnotes":""},"categories":[5],"tags":[],"class_list":["post-5106","post","type-post","status-publish","format-standard","has-post-thumbnail","hentry","category-selebriti","hvn-theme-has-thumbnail"],"_links":{"self":[{"href":"https:\/\/imgist.ru\/fr\/wp-json\/wp\/v2\/posts\/5106","targetHints":{"allow":["GET"]}}],"collection":[{"href":"https:\/\/imgist.ru\/fr\/wp-json\/wp\/v2\/posts"}],"about":[{"href":"https:\/\/imgist.ru\/fr\/wp-json\/wp\/v2\/types\/post"}],"author":[{"embeddable":true,"href":"https:\/\/imgist.ru\/fr\/wp-json\/wp\/v2\/users\/1"}],"replies":[{"embeddable":true,"href":"https:\/\/imgist.ru\/fr\/wp-json\/wp\/v2\/comments?post=5106"}],"version-history":[{"count":2,"href":"https:\/\/imgist.ru\/fr\/wp-json\/wp\/v2\/posts\/5106\/revisions"}],"predecessor-version":[{"id":148775,"href":"https:\/\/imgist.ru\/fr\/wp-json\/wp\/v2\/posts\/5106\/revisions\/148775"}],"wp:featuredmedia":[{"embeddable":true,"href":"https:\/\/imgist.ru\/fr\/wp-json\/wp\/v2\/media\/5107"}],"wp:attachment":[{"href":"https:\/\/imgist.ru\/fr\/wp-json\/wp\/v2\/media?parent=5106"}],"wp:term":[{"taxonomy":"category","embeddable":true,"href":"https:\/\/imgist.ru\/fr\/wp-json\/wp\/v2\/categories?post=5106"},{"taxonomy":"post_tag","embeddable":true,"href":"https:\/\/imgist.ru\/fr\/wp-json\/wp\/v2\/tags?post=5106"}],"curies":[{"name":"wp","href":"https:\/\/api.w.org\/{rel}","templated":true}]}}