{"id":5706,"date":"2026-06-01T21:21:30","date_gmt":"2026-06-01T18:21:30","guid":{"rendered":"https:\/\/imgist.ru\/endryu-makkarti-oprovergaet-utverzhdenie-o-tom-chto-on-czelovalsya-s-lajzoj-minnelli-v-80-h-godah\/"},"modified":"2026-08-29T11:51:14","modified_gmt":"2026-08-29T08:51:14","slug":"andrew-mccarthy-dement-avoir-eu-une-relation-amoureuse-avec-lajza-minnelli-dans-les-annees-1980","status":"publish","type":"post","link":"https:\/\/imgist.ru\/fr\/endryu-makkarti-oprovergaet-utverzhdenie-o-tom-chto-on-czelovalsya-s-lajzoj-minnelli-v-80-h-godah\/","title":{"rendered":"Andrew McCarthy d\u00e9ment avoir embrass\u00e9 Liza Minnelli dans les ann\u00e9es 1980."},"content":{"rendered":"<p><strong>Andrew McCarthy<\/strong> il affirme qu&#039;il n&#039;a pas embrass\u00e9 <strong>Liza Minnelli<\/strong> lors d&#039;une soir\u00e9e mondaine dans les ann\u00e9es 1980, malgr\u00e9 les affirmations <strong>Melissa Gilbert<\/strong> \u00e0 propos de cet \u00e9v\u00e9nement.<\/p>\n<p> \u00ab J&#039;aurais ador\u00e9 embrasser Liza Minnelli, mais \u00e7a ne s&#039;est pas fait \u00bb, a d\u00e9clar\u00e9 l&#039;acteur du film \u00ab <em>&quot;Pretty in Pink&quot;\u00bb<\/em> publication <em>Page Six,<\/em> lorsqu&#039;on l&#039;a interrog\u00e9 sur cette rumeur croustillante.<\/p>\n<p> Gilbert a formul\u00e9 cette affirmation, aujourd&#039;hui contest\u00e9e, dans ses m\u00e9moires de 2010. <em>\u00abConte des prairies\u00bb<\/em> , dans lequel elle d\u00e9crivait un d\u00eener somptueux avec son petit ami de l&#039;\u00e9poque <strong>Rob Lowe<\/strong> , son agent <strong>Michael Black<\/strong> et McCarthy.<\/p>\n<p> Elles furent bient\u00f4t rejointes par Minnelli et sa meilleure amie de longue date. <strong>Michael Jackson<\/strong> . Apr\u00e8s le d\u00eener, tout le monde a commenc\u00e9 \u00e0 discuter de l&#039;endroit o\u00f9 aller ensuite, et a finalement d\u00e9cid\u00e9 d&#039;aller \u00e0 <strong>Sammy Davis Jr.<\/strong> . <\/p>\n<p> Liza Minnelli \u00e9tait l&#039;\u00e2me de la f\u00eate ce soir-l\u00e0. Auteur : MEGA<\/p>\n<p> Le lieu suivant \u00e9tait la maison de Black, \u00ab o\u00f9 Andrew et Lisa ont soudainement commenc\u00e9 \u00e0 s&#039;embrasser \u00bb, a \u00e9crit Gilbert, bien qu&#039;il ne soit pas clair si elle s&#039;\u00e9tait tromp\u00e9e dans son souvenir de cette nuit-l\u00e0 ou si c&#039;\u00e9tait McCarthy qui s&#039;\u00e9tait tromp\u00e9.<\/p>\n<p> M\u00eame si McCarthy a affirm\u00e9 ne pas avoir embrass\u00e9 la chanteuse l\u00e9gendaire, il a tout de m\u00eame pass\u00e9 un excellent moment (comment aurait-il pu en \u00eatre autrement ?).<\/p>\n<p> \u00ab C&#039;\u00e9tait une soir\u00e9e incroyable \u00bb, a-t-il d\u00e9clar\u00e9. <em>Page Six<\/em> . \u00bb J&#039;aurais d\u00fb quitter le show-business \u00e0 ce moment-l\u00e0. On ne chantait pas autour du piano ; on buvait surtout beaucoup. Sammy \u00e9tait sobre, mais il jouait le r\u00f4le du barman. \u00bb.<\/p>\n<p> Il a poursuivi\u00a0: \u00ab\u00a0Lisa m\u2019a ramen\u00e9 chez moi parce que j\u2019avais trop bu. Elle a \u00e9t\u00e9 vraiment adorable avec moi. Ils \u00e9taient tous les deux g\u00e9n\u00e9reux et gentils. Je me souviens de Sammy qui disait\u00a0: \u201eJe te surveille, jeune homme, j\u2019aime ce que tu fais\u00a0!\u201c C\u2019\u00e9tait g\u00e9nial, un m\u00e9lange entre le Rat Pack et la Confr\u00e9rie.\u00a0\u201e. <\/p>\n<p> Andrew McCarthy a d\u00e9clar\u00e9 avoir pass\u00e9 un excellent moment. Source : ZUMAPRESS.com \/ MEGA<\/p>\n<p> McCarthy est surtout connu pour ses r\u00f4les dans des films <em>\u00abJolie en rose\u00bb<\/em> (1986), <em>\u00ab&quot;Week-end chez Bernie&quot;\u00bb<\/em> (1989) et <em>\u00abFeu de Saint-Elme\u00bb<\/em> (1987).<\/p>\n<p> R\u00e9cemment, dans une autre interview avec <strong>Rich Eisen<\/strong> Il a parl\u00e9 de cette nuit inoubliable, la qualifiant de \u00ab nuit de sa vie \u00bb et de \u00ab folle, folle \u00bb.<\/p>\n<p> Il se souvint que c&#039;\u00e9tait Minnelli qui avait eu l&#039;id\u00e9e d&#039;aller chez Davis, mais lorsqu&#039;elle avait mentionn\u00e9 aller chez Sammy, McCarthy avait pens\u00e9 qu&#039;il s&#039;agissait simplement d&#039;un lieu pour un \u00e9v\u00e9nement.<\/p>\n<p> En arrivant, il s&#039;est dit : \u00ab Ce n&#039;est pas un club. C&#039;est un vrai club priv\u00e9 et exclusif ! \u00bb<\/p>\n<p> Et puis : \u00ab La porte s&#039;ouvre brusquement et Sammy Davis Jr. est l\u00e0, criant : &quot;Des chats ! Entrez !&quot; \u201e<\/p>\n<p> Il se souvenait \u00e9galement d&#039;avoir \u00e9t\u00e9 tr\u00e8s ivre et d&#039;avoir essay\u00e9 de ne pas vomir sur le chemin du retour avec Minnelli.<\/p>\n<p> \u00ab Apr\u00e8s cela, je n&#039;ai plus jamais revu Lisa \u00bb, a-t-il d\u00e9clar\u00e9.<\/p>","protected":false},"excerpt":{"rendered":"<p>Andrew McCarthy affirme n&#039;avoir pas embrass\u00e9 Liza Minnelli lors d&#039;une soir\u00e9e mondaine dans les ann\u00e9es 1980, contrairement aux dires de Melissa Gilbert. \u00ab Je...<\/p>","protected":false},"author":1,"featured_media":5707,"comment_status":"open","ping_status":"closed","sticky":false,"template":"","format":"standard","meta":{"footnotes":""},"categories":[5],"tags":[],"class_list":["post-5706","post","type-post","status-publish","format-standard","has-post-thumbnail","hentry","category-selebriti","hvn-theme-has-thumbnail"],"_links":{"self":[{"href":"https:\/\/imgist.ru\/fr\/wp-json\/wp\/v2\/posts\/5706","targetHints":{"allow":["GET"]}}],"collection":[{"href":"https:\/\/imgist.ru\/fr\/wp-json\/wp\/v2\/posts"}],"about":[{"href":"https:\/\/imgist.ru\/fr\/wp-json\/wp\/v2\/types\/post"}],"author":[{"embeddable":true,"href":"https:\/\/imgist.ru\/fr\/wp-json\/wp\/v2\/users\/1"}],"replies":[{"embeddable":true,"href":"https:\/\/imgist.ru\/fr\/wp-json\/wp\/v2\/comments?post=5706"}],"version-history":[{"count":2,"href":"https:\/\/imgist.ru\/fr\/wp-json\/wp\/v2\/posts\/5706\/revisions"}],"predecessor-version":[{"id":149687,"href":"https:\/\/imgist.ru\/fr\/wp-json\/wp\/v2\/posts\/5706\/revisions\/149687"}],"wp:featuredmedia":[{"embeddable":true,"href":"https:\/\/imgist.ru\/fr\/wp-json\/wp\/v2\/media\/5707"}],"wp:attachment":[{"href":"https:\/\/imgist.ru\/fr\/wp-json\/wp\/v2\/media?parent=5706"}],"wp:term":[{"taxonomy":"category","embeddable":true,"href":"https:\/\/imgist.ru\/fr\/wp-json\/wp\/v2\/categories?post=5706"},{"taxonomy":"post_tag","embeddable":true,"href":"https:\/\/imgist.ru\/fr\/wp-json\/wp\/v2\/tags?post=5706"}],"curies":[{"name":"wp","href":"https:\/\/api.w.org\/{rel}","templated":true}]}}