{"id":6511,"date":"2026-06-02T04:20:27","date_gmt":"2026-06-02T01:20:27","guid":{"rendered":"https:\/\/imgist.ru\/britni-spirs-vpervye-za-4-goda-smenila-prichesku-otkazavshis-ot-svoih-firmennyh-volnistyh-lokonov\/"},"modified":"2026-08-29T11:55:35","modified_gmt":"2026-08-29T08:55:35","slug":"britney-spears-a-change-de-coiffure-pour-la-premiere-fois-en-quatre-ans-abandonnant-sa-chevelure-ondulee-emblematique","status":"publish","type":"post","link":"https:\/\/imgist.ru\/fr\/britni-spirs-vpervye-za-4-goda-smenila-prichesku-otkazavshis-ot-svoih-firmennyh-volnistyh-lokonov\/","title":{"rendered":"Britney Spears a chang\u00e9 de coiffure pour la premi\u00e8re fois en quatre ans, abandonnant sa chevelure ondul\u00e9e embl\u00e9matique."},"content":{"rendered":"<h3>L&#039;essence<\/h3>\n<ul>\n<li>\n<p> Gr\u00e2ce au coiffeur des stars Chris Appleton, Britney Spears a d\u00e9voil\u00e9 une nouvelle coiffure pour la premi\u00e8re fois depuis des ann\u00e9es.<\/p>\n<\/li>\n<li>\n<p> Le 1er juin, il a partag\u00e9 un nouveau selfie avec la chanteuse pop, sur lequel elle affiche ses cheveux liss\u00e9s.<\/p>\n<\/li>\n<li>\n<p> \u00ab Ayant grandi en Angleterre, la musique de Britney Spears a fait partie de beaucoup de mes exp\u00e9riences \u00bb, a \u00e9crit Appleton.<\/p>\n<\/li>\n<\/ul>\n<p> Gr\u00e2ce au coiffeur des stars Chris Appleton, Britney Spears arbore un tout nouveau look. Le 1er juin, il a annonc\u00e9 sur Instagram que la pop star \u00e9tait devenue sa nouvelle cliente.<\/p>\n<p> Les cheveux blonds de Spears \u00e9taient remarquablement lisses et coiff\u00e9s sur le c\u00f4t\u00e9. Ces derni\u00e8res ann\u00e9es, la chanteuse a privil\u00e9gi\u00e9 une coiffure plus textur\u00e9e, les portant souvent en ondulations souples. <\/p>\n<p> Chris Appleton et Britney Spears. Photo : Chris Appleton\/Instagram<\/p>\n<p> Spears, prenant un selfie avec Appleton et tenant plusieurs outils de coiffure, a tir\u00e9 la langue \u00e0 l&#039;objectif. La chanteuse de \u00ab\u00a0Toxic\u00a0\u00bb avait assorti sa nouvelle coiffure \u00e0 une robe orange \u00e0 fleurs.<\/p>\n<p> \u00ab\u00a0En grandissant en Angleterre, Britney Spears a rythm\u00e9 tant de moments. Jamais je n&#039;aurais imagin\u00e9 me retrouver un jour derri\u00e8re une chaise (ou plut\u00f4t, elle derri\u00e8re la mienne, haha) \u00e0 lui coiffer\u00a0\u00bb, a \u00e9crit Appleton en l\u00e9gende de la photo.<\/p>\n<p> \u00ab Il y a des moments qui bouclent la boucle. Elle n&#039;est pas seulement une ic\u00f4ne, mais aussi l&#039;une des personnes les plus authentiquement gentilles et douces que j&#039;aie jamais rencontr\u00e9es \u00bb, a-t-il conclu. <\/p>\n<p> Britney Spears, le 22 juillet 2019. Photo : Getty Images<\/p>\n<p> Parmi les autres clientes c\u00e9l\u00e8bres d&#039;Appleton figurent Kim Kardashian, Nicole Kidman, Martha Stewart et Drew Barrymore.<\/p>\n<p> La derni\u00e8re transformation capillaire radicale de Spears remonte \u00e0 2022, lorsqu&#039;elle a teint ses cheveux en violet.<\/p>\n<p> \u00ab Me voil\u00e0 avec les cheveux violets\u2026 Je m\u2019ennuie, ok ??? \u00bb, a-t-elle \u00e9crit en l\u00e9gende de la vid\u00e9o sur Instagram Reels, comme l\u2019a rapport\u00e9 [nom de l\u2019entreprise]. <em>S\u00e9duire<\/em> . \u00ab Je m&#039;ennuyais tellement que ma manucure m&#039;a dit : &quot;Vas-y, ma belle\u2026&quot; Je l&#039;ai fait, mais je ne suis pas s\u00fbre d&#039;aimer le r\u00e9sultat, mais bon\u2026 Me voil\u00e0 dans une mini-robe \u00e0 100 dollars et des bottes. \u00ab. <\/p>\n<p> Jayden James Federline au d\u00e9fil\u00e9 Dior Croisi\u00e8re 2027 le 13 mai 2026. Photo\u00a0: Getty Images<\/p>\n<p> Le mois dernier, Jaden, le plus jeune fils de Britney Spears, a fait une rare apparition publique au d\u00e9fil\u00e9 Dior Croisi\u00e8re 2027 \u00e0 Los Angeles. Le 13 mai, le jeune homme de 19 ans s&#039;est pr\u00e9sent\u00e9 au Mus\u00e9e d&#039;art du comt\u00e9 de Los Angeles, v\u00eatu d&#039;une veste vert fonc\u00e9 sur une chemise \u00e0 carreaux, un t-shirt blanc et un jean d\u00e9chir\u00e9.<\/p>\n<p> Il s&#039;agissait de la premi\u00e8re apparition de Jaden sur un tapis rouge depuis 2015, ann\u00e9e o\u00f9 il avait assist\u00e9 aux Teen Choice Awards avec sa m\u00e8re et son fr\u00e8re a\u00een\u00e9, Sean, aujourd&#039;hui \u00e2g\u00e9 de 20 ans.<\/p>\n<p> Britney Spears a eu ses deux fils avec son ex-mari, Kevin Federline. Ils ont \u00e9t\u00e9 mari\u00e9s de 2004 \u00e0 2007.<\/p>\n<p> Lisez l&#039;article original sur InStyle.<\/p>","protected":false},"excerpt":{"rendered":"<p>Gr\u00e2ce au coiffeur des stars Chris Appleton, Britney Spears a d\u00e9voil\u00e9 une nouvelle coiffure, la premi\u00e8re depuis des ann\u00e9es. Le 1er juin, il a partag\u00e9 un nouveau selfie avec la chanteuse pop\u2026<\/p>","protected":false},"author":1,"featured_media":6512,"comment_status":"open","ping_status":"closed","sticky":false,"template":"","format":"standard","meta":{"footnotes":""},"categories":[5],"tags":[],"class_list":["post-6511","post","type-post","status-publish","format-standard","has-post-thumbnail","hentry","category-selebriti","hvn-theme-has-thumbnail"],"_links":{"self":[{"href":"https:\/\/imgist.ru\/fr\/wp-json\/wp\/v2\/posts\/6511","targetHints":{"allow":["GET"]}}],"collection":[{"href":"https:\/\/imgist.ru\/fr\/wp-json\/wp\/v2\/posts"}],"about":[{"href":"https:\/\/imgist.ru\/fr\/wp-json\/wp\/v2\/types\/post"}],"author":[{"embeddable":true,"href":"https:\/\/imgist.ru\/fr\/wp-json\/wp\/v2\/users\/1"}],"replies":[{"embeddable":true,"href":"https:\/\/imgist.ru\/fr\/wp-json\/wp\/v2\/comments?post=6511"}],"version-history":[{"count":3,"href":"https:\/\/imgist.ru\/fr\/wp-json\/wp\/v2\/posts\/6511\/revisions"}],"predecessor-version":[{"id":150449,"href":"https:\/\/imgist.ru\/fr\/wp-json\/wp\/v2\/posts\/6511\/revisions\/150449"}],"wp:featuredmedia":[{"embeddable":true,"href":"https:\/\/imgist.ru\/fr\/wp-json\/wp\/v2\/media\/6512"}],"wp:attachment":[{"href":"https:\/\/imgist.ru\/fr\/wp-json\/wp\/v2\/media?parent=6511"}],"wp:term":[{"taxonomy":"category","embeddable":true,"href":"https:\/\/imgist.ru\/fr\/wp-json\/wp\/v2\/categories?post=6511"},{"taxonomy":"post_tag","embeddable":true,"href":"https:\/\/imgist.ru\/fr\/wp-json\/wp\/v2\/tags?post=6511"}],"curies":[{"name":"wp","href":"https:\/\/api.w.org\/{rel}","templated":true}]}}