{"id":6537,"date":"2026-06-02T05:11:34","date_gmt":"2026-06-02T02:11:34","guid":{"rendered":"https:\/\/imgist.ru\/nakonecz-to-vyjdet-biograficheskij-film-o-dzhine-uajldere\/"},"modified":"2026-06-02T05:11:34","modified_gmt":"2026-06-02T02:11:34","slug":"nakonecz-to-vyjdet-biograficheskij-film-o-dzhine-wajldere","status":"publish","type":"post","link":"https:\/\/imgist.ru\/fr\/nakonecz-to-vyjdet-biograficheskij-film-o-dzhine-uajldere\/","title":{"rendered":"Un biopic sur Gene Wilder va enfin sortir."},"content":{"rendered":"<p>Le tournage d&#039;un biopic consacr\u00e9 \u00e0 l&#039;acteur et r\u00e9alisateur l\u00e9gendaire a officiellement commenc\u00e9. <strong>G\u00e9nie Wilder<\/strong> : <strong>Dito Montiel<\/strong> Il a re\u00e7u les droits de r\u00e9alisation des h\u00e9ritiers de Wilder.<\/p>\n<p> Wilder est surtout connu pour ses r\u00f4les dans des films <em>\u00abWilly Wonka et la chocolaterie\u00bb<\/em> \u0438 <em>\u00abLe jeune Frankenstein.<\/em> L&#039;acteur prim\u00e9 a fr\u00e9quemment collabor\u00e9 avec <strong>Richard Pryor,<\/strong> co-auteur du sc\u00e9nario <em>le film \u00ab Blazing Saddles \u00bb,<\/em> bien que leur relation n&#039;ait pas \u00e9t\u00e9 facile. Wilder \u00e9tait \u00e9galement mari\u00e9 \u00e0 <strong>Gilde Radner,<\/strong> une des premi\u00e8res actrices <em>SNL sur NBC.<\/em> Apr\u00e8s le d\u00e9c\u00e8s de Radner des suites d&#039;un cancer des ovaires quelques ann\u00e9es apr\u00e8s leur mariage, Wilder est devenu un fervent d\u00e9fenseur de la recherche sur le cancer, allant m\u00eame jusqu&#039;\u00e0 t\u00e9moigner devant le Congr\u00e8s.<\/p>\n<p> Deadline a rapport\u00e9 que \u00ab\u00a0le biopic explorera l&#039;homme derri\u00e8re les r\u00f4les embl\u00e9matiques, retra\u00e7ant son parcours depuis ses d\u00e9buts timides comme jeune acteur de th\u00e9\u00e2tre jusqu&#039;\u00e0 son ascension au rang de l&#039;une des voix comiques les plus singuli\u00e8res du cin\u00e9ma, tout en explorant les luttes personnelles, les relations et les d\u00e9fis qui ont fa\u00e7onn\u00e9 sa vie et son \u0153uvre.\u00a0\u00bb Cette exploration promet d&#039;offrir une compr\u00e9hension plus profonde de l&#039;h\u00e9ritage de Wilder, un objectif que ses ayants droit souhaitent atteindre.<\/p>\n<p> Montiel, surtout connu pour <em>le film \u00ab Guide pour reconna\u00eetre les saints \u00bb,<\/em> \u00c0 propos de cette d\u00e9cision, le producteur a d\u00e9clar\u00e9\u00a0: \u00ab\u00a0Gene Wilder \u00e9tait l\u2019une de ces rares personnes \u00e0 la fois plus dr\u00f4le et plus triste que tous les autres\u2026 Je ne pouvais pas refuser.\u00a0\u00bb <strong>Aimee Schoof<\/strong> \u00ab Dito poss\u00e8de un talent unique pour allier com\u00e9die et complexit\u00e9 dans une m\u00eame image, sans sourciller. Nous sommes ravis qu&#039;il r\u00e9alise ce film \u00bb, a-t-il comment\u00e9.<\/p>\n<p> Le projet continue de prendre de l&#039;ampleur depuis son annonce l&#039;ann\u00e9e derni\u00e8re, comme l&#039;a rapport\u00e9 Deadline en novembre 2025. Le sc\u00e9nario est en cours d&#039;\u00e9criture. <strong>Jeremy Roth<\/strong> et Montiel. Roth est surtout connu pour son travail sur des s\u00e9ries telles que <em>\u00abComment j&#039;ai rencontr\u00e9 ton p\u00e8re\u00bb<\/em> \u0438 <em>\u00ab&quot;Avec toute mon affection, Victor.&quot;.<\/em> La production sera assur\u00e9e par Intrinsic Value Films et son \u00e9quipe, qui comprend Shuf, <strong>Eisen Robbins<\/strong> \u0438 <strong>Megan Freels Johnston.<\/strong><\/p>\n<p> Concernant les projets futurs, aucune annonce de casting n&#039;a \u00e9t\u00e9 faite pour le moment. De nombreuses rumeurs circulent sur Internet selon lesquelles Wilder serait choisi pour le r\u00f4le. <strong>Jeremy Allen White<\/strong> en raison de la ressemblance frappante entre leurs traits du visage, mais rien n&#039;a \u00e9t\u00e9 confirm\u00e9. L&#039;acteur est surtout connu pour <em>le film \u00ab L&#039;Ours \u00bb,<\/em> pour son r\u00f4le de Carmen Berzatto, qui lui a valu deux Emmy Awards. White avait auparavant jou\u00e9 dans le biopic <em>\u00abSpringsteen : D\u00e9livre-moi du d\u00e9sert\u00bb<\/em> comme Bruce Springsteen.<\/p>\n<p> Cet article a \u00e9t\u00e9 initialement publi\u00e9 dans Men&#039;s Journal le 1er juin 2026, dans la section Actualit\u00e9s. Ajoutez Men&#039;s Journal \u00e0 votre liste de sources favorites en cliquant ici.<\/p>","protected":false},"excerpt":{"rendered":"<p>Le tournage d&#039;un biopic sur le l\u00e9gendaire acteur et r\u00e9alisateur Gene Wilder a officiellement d\u00e9but\u00e9\u00a0: Dito Montiel a acquis les droits de r\u00e9alisation aupr\u00e8s des ayants droit de Wilder. Wilder est surtout connu pour\u2026<\/p>","protected":false},"author":1,"featured_media":6538,"comment_status":"open","ping_status":"closed","sticky":false,"template":"","format":"standard","meta":{"footnotes":""},"categories":[6],"tags":[],"class_list":["post-6537","post","type-post","status-publish","format-standard","has-post-thumbnail","hentry","category-kinoindustriya","hvn-theme-has-thumbnail"],"_links":{"self":[{"href":"https:\/\/imgist.ru\/fr\/wp-json\/wp\/v2\/posts\/6537","targetHints":{"allow":["GET"]}}],"collection":[{"href":"https:\/\/imgist.ru\/fr\/wp-json\/wp\/v2\/posts"}],"about":[{"href":"https:\/\/imgist.ru\/fr\/wp-json\/wp\/v2\/types\/post"}],"author":[{"embeddable":true,"href":"https:\/\/imgist.ru\/fr\/wp-json\/wp\/v2\/users\/1"}],"replies":[{"embeddable":true,"href":"https:\/\/imgist.ru\/fr\/wp-json\/wp\/v2\/comments?post=6537"}],"version-history":[{"count":0,"href":"https:\/\/imgist.ru\/fr\/wp-json\/wp\/v2\/posts\/6537\/revisions"}],"wp:featuredmedia":[{"embeddable":true,"href":"https:\/\/imgist.ru\/fr\/wp-json\/wp\/v2\/media\/6538"}],"wp:attachment":[{"href":"https:\/\/imgist.ru\/fr\/wp-json\/wp\/v2\/media?parent=6537"}],"wp:term":[{"taxonomy":"category","embeddable":true,"href":"https:\/\/imgist.ru\/fr\/wp-json\/wp\/v2\/categories?post=6537"},{"taxonomy":"post_tag","embeddable":true,"href":"https:\/\/imgist.ru\/fr\/wp-json\/wp\/v2\/tags?post=6537"}],"curies":[{"name":"wp","href":"https:\/\/api.w.org\/{rel}","templated":true}]}}