{"id":6707,"date":"2026-06-02T08:19:23","date_gmt":"2026-06-02T05:19:23","guid":{"rendered":"https:\/\/imgist.ru\/rezhisser-filma-zagovor-s-velom-kilmerom-v-glavnoj-roli-zayavil-chto-pokojnyj-akter-byl-hudshim-chelovekom-kotorogo-ya-kogda-libo-znal\/"},"modified":"2026-08-29T11:55:48","modified_gmt":"2026-08-29T08:55:48","slug":"le-realisateur-du-film-conspiracy-avec-vel-kilmer-a-declare-que-le-defunt-acteur-etait-lhomme-le-plus-mince-quil-ait-jamais-connu","status":"publish","type":"post","link":"https:\/\/imgist.ru\/fr\/rezhisser-filma-zagovor-s-velom-kilmerom-v-glavnoj-roli-zayavil-chto-pokojnyj-akter-byl-hudshim-chelovekom-kotorogo-ya-kogda-libo-znal\/","title":{"rendered":"Le r\u00e9alisateur du film \u00ab Conspiracy \u00bb, avec Val Kilmer, a d\u00e9clar\u00e9 que le d\u00e9funt acteur \u00e9tait \u00ab la pire personne que j&#039;aie jamais connue \u00bb."},"content":{"rendered":"<h3>\u00c0 SAVOIR<\/h3>\n<ul>\n<li>\n<p> Dans un message publi\u00e9 sur les r\u00e9seaux sociaux, le r\u00e9alisateur Adam Marcus a qualifi\u00e9 Val Kilmer de \u00ab pire personne \u00bb avec laquelle il ait jamais travaill\u00e9.<\/p>\n<\/li>\n<li>\n<p> Kilmer est d\u00e9c\u00e9d\u00e9 d&#039;une pneumonie le 1er avril 2025.<\/p>\n<\/li>\n<li>\n<p> Dans son documentaire de 2021 <em>\u00abVal\u00bb<\/em> L&#039;acteur a reconnu ses comportements inappropri\u00e9s pass\u00e9s, mais a d\u00e9clar\u00e9 n&#039;avoir aucun regret.<\/p>\n<\/li>\n<\/ul>\n<p> Le r\u00e9alisateur Adam Marcus critique Val Kilmer plus d&#039;un an apr\u00e8s la mort de l&#039;acteur.<\/p>\n<p> Le 31 mai, Marcus, \u00e2g\u00e9 de 58 ans, a partag\u00e9 ses impressions sur sa collaboration avec Kilmer lors de la r\u00e9alisation du film d&#039;action \u00ab <em>CONSPIRATION&quot;\u00bb<\/em> 2008.<\/p>\n<p> \u00ab\u00a0#MicroIntellectMonday \u2013 \u00e0 l\u2019\u00e9poque o\u00f9 je dirigeais ce type. Celui qui jouait Iceman et Doc Holliday. Vous voyez de qui je parle\u00a0\u00bb, a \u00e9crit Marcus sur Threads, comme l\u2019a rapport\u00e9\u2026 <em>Entertainment Weekly<\/em> . \u00abNous voil\u00e0 en train de perfectionner nos comp\u00e9tences avec cet idiot sur le tournage du film &#039;Conspiracy&#039;. Voil\u00e0, c&#039;est arriv\u00e9.\u00ab.<\/p>\n<p> Dans le film &quot;\u00ab <em>CONSPIRATION<\/em> \u00bbKilmer incarne William \u00ab\u00a0Spooky\u00a0\u00bb McPherson, un v\u00e9t\u00e9ran handicap\u00e9 de la guerre d&#039;Irak venu en Arizona rendre visite \u00e0 un vieil ami. Lorsqu&#039;il d\u00e9couvre que son ami et sa famille ont myst\u00e9rieusement disparu (et que les habitants nient leur existence), McPherson met au jour un complot d&#039;entreprise visant des immigrants clandestins. <\/p>\n<p> Val Kilmer visite le si\u00e8ge des Nations Unies le 20 juillet 2019 \u00e0 New York. Photo\u00a0: EuropaNewswire\/Gado\/Getty<\/p>\n<p> Marcus n&#039;a pas manqu\u00e9 l&#039;occasion de s&#039;exprimer, anticipant apparemment la r\u00e9action n\u00e9gative aux critiques de la star. <em>\u00abTop Gun\u00bb<\/em> Apr\u00e8s son d\u00e9c\u00e8s des suites d&#039;une pneumonie le 1er avril 2025, le r\u00e9alisateur a une fois de plus confirm\u00e9 ses propos.<\/p>\n<p> \u00ab Et pour ceux qui l\u00e8vent les yeux au ciel face \u00e0 toutes ces histoires de &quot;ne pas m\u00e9diser des morts&quot;, tant pis pour vous \u201e, a-t-il dit. \u201c Si ce type avait fait ne serait-ce qu&#039;un dixi\u00e8me de ce qu&#039;il a fait sur mon plateau aujourd&#039;hui, il aurait \u00e9t\u00e9 vir\u00e9 sur-le-champ. \u00bb.<\/p>\n<p> \u00ab La pire personne que j&#039;aie jamais connue\u2026 et c&#039;est peu dire \u00bb, a conclu Marcus.<\/p>\n<p> Les messages de Marcus ont depuis \u00e9t\u00e9 supprim\u00e9s.<\/p>\n<p> Ses propos alimentent un d\u00e9bat de longue date sur la r\u00e9putation de Kilmer sur les plateaux de tournage. Au fil des ans, plusieurs r\u00e9alisateurs ont publiquement d\u00e9crit l&#039;acteur comme difficile \u00e0 g\u00e9rer.<\/p>\n<p> Apr\u00e8s que Joel Schumacher ait choisi Kilmer pour <em>dans le film \u00ab Batman Forever \u00bb<\/em> 1995, dans une interview <em>Entertainment Weekly<\/em> En 1996, il l&#039;a qualifi\u00e9 d&#039;\u00ab enfantin et insupportable \u00bb et de \u00ab personne psychologiquement instable \u00bb. De m\u00eame, le r\u00e9alisateur John Frankenheimer a d\u00e9clar\u00e9 qu&#039;il ne travaillerait plus jamais avec Kilmer apr\u00e8s leur collaboration sur <em>le film \u00ab L&#039;\u00cele du docteur Moreau \u00bb<\/em> . <\/p>\n<p> Val Kilmer a assist\u00e9 au 23e gala annuel de bienfaisance Simply Shakespeare en 2013. Photo\u00a0: Jason LaVeris\/FilmMagic<\/p>\n<p> En 2003, Kilmer a r\u00e9pondu \u00e0 cette critique dans une interview <em>Rolling Stone<\/em> . \u00ab J&#039;ai \u00e9t\u00e9 n\u00e9gligent dans ma fa\u00e7on de g\u00e9rer mes affaires. Mais je crois que la v\u00e9rit\u00e9 est la v\u00e9rit\u00e9 et les mensonges sont des mensonges \u00bb, a d\u00e9clar\u00e9 Kilmer. \u00ab Frankenheimer, que Dieu ait son \u00e2me, est mort, mais il avait la r\u00e9putation d&#039;\u00eatre m\u00e9chant avec les gens. \u00bb.<\/p>\n<p> Dans le documentaire de 2021 <em>\u00abVal\u00bb<\/em> , consacr\u00e9 \u00e0 des r\u00e9flexions sur la vie et la carri\u00e8re de Kilmer, l&#039;acteur <em>de Tombstone<\/em> Retour \u00e0 ce sujet.<\/p>\n<p> \u00ab J&#039;ai eu des erreurs. J&#039;ai \u00e9t\u00e9 courageux. J&#039;ai eu des comportements \u00e9tranges avec certaines personnes \u00bb, a d\u00e9clar\u00e9 Kilmer. \u00ab Je ne le nie pas et je ne regrette rien, car j&#039;ai d\u00e9couvert des facettes de moi-m\u00eame que j&#039;ignorais. Et j&#039;en suis reconnaissant. \u00bb.<\/p>\n<p> Lisez l&#039;article original sur People.<\/p>","protected":false},"excerpt":{"rendered":"<p>\u00c0 SAVOIR\u00a0: Le r\u00e9alisateur Adam Marcus a qualifi\u00e9 Val Kilmer de \u00ab\u00a0pire personne\u00a0\u00bb avec laquelle il ait jamais travaill\u00e9, dans une publication sur les r\u00e9seaux sociaux. Kilmer est d\u00e9c\u00e9d\u00e9 des suites de\u2026<\/p>","protected":false},"author":1,"featured_media":6708,"comment_status":"open","ping_status":"closed","sticky":false,"template":"","format":"standard","meta":{"footnotes":""},"categories":[5],"tags":[],"class_list":["post-6707","post","type-post","status-publish","format-standard","has-post-thumbnail","hentry","category-selebriti","hvn-theme-has-thumbnail"],"_links":{"self":[{"href":"https:\/\/imgist.ru\/fr\/wp-json\/wp\/v2\/posts\/6707","targetHints":{"allow":["GET"]}}],"collection":[{"href":"https:\/\/imgist.ru\/fr\/wp-json\/wp\/v2\/posts"}],"about":[{"href":"https:\/\/imgist.ru\/fr\/wp-json\/wp\/v2\/types\/post"}],"author":[{"embeddable":true,"href":"https:\/\/imgist.ru\/fr\/wp-json\/wp\/v2\/users\/1"}],"replies":[{"embeddable":true,"href":"https:\/\/imgist.ru\/fr\/wp-json\/wp\/v2\/comments?post=6707"}],"version-history":[{"count":2,"href":"https:\/\/imgist.ru\/fr\/wp-json\/wp\/v2\/posts\/6707\/revisions"}],"predecessor-version":[{"id":150546,"href":"https:\/\/imgist.ru\/fr\/wp-json\/wp\/v2\/posts\/6707\/revisions\/150546"}],"wp:featuredmedia":[{"embeddable":true,"href":"https:\/\/imgist.ru\/fr\/wp-json\/wp\/v2\/media\/6708"}],"wp:attachment":[{"href":"https:\/\/imgist.ru\/fr\/wp-json\/wp\/v2\/media?parent=6707"}],"wp:term":[{"taxonomy":"category","embeddable":true,"href":"https:\/\/imgist.ru\/fr\/wp-json\/wp\/v2\/categories?post=6707"},{"taxonomy":"post_tag","embeddable":true,"href":"https:\/\/imgist.ru\/fr\/wp-json\/wp\/v2\/tags?post=6707"}],"curies":[{"name":"wp","href":"https:\/\/api.w.org\/{rel}","templated":true}]}}