{"id":7245,"date":"2026-06-02T16:59:49","date_gmt":"2026-06-02T13:59:49","guid":{"rendered":"https:\/\/imgist.ru\/v-ramkah-soglasheniya-franczuzskij-kosmonavt-otpravitsya-na-kommercheskuyu-kosmicheskuyu-stancziyu\/"},"modified":"2026-06-02T16:59:49","modified_gmt":"2026-06-02T13:59:49","slug":"aux-termes-de-cet-accord-un-astronaute-francais-se-rendra-a-bord-dune-station-spatiale-commerciale","status":"publish","type":"post","link":"https:\/\/imgist.ru\/fr\/v-ramkah-soglasheniya-franczuzskij-kosmonavt-otpravitsya-na-kommercheskuyu-kosmicheskuyu-stancziyu\/","title":{"rendered":"Aux termes de cet accord, un astronaute fran\u00e7ais se rendra \u00e0 bord d&#039;une station spatiale commerciale."},"content":{"rendered":"<p>L&#039;ann\u00e9e prochaine, deux astronautes fran\u00e7ais s&#039;envoleront pour l&#039;espace, dont l&#039;un restera \u00e0 bord de la premi\u00e8re station spatiale commerciale au monde, en vertu d&#039;un nouvel accord entre la France et la soci\u00e9t\u00e9 am\u00e9ricaine Vast.<\/p>\n<p> \u00ab Cela confirme les ambitions spatiales de la France \u00bb, a d\u00e9clar\u00e9 le pr\u00e9sident Emmanuel Macron lundi soir apr\u00e8s avoir annonc\u00e9 l&#039;accord en marge d&#039;une conf\u00e9rence \u00e0 Paris.<\/p>\n<p> Aux termes de cet accord, Thomas Pesquet et Arnaud Prost entreprendront des missions distinctes, d&#039;une dur\u00e9e d&#039;environ deux semaines chacune, a indiqu\u00e9 la soci\u00e9t\u00e9 californienne Vast dans un communiqu\u00e9.<\/p>\n<p> Le premier vol spatial de Prost est pr\u00e9vu \u00e0 bord de la station spatiale commerciale Haven-1, d\u00e9velopp\u00e9e par Vast.<\/p>\n<p> Apr\u00e8s des ann\u00e9es de retards, la soci\u00e9t\u00e9 insiste sur le fait que la station sera enfin op\u00e9rationnelle l&#039;ann\u00e9e prochaine.<\/p>\n<p> Prost occupera le poste d&#039;ing\u00e9nieur d&#039;essais lors de la premi\u00e8re mission habit\u00e9e vers la station.<\/p>\n<p> \u00ab Il s&#039;agit de la premi\u00e8re mission d&#039;astronautes au monde \u00e0 destination d&#039;une station spatiale priv\u00e9e \u00bb, a d\u00e9clar\u00e9 l&#039;agence spatiale fran\u00e7aise CNES.<\/p>\n<p> \u2014 \u00c0 la conqu\u00eate de la Lune \u2014<\/p>\n<p> Un autre astronaute, Pesquet, s&#039;envolera \u00e0 bord de la mission priv\u00e9e Vast vers la Station spatiale internationale, son troisi\u00e8me s\u00e9jour dans le laboratoire orbital.<\/p>\n<p> Pesquet commandera la mission, dont le lancement n&#039;est pas pr\u00e9vu avant mi-2027.<\/p>\n<p> L&#039;homme de 48 ans a d\u00e9clar\u00e9 mardi \u00e0 l&#039;AFP qu&#039;il \u00e9tait enthousiaste \u00e0 l&#039;id\u00e9e de retourner dans l&#039;espace.<\/p>\n<p> Il a toutefois ajout\u00e9 : \u00ab Pour moi, l&#039;objectif \u00e0 long terme est la mission Artemis sur la Lune. \u00ab.<\/p>\n<p> L&#039;ann\u00e9e derni\u00e8re, l&#039;Agence spatiale europ\u00e9enne a annonc\u00e9 que trois astronautes europ\u00e9ens \u2013 un Allemand, un Italien et un Fran\u00e7ais \u2013 participeraient \u00e0 la mission Artemis de la NASA, qui vise \u00e0 retourner sur la Lune d&#039;ici 2030.<\/p>\n<p> Peskest a d\u00e9clar\u00e9 qu&#039;il pensait que \u00ab la premi\u00e8re occasion d&#039;aller sur la Lune se pr\u00e9sentera en 2029 \u00bb.<\/p>\n<p> \u00ab\u00a0Ainsi, une mission pr\u00e9vue mi-2027 n\u2019aura absolument aucun impact\u00a0\u00bb sur ses espoirs d\u2019alunissage, a-t-il ajout\u00e9.<\/p>\n<p> Les deux missions Vast r\u00e9cemment annonc\u00e9es seront lanc\u00e9es par des fus\u00e9es Falcon 9 de SpaceX, la soci\u00e9t\u00e9 du milliardaire Elon Musk.<\/p>\n<p> Toutefois, une mission vers l&#039;ISS doit \u00eatre approuv\u00e9e par un comit\u00e9 compos\u00e9 des partenaires de la station spatiale, notamment la NASA, l&#039;Agence spatiale europ\u00e9enne, Roscosmos (l&#039;agence spatiale russe), l&#039;Agence d&#039;exploration a\u00e9rospatiale japonaise (JAXA) et l&#039;Agence spatiale canadienne.<\/p>\n<p> Si la mission est approuv\u00e9e, ce serait un \u00ab \u00e9v\u00e9nement majeur : aucun non-Am\u00e9ricain n&#039;a jamais command\u00e9 une capsule am\u00e9ricaine \u00bb, a d\u00e9clar\u00e9 le CNES.<\/p>\n<p> Vast a \u00e9t\u00e9 fond\u00e9e en 2021 par le milliardaire des cryptomonnaies Jed McCaleb dans le but de lancer la premi\u00e8re station spatiale commerciale, Haven-1.<\/p>\n<p> L&#039;entreprise ambitionne de remplacer \u00e0 terme l&#039;ISS par Haven-2, une version plus grande du premier mod\u00e8le.<\/p>\n<p> Apr\u00e8s plus d&#039;un quart de si\u00e8cle de vie continue \u00e0 bord de l&#039;ISS, la mission devrait prendre fin en 2030.<\/p>\n<p> bur-sde-rap\/dl\/jxb<\/p>","protected":false},"excerpt":{"rendered":"<p>Deux astronautes fran\u00e7ais s&#039;envoleront dans l&#039;espace l&#039;ann\u00e9e prochaine, dont l&#039;un restera \u00e0 bord de la premi\u00e8re station spatiale commerciale au monde en vertu d&#039;un nouvel accord\u2026<\/p>","protected":false},"author":1,"featured_media":7246,"comment_status":"open","ping_status":"closed","sticky":false,"template":"","format":"standard","meta":{"footnotes":""},"categories":[2],"tags":[],"class_list":["post-7245","post","type-post","status-publish","format-standard","has-post-thumbnail","hentry","category-news","hvn-theme-has-thumbnail"],"_links":{"self":[{"href":"https:\/\/imgist.ru\/fr\/wp-json\/wp\/v2\/posts\/7245","targetHints":{"allow":["GET"]}}],"collection":[{"href":"https:\/\/imgist.ru\/fr\/wp-json\/wp\/v2\/posts"}],"about":[{"href":"https:\/\/imgist.ru\/fr\/wp-json\/wp\/v2\/types\/post"}],"author":[{"embeddable":true,"href":"https:\/\/imgist.ru\/fr\/wp-json\/wp\/v2\/users\/1"}],"replies":[{"embeddable":true,"href":"https:\/\/imgist.ru\/fr\/wp-json\/wp\/v2\/comments?post=7245"}],"version-history":[{"count":0,"href":"https:\/\/imgist.ru\/fr\/wp-json\/wp\/v2\/posts\/7245\/revisions"}],"wp:featuredmedia":[{"embeddable":true,"href":"https:\/\/imgist.ru\/fr\/wp-json\/wp\/v2\/media\/7246"}],"wp:attachment":[{"href":"https:\/\/imgist.ru\/fr\/wp-json\/wp\/v2\/media?parent=7245"}],"wp:term":[{"taxonomy":"category","embeddable":true,"href":"https:\/\/imgist.ru\/fr\/wp-json\/wp\/v2\/categories?post=7245"},{"taxonomy":"post_tag","embeddable":true,"href":"https:\/\/imgist.ru\/fr\/wp-json\/wp\/v2\/tags?post=7245"}],"curies":[{"name":"wp","href":"https:\/\/api.w.org\/{rel}","templated":true}]}}