{"id":7418,"date":"2026-06-02T18:11:26","date_gmt":"2026-06-02T15:11:26","guid":{"rendered":"http:\/\/imgist.ru\/trejler-filma-ix-xi-zhiteli-nyu-jorka-delyatsya-yarkimi-vospominaniyami-o-sobytiyah-11-sentyabrya-v-preddverii-vazhnoj-godovshhiny-festival-tribeka\/"},"modified":"2026-08-29T11:57:19","modified_gmt":"2026-08-29T08:57:19","slug":"a-lapproche-de-limportant-anniversaire-du-festival-de-tribeca-les-new-yorkais-partagent-des-souvenirs-vivaces-des-evenements-du-11-septembre","status":"publish","type":"post","link":"https:\/\/imgist.ru\/fr\/trejler-filma-ix-xi-zhiteli-nyu-jorka-delyatsya-yarkimi-vospominaniyami-o-sobytiyah-11-sentyabrya-v-preddverii-vazhnoj-godovshhiny-festival-tribeka\/","title":{"rendered":"Bande-annonce de \u00ab IX XI \u00bb : \u00c0 l&#039;approche d&#039;un anniversaire marquant, les New-Yorkais partagent des souvenirs poignants du 11-Septembre \u2013 Festival du film de Tribeca"},"content":{"rendered":"<p><strong>EXCLUSIF:<\/strong> Le 11 septembre, le pays comm\u00e9morera le 25e anniversaire des attentats terroristes contre le World Trade Center et le Pentagone, un \u00e9v\u00e9nement horrible \u00e0 jamais grav\u00e9 dans la m\u00e9moire de tous les Am\u00e9ricains qui l&#039;ont v\u00e9cu.<\/p>\n<p> Les efforts de revitalisation du Lower Manhattan ont donn\u00e9 naissance au Tribeca Festival, et le documentaire y sera projet\u00e9 en avant-premi\u00e8re. <em>IX XI<\/em> Le r\u00e9alisateur Sean Wilsey, qui raconte une douzaine d&#039;histoires personnelles \u00ab \u00e0 travers des conversations profond\u00e9ment intimes avec des New-Yorkais de tous les quartiers de la ville \u00bb. Parmi ceux qui partagent leurs histoires, certains sont bien connus, comme le dessinateur <em>Le magazine New Yorker<\/em> Roz Chast et l&#039;acteur Griffin Dunne ; d&#039;autres sont des immigrants qui ont fait de New York leur foyer, comme le restaurateur Amadeus Brougher, l&#039;ancienne employ\u00e9e d&#039;EF Hutton Irma Ellis et le danseur Kevin Langford.<\/p>\n<p> <strong>Plus d&#039;actualit\u00e9s de Deadline<\/strong><\/p>\n<ul>\n<li>\n<p> Le drame \u00ab Dreams of Violets \u00bb, utilisant l&#039;intelligence artificielle, sera pr\u00e9sent\u00e9 en avant-premi\u00e8re au Festival du film de Tribeca.<\/p>\n<\/li>\n<li>\n<p> Aubrey Plaza, Paul Rudd, Quentin Tarantino et d&#039;autres sont les t\u00eates d&#039;affiche du 25e festival annuel du film de Tribeca, qui pr\u00e9sente un nombre record de 103 premi\u00e8res mondiales.<\/p>\n<\/li>\n<li>\n<p> Le documentaire de Questlove sur Earth, Wind &amp; Fire ouvrira le 25e Festival du film de Tribeca.<\/p>\n<\/li>\n<\/ul>\n<p> \u00ab Chacun d&#039;eux raconte avec force son histoire au moment o\u00f9 un \u00e9v\u00e9nement mondial historique les a r\u00e9unis \u00bb, indique le synopsis. \u00ab Ces entretiens sont compl\u00e9t\u00e9s par des documents d&#039;archives in\u00e9dits et des actualit\u00e9s film\u00e9es qui r\u00e9v\u00e8lent l&#039;\u00e9tat d&#039;esprit des personnes interview\u00e9es et font r\u00e9f\u00e9rence \u00e0 l&#039;imagerie que nous partageons tous dans la culture cin\u00e9matographique. \u00bb.<\/p>\n<p> Nous vous pr\u00e9sentons la premi\u00e8re bande-annonce du documentaire, que vous pouvez visionner ci-dessus. <\/p>\n<p> L&#039;installation lumineuse \u00ab Tribute in Light \u00bb illuminera la silhouette de Lower Manhattan et le World Trade Center \u00e0 New York le 10 septembre 2025.<\/p>\n<p> \u00ab Aucun \u00e9v\u00e9nement n&#039;a eu un impact plus important sur New York que le 11 septembre \u00bb, a d\u00e9clar\u00e9 Wilsey dans un communiqu\u00e9 \u00e0 Deadline. \u00ab Mais pour les millions de personnes qui ont \u00e9t\u00e9 t\u00e9moins de la trag\u00e9die, ce souvenir s&#039;estompe peu \u00e0 peu, et toute une g\u00e9n\u00e9ration d&#039;adultes n&#039;en a d\u00e9sormais qu&#039;une connaissance indirecte. \u00bb <em>\u00abIX XI\u00bb<\/em> \u00bb\u00a0[Le film] vise \u00e0 recr\u00e9er l\u2019intensit\u00e9 \u00e9motionnelle de cette journ\u00e9e. Les douze personnes qui y participent, \u00e0 travers leurs perspectives diverses, communiquent des pens\u00e9es sinc\u00e8res par-del\u00e0 les barri\u00e8res culturelles, politiques et sociales, ramenant les spectateurs \u00e0 cette journ\u00e9e la plus importante de l\u2019histoire de New York avec sinc\u00e9rit\u00e9 et une nouvelle compr\u00e9hension.\u00a0\u00bb.<\/p>\n<p> <em>Film &quot;IX XI&quot;\u00ab<\/em> R\u00e9alis\u00e9 par Sean Wilsey et produit par Krista Parris et Sean Wilsey. Productrice ex\u00e9cutive\u00a0: Paula Grant Berry. Montage\u00a0: Zara Serabyan Arthur, Otie Carlisle, Nick Seago, Liam Walsh, Tristan Daly, KD Davison et John Allen. Image\u00a0: Otie Carlisle, Ethan Palmer et Kurt Vincent\u00a0; musique\u00a0: Milena Ercke, Randall Poster et Mira Wilsey.<\/p>\n<p> Le film sera projet\u00e9 en avant-premi\u00e8re jeudi dans la section documentaire du Festival du film de Tribeca, avec des projections suppl\u00e9mentaires vendredi et samedi, ainsi que dimanche 14 juin. Visit Films en a acquis les droits et assure la distribution.<\/p>\n<p> Dans le programme du festival de Tribeca, Kara Cusumano, directrice du festival, \u00e9crit\u00a0: \u00ab\u00a0Bien que de nombreux actes de bravoure et d\u2019h\u00e9ro\u00efsme humain aient \u00e9t\u00e9 document\u00e9s le 11 septembre, <em>film IX XI<\/em> Le documentaire met en lumi\u00e8re la banalit\u00e9 de la vie avant ce jour tragique, ainsi que le caract\u00e8re unique de l&#039;exp\u00e9rience v\u00e9cue par chacun. Wilsey construit son documentaire \u00e0 partir d&#039;images d&#039;archives et de s\u00e9quences cin\u00e9matographiques, d\u00e9veloppant l&#039;id\u00e9e que les \u00e9v\u00e9nements traumatiques peuvent rassembler les gens de mani\u00e8re inattendue. <em>IX XI<\/em> demande une discussion ouverte sur l&#039;impact continu de cet \u00e9v\u00e9nement.<\/p>\n<p> Regardez la bande-annonce du film <em>\u00abIX XI\u00bb<\/em> plus haut.<\/p>\n<p> <strong>Le meilleur de Deadline<\/strong><\/p>\n<ul>\n<li>\n<p> Tout ce que nous savons jusqu&#039;\u00e0 pr\u00e9sent sur Toy Story 5.<\/p>\n<\/li>\n<li>\n<p> Quels romans d&#039;Emily Henry seront adapt\u00e9s \u00e0 l&#039;\u00e9cran\u00a0? \u00ab\u00a0The Happy Place\u00a0\u00bb, \u00ab\u00a0The Book Lovers\u00a0\u00bb, et d&#039;autres.<\/p>\n<\/li>\n<li>\n<p> Tout ce que nous savons jusqu&#039;\u00e0 pr\u00e9sent sur l&#039;adaptation cin\u00e9matographique du livre de plage d&#039;Emily Henry\u00ab<\/p>\n<\/li>\n<\/ul>\n<p> Abonnez-vous \u00e0 la newsletter Deadline. Pour les derni\u00e8res actualit\u00e9s, suivez-nous sur Facebook, Twitter et Instagram.<\/p>","protected":false},"excerpt":{"rendered":"<p>EXCLUSIF : Le 11 septembre, le pays comm\u00e9morera le 25e anniversaire des attentats terroristes contre le World Trade Center et le Pentagone \u2013 un \u00e9v\u00e9nement tragique \u00e0 jamais grav\u00e9 dans la m\u00e9moire de tous les Am\u00e9ricains qui l\u2019ont v\u00e9cu\u2026<\/p>","protected":false},"author":1,"featured_media":0,"comment_status":"open","ping_status":"closed","sticky":false,"template":"","format":"standard","meta":{"footnotes":""},"categories":[6],"tags":[],"class_list":["post-7418","post","type-post","status-publish","format-standard","hentry","category-kinoindustriya"],"_links":{"self":[{"href":"https:\/\/imgist.ru\/fr\/wp-json\/wp\/v2\/posts\/7418","targetHints":{"allow":["GET"]}}],"collection":[{"href":"https:\/\/imgist.ru\/fr\/wp-json\/wp\/v2\/posts"}],"about":[{"href":"https:\/\/imgist.ru\/fr\/wp-json\/wp\/v2\/types\/post"}],"author":[{"embeddable":true,"href":"https:\/\/imgist.ru\/fr\/wp-json\/wp\/v2\/users\/1"}],"replies":[{"embeddable":true,"href":"https:\/\/imgist.ru\/fr\/wp-json\/wp\/v2\/comments?post=7418"}],"version-history":[{"count":1,"href":"https:\/\/imgist.ru\/fr\/wp-json\/wp\/v2\/posts\/7418\/revisions"}],"predecessor-version":[{"id":151174,"href":"https:\/\/imgist.ru\/fr\/wp-json\/wp\/v2\/posts\/7418\/revisions\/151174"}],"wp:attachment":[{"href":"https:\/\/imgist.ru\/fr\/wp-json\/wp\/v2\/media?parent=7418"}],"wp:term":[{"taxonomy":"category","embeddable":true,"href":"https:\/\/imgist.ru\/fr\/wp-json\/wp\/v2\/categories?post=7418"},{"taxonomy":"post_tag","embeddable":true,"href":"https:\/\/imgist.ru\/fr\/wp-json\/wp\/v2\/tags?post=7418"}],"curies":[{"name":"wp","href":"https:\/\/api.w.org\/{rel}","templated":true}]}}