{"id":7932,"date":"2026-06-02T21:20:40","date_gmt":"2026-06-02T18:20:40","guid":{"rendered":"https:\/\/imgist.ru\/nastoyashhaya-prichina-po-kotoroj-charlz-i-kamilla-mogut-propustit-svadbu-pitera-fillipsa-po-soobshheniyam-kuzen-garri-zapretil-emu-prisutstvovat-na-torzhestve\/"},"modified":"2026-06-02T21:20:40","modified_gmt":"2026-06-02T18:20:40","slug":"la-veritable-raison-pour-laquelle-charles-et-camilla-risquent-de-manquer-le-mariage-de-peter-phillips-est-que-son-cousin-harry-lui-aurait-interdit-dy-assister","status":"publish","type":"post","link":"https:\/\/imgist.ru\/fr\/nastoyashhaya-prichina-po-kotoroj-charlz-i-kamilla-mogut-propustit-svadbu-pitera-fillipsa-po-soobshheniyam-kuzen-garri-zapretil-emu-prisutstvovat-na-torzhestve\/","title":{"rendered":"La v\u00e9ritable raison pour laquelle Charles et Camilla pourraient manquer le mariage de Peter Phillips\u00a0: le cousin de Harry lui aurait \u00ab\u00a0interdit\u00a0\u00bb d\u2019y assister."},"content":{"rendered":"<p>Les emplois du temps charg\u00e9s du roi Charles et de la reine Camilla pourraient entra\u00eener des conflits d&#039;horaire avec le mariage royal, qui a lieu en \u00e9t\u00e9.<\/p>\n<p> Le samedi 6 juin, Peter Phillips, fils de la princesse Anne, \u00e9pousera Harriet Spurling lors d&#039;une c\u00e9r\u00e9monie intime \u00e0 l&#039;\u00e9glise All Saints de Gloucestershire, en Angleterre. Bien que Charles et Camilla aient initialement \u00e9t\u00e9 pressentis pour y assister, ils ont un autre engagement pr\u00e9vu le m\u00eame jour.<\/p>\n<p> <strong>Plus d&#039;articles de StyleCaster<\/strong><\/p>\n<ul>\n<li>\n<p> Le \u00ab cadeau de Charles \u00e0 Camilla sur son lit de mort \u00bb a \u00e9t\u00e9 r\u00e9v\u00e9l\u00e9, des sources affirmant que le roi est devenu plus \u00ab \u00e9motif \u00bb en prenant conscience de sa mortalit\u00e9.<\/p>\n<\/li>\n<li>\n<p> Charles resterait roi jusqu&#039;\u00e0 sa mort, car William serait \u00ab d\u00e9vast\u00e9 \u00bb si le cancer de son p\u00e8re \u00ab s&#039;aggravait et qu&#039;il ne lui restait que quelques mois \u00e0 vivre \u00bb.<\/p>\n<\/li>\n<\/ul>\n<p> Selon le rapport du magazine <em>Bonjour!<\/em> Au 29 mai, Charles et Camilla pr\u00e9voient \u00e9galement d&#039;assister au Derby d&#039;Epsom Downs le 6 juin. Ce sera leur premi\u00e8re apparition \u00e0 cet \u00e9v\u00e9nement depuis leur accession au tr\u00f4ne.<\/p>\n<p> \u00ab Nous sommes ravis et honor\u00e9s que le Roi et la Reine se joignent \u00e0 nous \u00e0 l&#039;hippodrome d&#039;Epsom Downs le jour du Derby \u00bb, a d\u00e9clar\u00e9 Jim Allen, directeur g\u00e9n\u00e9ral de l&#039;hippodrome d&#039;Epsom Downs. \u00ab Leurs Majest\u00e9s ont manifest\u00e9 un grand enthousiasme, un vif int\u00e9r\u00eat et un soutien ind\u00e9fectible aux courses hippiques britanniques, et leur pr\u00e9sence la semaine prochaine sera un moment marquant pour toute notre \u00e9quipe et pour tous ceux qui sont associ\u00e9s \u00e0 l&#039;hippodrome. \u00bb.<\/p>\n<p> Au moment de la r\u00e9daction de cet article, la pr\u00e9sence de Charles et Camilla au mariage de Peter et Harriet reste incertaine. Cependant, le magazine <em>Bonjour!<\/em> Ils devraient assister \u00e0 la c\u00e9r\u00e9monie aux c\u00f4t\u00e9s d&#039;autres membres de la famille royale, notamment le prince William et Kate Middleton, la s\u0153ur de Peter, Zara Tindall, et son \u00e9poux Mike, ainsi que ses parents divorc\u00e9s, Anne et le capitaine Mark Phillips. Charles et Camilla ne devraient pas se rendre \u00e0 la r\u00e9ception.<\/p>\n<p> <strong>\u00c0 lire aussi\u00a0: Harry aurait \u00e9t\u00e9 \u00ab\u00a0humili\u00e9\u00a0\u00bb apr\u00e8s que son cousin lui aurait \u00ab\u00a0interdit\u00a0\u00bb d\u2019assister \u00e0 son \u00ab\u00a0mariage royal de l\u2019ann\u00e9e\u00a0\u00bb.<\/strong><\/p>\n<p> Cette nouvelle inattendue survient alors que des rumeurs circulent selon lesquelles Peter aurait interdit au prince Harry, le plus jeune fils du prince Charles, d&#039;assister \u00e0 son mariage. Mark Dolan, pr\u00e9sentateur de TalkTV, est r\u00e9cemment intervenu sur Sky News et a qualifi\u00e9 cet incident d&#039;\u00ab affront royal \u00bb, ajoutant : \u00ab C&#039;est le mariage royal de l&#039;ann\u00e9e, et c&#039;est celui du fils de la princesse Anne, Peter\u2026 et le fait est que Harry n&#039;a pas \u00e9t\u00e9 invit\u00e9. \u00bb.<\/p>\n<p> Dolan a \u00e9galement affirm\u00e9 que Harry avait \u00e9t\u00e9 \u00ab\u00a0exclu de l&#039;\u00e9v\u00e9nement\u00a0\u00bb parce que Peter \u00ab\u00a0ne veut pas qu&#039;Harry fasse la une des journaux\u00a0\u00bb. De plus, des responsables du palais estiment que la relation entre Harry et Meghan est \u00ab\u00a0toxique\u00a0\u00bb et risque de \u00ab\u00a0g\u00e2cher cette journ\u00e9e si sp\u00e9ciale\u00a0\u00bb.<\/p>\n<p> Sources proches <em>\u00e0 l&#039;\u00e9dition Closer,<\/em> Ce refus a laiss\u00e9 Harry \u00ab humili\u00e9 \u00bb et \u00ab le c\u0153ur bris\u00e9 \u00bb, selon les informations recueillies.<\/p>\n<p> \u00ab\u00a0Ne pas avoir \u00e9t\u00e9 invit\u00e9 au mariage de Peter Phillips a \u00e9t\u00e9 un coup dur pour Harry\u00a0\u00bb, a confi\u00e9 une source. \u00ab\u00a0Il adorait Peter depuis son enfance. Il l\u2019a toujours consid\u00e9r\u00e9 comme l\u2019un des membres les plus raisonnables et les plus dignes de confiance de la famille.\u00a0\u00bb.<\/p>\n<p> Ils ont ajout\u00e9 qu&#039;Harry \u00ab ne pensait vraiment pas que cela en arriverait l\u00e0 \u00bb et qu&#039;il \u00e9tait \u00ab profond\u00e9ment bless\u00e9 et humili\u00e9 \u00bb.<\/p>\n<p> \u00ab Mais la famille, et surtout William, estimait que l&#039;attention devait \u00eatre port\u00e9e sur Peter et Harriet. Personne ne souhaitait que les gros titres soient remplis de sp\u00e9culations sur Harry, Meghan et les dissensions familiales \u00bb, a poursuivi la source. \u00ab Harry est absolument convaincu d&#039;avoir \u00e9t\u00e9 mis \u00e0 l&#039;\u00e9cart et reproche en priv\u00e9 \u00e0 son p\u00e8re d&#039;avoir laiss\u00e9 faire. Harry a travaill\u00e9 bien plus dur en coulisses que ce que l&#039;on imagine, alors c&#039;est un v\u00e9ritable affront pour lui. \u00bb.<\/p>\n<p> <strong>Le meilleur de StyleCaster<\/strong><\/p>\n<ul>\n<li>\n<p> 26 com\u00e9dies romantiques incontournables pour comprendre l&#039;amour.<\/p>\n<\/li>\n<li>\n<p> Ces secrets et r\u00e8gles de The Bachelor prouvent qu&#039;il se passe bien plus de choses en coulisses.<\/p>\n<\/li>\n<li>\n<p> Les sept membres de BTS ont \u00e9t\u00e9 d\u00e9couverts de la mani\u00e8re la plus atypique.<\/p>\n<\/li>\n<\/ul>\n<p> Abonnez-vous \u00e0 la newsletter Stylecaster. Restez inform\u00e9(e) des derni\u00e8res actualit\u00e9s en nous suivant sur Facebook, Twitter et Instagram.<\/p>","protected":false},"excerpt":{"rendered":"<p>Les agendas charg\u00e9s du roi Charles et de la reine Camilla pourraient interf\u00e9rer avec le mariage royal cet \u00e9t\u00e9. Le samedi 6 juin, le fils de la princesse\u2026<\/p>","protected":false},"author":1,"featured_media":7933,"comment_status":"open","ping_status":"closed","sticky":false,"template":"","format":"standard","meta":{"footnotes":""},"categories":[5],"tags":[],"class_list":["post-7932","post","type-post","status-publish","format-standard","has-post-thumbnail","hentry","category-selebriti","hvn-theme-has-thumbnail"],"_links":{"self":[{"href":"https:\/\/imgist.ru\/fr\/wp-json\/wp\/v2\/posts\/7932","targetHints":{"allow":["GET"]}}],"collection":[{"href":"https:\/\/imgist.ru\/fr\/wp-json\/wp\/v2\/posts"}],"about":[{"href":"https:\/\/imgist.ru\/fr\/wp-json\/wp\/v2\/types\/post"}],"author":[{"embeddable":true,"href":"https:\/\/imgist.ru\/fr\/wp-json\/wp\/v2\/users\/1"}],"replies":[{"embeddable":true,"href":"https:\/\/imgist.ru\/fr\/wp-json\/wp\/v2\/comments?post=7932"}],"version-history":[{"count":0,"href":"https:\/\/imgist.ru\/fr\/wp-json\/wp\/v2\/posts\/7932\/revisions"}],"wp:featuredmedia":[{"embeddable":true,"href":"https:\/\/imgist.ru\/fr\/wp-json\/wp\/v2\/media\/7933"}],"wp:attachment":[{"href":"https:\/\/imgist.ru\/fr\/wp-json\/wp\/v2\/media?parent=7932"}],"wp:term":[{"taxonomy":"category","embeddable":true,"href":"https:\/\/imgist.ru\/fr\/wp-json\/wp\/v2\/categories?post=7932"},{"taxonomy":"post_tag","embeddable":true,"href":"https:\/\/imgist.ru\/fr\/wp-json\/wp\/v2\/tags?post=7932"}],"curies":[{"name":"wp","href":"https:\/\/api.w.org\/{rel}","templated":true}]}}