{"id":8087,"date":"2026-06-02T22:20:56","date_gmt":"2026-06-02T19:20:56","guid":{"rendered":"https:\/\/imgist.ru\/kej-dzhej-dillard-sdelal-otkrovennoe-priznanie-o-rasstavanii-so-svoej-devushkoj-daroj\/"},"modified":"2026-08-29T11:58:48","modified_gmt":"2026-08-29T08:58:48","slug":"kj-dillard-a-officialise-sa-rupture-avec-sa-petite-amie-daroj","status":"publish","type":"post","link":"https:\/\/imgist.ru\/fr\/kej-dzhej-dillard-sdelal-otkrovennoe-priznanie-o-rasstavanii-so-svoej-devushkoj-daroj\/","title":{"rendered":"KJ Dillard a enfin officialis\u00e9 sa rupture avec sa petite amie Dara."},"content":{"rendered":"<p>Vedette de la s\u00e9rie t\u00e9l\u00e9vis\u00e9e &quot;\u00ab <strong>Maison d&#039;\u00e9t\u00e9<\/strong> \u00bb <strong>KJ Dillard<\/strong> il a r\u00e9cemment fait une confession d\u00e9chirante concernant sa relation avec sa petite amie <strong>Daroy Levitan<\/strong> . Dans une conversation avec son coll\u00e8gue de la s\u00e9rie <strong>Karl Radke<\/strong> Dans son podcast \u00ab More Life \u00bb, Dillard, 28 ans, a r\u00e9v\u00e9l\u00e9 qu&#039;ils s&#039;\u00e9taient s\u00e9par\u00e9s au plus fort de ses probl\u00e8mes de sant\u00e9 mentale.<\/p>\n<p> KJ Dillard a fait une confession sinc\u00e8re sur sa relation avec Dara Levitan. Bravo | Charles Sykes<\/p>\n<p> Les t\u00e9l\u00e9spectateurs de Summer House ont vu Dillard et Levitan officialiser leur relation lors de la dixi\u00e8me saison. Cependant, Dillard a d\u00e9clar\u00e9 qu&#039;apr\u00e8s la fin du tournage, ils avaient fait une pause dans leur relation en raison de probl\u00e8mes de sant\u00e9 mentale de sa part.<\/p>\n<p> \u00ab Avant l&#039;\u00e9mission, je n&#039;allais pas bien. Le mannequinat \u00e9tait au point mort. J&#039;ai fait une pause pendant l&#039;\u00e9t\u00e9 pour me concentrer sur l&#039;\u00e9mission \u00bb, a d\u00e9clar\u00e9 Dillard. \u00ab Financi\u00e8rement, j&#039;\u00e9tais dans une situation catastrophique. Dara et moi avions des difficult\u00e9s car je reportais mes probl\u00e8mes sur elle. Je ne m&#039;en rendais m\u00eame pas compte. \u00bb.<\/p>\n<h2> KJ Dillard affirme que sa partenaire \u00e0 l&#039;\u00e9cran, Mia Calabrese, a convaincu Levitan de rompre avec lui. <\/h2>\n<p> Bravo | Brian Bedder<\/p>\n<p> Dillard a confi\u00e9 \u00e0 Radke que certains de ses probl\u00e8mes \u00e9taient aggrav\u00e9s par le fait qu&#039;il ne suivait pas de th\u00e9rapie \u00e0 ce moment-l\u00e0. \u00ab Je ne prenais qu&#039;un seul m\u00e9dicament contre l&#039;anxi\u00e9t\u00e9 et la d\u00e9pression, mais je ne savais pas que j&#039;avais un autre diagnostic \u00bb, a-t-il expliqu\u00e9.<\/p>\n<p> Plus tard dans la conversation, Dillard a d\u00e9clar\u00e9 que sa partenaire, Mia Calabrese, qu&#039;il appelait sa \u00ab s\u0153ur \u00bb, avait en fait convaincu Levitan de faire une pause dans sa collaboration avec Dillard afin qu&#039;il puisse se concentrer sur lui-m\u00eame.<\/p>\n<p> \u00ab Je crois que Dara allait rester\u2026 mais \u00e7a aurait \u00e9t\u00e9 mauvais pour nous deux \u00bb, a-t-il dit. \u00ab J\u2019avais besoin de temps parce qu\u2019apr\u00e8s l\u2019h\u00f4pital, je suis all\u00e9 en cure de d\u00e9sintoxication\u2026 et puis on s\u2019est s\u00e9par\u00e9s. \u00bb.<\/p>\n<h2> KJ Dillard pense que sa rupture avec Levitan \u00e9tait la meilleure chose \u00e0 faire. <\/h2>\n<p> Bravo | Jocelyn Prescod<\/p>\n<p> Dillard affirme que sa rupture avec Levitan a \u00e9t\u00e9 b\u00e9n\u00e9fique. \u00ab Avec le recul, je me rends compte que si Dara et moi avions continu\u00e9 \u00e0 sortir ensemble pendant ma cure de d\u00e9sintoxication, la situation aurait \u00e9t\u00e9 catastrophique \u00bb, a-t-il confi\u00e9 \u00e0 Radke. \u00ab J&#039;aurais tout fait pour sauver notre couple, au lieu de ma sant\u00e9. La d\u00e9sintoxication a chang\u00e9 ma vie. \u00bb.<\/p>\n<p> Selon un pr\u00e9c\u00e9dent article de The Blast, Dillard a r\u00e9v\u00e9l\u00e9 qu&#039;il avait \u00e9t\u00e9 diagnostiqu\u00e9 comme souffrant d&#039;un trouble de la personnalit\u00e9 limite lors de la premi\u00e8re partie de la r\u00e9union de la saison 10 de Summer House.<\/p>\n<p> \u00ab J\u2019ai travers\u00e9 une p\u00e9riode tr\u00e8s difficile sur le plan mental cet automne \u00bb, a d\u00e9clar\u00e9 Dillard. \u00ab J\u2019ai m\u00eame d\u00fb \u00eatre hospitalis\u00e9e pour automutilation et j\u2019y ai pass\u00e9 une semaine. \u00bb.<\/p>\n<p> Dans un autre passage de son discours, Dillard a d\u00e9clar\u00e9 \u00e0 l&#039;animateur Andy Cohen qu&#039;il \u00e9tait reconnaissant d&#039;\u00eatre en vie et entour\u00e9 d&#039;amour.<\/p>\n<p> \u00ab Chacun ici m&#039;a t\u00e9moign\u00e9 son soutien \u00e0 sa mani\u00e8re, et je l&#039;appr\u00e9cie \u00bb, a confi\u00e9 Dillard. \u00ab Je suis \u00e9galement tr\u00e8s reconnaissante au public de son accueil, car c&#039;est ma v\u00e9rit\u00e9, vous savez, et je ne vais pas mentir sur ce que je traverse, surtout si cela peut aider d&#039;autres personnes. \u00bb.<\/p>\n<h2> Dillard a parl\u00e9 ouvertement de ses relations tendues avec West Wilson. <\/h2>\n<p> Bravo | Clifton Prescod<\/p>\n<p> Lors d&#039;une conversation avec Radke, Dillard a \u00e9galement \u00e9voqu\u00e9 ses relations tendues avec West Wilson. Bien que Wilson l&#039;ait invit\u00e9 \u00e0 l&#039;\u00e9mission, Dillard a confirm\u00e9 qu&#039;ils n&#039;\u00e9taient plus proches. Leur relation s&#039;est d\u00e9t\u00e9rior\u00e9e apr\u00e8s que Wilson a officialis\u00e9 sa liaison avec Amanda Batula.<\/p>\n<p> \u00ab Je sais que tout le monde fait des erreurs. Croyez-moi, je suis quelqu&#039;un de compr\u00e9hensif \u00bb, a d\u00e9clar\u00e9 Dillard. \u00ab J&#039;ai fait beaucoup d&#039;erreurs, et les gens ont \u00e9t\u00e9 compr\u00e9hensifs, mais lui, il ne semble pas tirer de le\u00e7ons de ses erreurs. \u00bb.<\/p>\n<p> Dillard a d\u00e9clar\u00e9 qu&#039;il entendait constamment des choses sur Wilson et qu&#039;il s&#039;interrogeait sur ses motivations. \u00ab Je me dis juste : &quot;Fr\u00e8re, qu&#039;est-ce qui se passe ? Es-tu vraiment d\u00e9sol\u00e9 ?&quot; \u201e<\/p>\n<p> Il a poursuivi : \u00ab Mon p\u00e8re s&#039;est excus\u00e9 aupr\u00e8s de moi et a dit : &quot;Je le ferai. Je ferai mieux.&quot; Mais cela se reproduit sans cesse. On ne comprend vraiment pas ce qui se passe. \u201e.<\/p>\n<h2> Wilson et Batula ont publi\u00e9 une d\u00e9claration commune. <\/h2>\n<p> Bravo | Kareem Black<\/p>\n<p> Selon The Blast, Wilson et Batula ont d\u00e9clar\u00e9 que leur rencontre \u00e9tait inattendue.<\/p>\n<p> \u00ab Nous nous sommes soutenus mutuellement en tant qu&#039;amis pendant de nombreuses ann\u00e9es, dans les bons comme dans les mauvais moments, et ce qui s&#039;est pass\u00e9 r\u00e9cemment \u00e9tait la derni\u00e8re chose \u00e0 laquelle nous nous attendions. Notre lien s&#039;est forg\u00e9 sur une amiti\u00e9 sinc\u00e8re et de longue date, il \u00e9tait donc particuli\u00e8rement important pour nous d&#039;aborder cette situation avec d\u00e9licatesse \u00bb, pouvait-on lire dans leur communiqu\u00e9 commun.<\/p>\n<p> La deuxi\u00e8me partie des retrouvailles de &quot;Summer House&quot; sera diffus\u00e9e ce soir sur Bravo \u00e0 20h00 heure de l&#039;Est.<\/p>\n<p> L&#039;article \u00ab KJ Dillard fait une confession sinc\u00e8re sur sa rupture avec sa petite amie Dara \u00bb est paru initialement sur The Blast.<\/p>","protected":false},"excerpt":{"rendered":"<p>KJ Dillard, star de la s\u00e9rie \u00ab Summer House \u00bb, a r\u00e9cemment fait une confession bouleversante concernant sa relation avec sa petite amie Dara Levitan. Lors d&#039;une conversation avec\u2026<\/p>","protected":false},"author":1,"featured_media":8088,"comment_status":"open","ping_status":"closed","sticky":false,"template":"","format":"standard","meta":{"footnotes":""},"categories":[5],"tags":[],"class_list":["post-8087","post","type-post","status-publish","format-standard","has-post-thumbnail","hentry","category-selebriti","hvn-theme-has-thumbnail"],"_links":{"self":[{"href":"https:\/\/imgist.ru\/fr\/wp-json\/wp\/v2\/posts\/8087","targetHints":{"allow":["GET"]}}],"collection":[{"href":"https:\/\/imgist.ru\/fr\/wp-json\/wp\/v2\/posts"}],"about":[{"href":"https:\/\/imgist.ru\/fr\/wp-json\/wp\/v2\/types\/post"}],"author":[{"embeddable":true,"href":"https:\/\/imgist.ru\/fr\/wp-json\/wp\/v2\/users\/1"}],"replies":[{"embeddable":true,"href":"https:\/\/imgist.ru\/fr\/wp-json\/wp\/v2\/comments?post=8087"}],"version-history":[{"count":5,"href":"https:\/\/imgist.ru\/fr\/wp-json\/wp\/v2\/posts\/8087\/revisions"}],"predecessor-version":[{"id":151937,"href":"https:\/\/imgist.ru\/fr\/wp-json\/wp\/v2\/posts\/8087\/revisions\/151937"}],"wp:featuredmedia":[{"embeddable":true,"href":"https:\/\/imgist.ru\/fr\/wp-json\/wp\/v2\/media\/8088"}],"wp:attachment":[{"href":"https:\/\/imgist.ru\/fr\/wp-json\/wp\/v2\/media?parent=8087"}],"wp:term":[{"taxonomy":"category","embeddable":true,"href":"https:\/\/imgist.ru\/fr\/wp-json\/wp\/v2\/categories?post=8087"},{"taxonomy":"post_tag","embeddable":true,"href":"https:\/\/imgist.ru\/fr\/wp-json\/wp\/v2\/tags?post=8087"}],"curies":[{"name":"wp","href":"https:\/\/api.w.org\/{rel}","templated":true}]}}